{"id":118983,"date":"2025-01-09T00:57:58","date_gmt":"2025-01-08T21:57:58","guid":{"rendered":"https:\/\/www.tgrthaber.com\/mavikadin\/?p=118983"},"modified":"2025-01-09T12:18:10","modified_gmt":"2025-01-09T09:18:10","slug":"unlu-isimlerden-ayse-barim-paylasimlari-sektor-ikiye-bolundu","status":"publish","type":"post","link":"https:\/\/www.tgrthaber.com\/mavikadin\/unlu-isimlerden-ayse-barim-paylasimlari-sektor-ikiye-bolundu\/","title":{"rendered":"\u00dcnl\u00fc isimlerden Ay\u015fe Bar\u0131m payla\u015f\u0131mlar\u0131! Sekt\u00f6r ikiye b\u00f6l\u00fcnd\u00fc"},"content":{"rendered":"<p>Ay\u015fe Bar\u0131m g\u00fcndeme \u00e7ok skandal bir iddia ile geldi. G\u00fcndeme adeta bomba gibi d\u00fc\u015fen iddia sonras\u0131 ise \u00fcnl\u00fc isimler payla\u015f\u0131m yapmaya ba\u015flad\u0131. Konuya ili\u015fkin kimi isimler Ay\u015fe Bar\u0131m&#8217;\u0131n yan\u0131nda durup ona destek verirken kimisi de bu konuda b\u00fcy\u00fck ele\u015ftirel payla\u015f\u0131mlar yapt\u0131. Herkesin ilgisini \u00e7eken skandal iddialar bir s\u00fcre daha \u00e7ok konu\u015fulacak gibi g\u00f6r\u00fcn\u00fcyor. Ay\u015fe Bar\u0131m&#8217;a destek veren isimlerden y\u00f6netimini yapt\u0131\u011f\u0131 ID \u0130leti\u015fim&#8217;in oyuncular\u0131 olmas\u0131 da herkesin ilgisini \u00e7ekti.<\/p>\n<h3>\u00dcNL\u00dc \u0130S\u0130MLERDEN AY\u015eE BARIM PAYLA\u015eIMLARI<\/h3>\n<p>G\u00fcndeme skandal bir iddia d\u00fc\u015ft\u00fc. Bu iddia ise \u00fcnl\u00fc d\u00fcnyas\u0131n\u0131 fena kar\u0131\u015ft\u0131rd\u0131. Oyuncular aras\u0131nda krize neden olan iddia sonras\u0131 Ay\u015fe Bar\u0131m a\u00e7\u0131klama yapmak zorunda kal\u0131rken Serenay Sar\u0131kaya da iddialar\u0131n oda\u011f\u0131ndaki isim olarak yer ald\u0131. Herkesin \u015fok oldu\u011fu iddialarda ID \u0130leti\u015fimin y\u00f6neticilerinden Ay\u015fe Bar\u0131m bir e\u015f cinsel sanat\u00e7\u0131n\u0131n sevgilisinden 5 milyon dolar para ald\u0131\u011f\u0131 y\u00f6n\u00fcnde. Bu paray\u0131 iddialara g\u00f6re Ay\u015fe Bar\u0131m sanat\u00e7\u0131yla bir oyuncunun a\u015fk senaryosu olu\u015fturulmas\u0131 i\u00e7in verilmi\u015f. Ay\u015fe Bar\u0131m ve ID ileti\u015fim olaya ili\u015fkin a\u00e7\u0131klamay\u0131 hemen yapt\u0131 ve dava s\u00fcrecine girildi\u011fini duyurdu.<\/p>\n<p><img loading=\"lazy\" decoding=\"async\" class=\"alignnone size-full wp-image-118993\" src=\"https:\/\/www.tgrthaber.com\/mavikadin\/wp-content\/uploads\/mavikadin-60.jpg\" alt=\"\" width=\"1920\" height=\"1080\" title=\"\" srcset=\"https:\/\/www.tgrthaber.com\/mavikadin\/wp-content\/uploads\/mavikadin-60.jpg 1920w, https:\/\/www.tgrthaber.com\/mavikadin\/wp-content\/uploads\/mavikadin-60-300x169.jpg 300w, https:\/\/www.tgrthaber.com\/mavikadin\/wp-content\/uploads\/mavikadin-60-1024x576.jpg 1024w, https:\/\/www.tgrthaber.com\/mavikadin\/wp-content\/uploads\/mavikadin-60-768x432.jpg 768w, https:\/\/www.tgrthaber.com\/mavikadin\/wp-content\/uploads\/mavikadin-60-1536x864.jpg 1536w\" sizes=\"(max-width: 1920px) 100vw, 1920px\" \/><\/p>\n<hr \/>\n<p>2002 y\u0131l\u0131ndan beri oyuncular\u0131n sekt\u00f6re hizmetini sa\u011flad\u0131\u011f\u0131n\u0131 belirten y\u00f6netim iddialar\u0131 yalanlad\u0131. B\u00fcy\u00fck yank\u0131 uyand\u0131ran haber sonras\u0131 ise sekt\u00f6rde \u00fcnl\u00fc isimler olaya ili\u015fkin yorumlar\u0131n\u0131 sosyal medya hesaplar\u0131ndan payla\u015ft\u0131. Burcu Biricik, Afra Sara\u00e7o\u011flu, Metin Akd\u00fclger, Hazal Kaya, Serenay Sar\u0131kaya gibi isimlerden baz\u0131lar\u0131 ajansa destek verirken baz\u0131lar\u0131 da &#8216;magazin \u00e7ukuruna d\u00fc\u015ft\u00fck&#8217; yazd\u0131. Sekt\u00f6r\u00fc ikiye b\u00f6len bu iddialar sonras\u0131 bir\u00e7ok \u00fcnl\u00fc isim sosyal medyada a\u00e7\u0131klama yapt\u0131. Hazal Kaya ve Serenay Sar\u0131kaya ajans\u0131n oyuncular\u0131 oldu\u011fu i\u00e7in ajans lehine payla\u015f\u0131mlar\u0131n\u0131 yapt\u0131 ancak Burcu Biricik ve Afra Sara\u00e7ol\u011fu&#8217;nun hangi tarafta oldu\u011fu tam belli olmasa da bu iddialar\u0131n sekt\u00f6rde b\u00fcy\u00fck yaralar a\u00e7t\u0131\u011f\u0131n\u0131 ve sitem etti\u011fi g\u00f6r\u00fcl\u00fcyor.<\/p>\n<p><img loading=\"lazy\" decoding=\"async\" class=\"alignnone size-full wp-image-118994\" src=\"https:\/\/www.tgrthaber.com\/mavikadin\/wp-content\/uploads\/mavikadin-61.jpg\" alt=\"\" width=\"1920\" height=\"1080\" title=\"\" srcset=\"https:\/\/www.tgrthaber.com\/mavikadin\/wp-content\/uploads\/mavikadin-61.jpg 1920w, https:\/\/www.tgrthaber.com\/mavikadin\/wp-content\/uploads\/mavikadin-61-300x169.jpg 300w, https:\/\/www.tgrthaber.com\/mavikadin\/wp-content\/uploads\/mavikadin-61-1024x576.jpg 1024w, https:\/\/www.tgrthaber.com\/mavikadin\/wp-content\/uploads\/mavikadin-61-768x432.jpg 768w, https:\/\/www.tgrthaber.com\/mavikadin\/wp-content\/uploads\/mavikadin-61-1536x864.jpg 1536w\" sizes=\"(max-width: 1920px) 100vw, 1920px\" \/><\/p>\n<hr \/>\n<p>Burcu Biricik yapt\u0131\u011f\u0131 payla\u015f\u0131mda &#8216; Ah biz&#8230; Niye b\u00f6yleyiz biz? \u015eu an sekt\u00f6rdeki tekelle\u015fmeyi, nas\u0131l domine edildi\u011fini, mesleki eti\u011fi ahlak\u0131, bu koca sekt\u00f6rde var olmaya nefes almaya mesle\u011fini icra etmeye \u00e7al\u0131\u015fan fakat bir t\u00fcrl\u00fc f\u0131rsat yarat\u0131lmayan yarat\u0131lmad\u0131\u011f\u0131 gibi k\u00f6stek olunan onlarca yetenekli sekt\u00f6r insan\u0131n\u0131 o koca pastan\u0131n dilimlerini s\u00fcrekli olarak kimlerin payla\u015ft\u0131\u011f\u0131n\u0131 konu\u015fmam\u0131z gerekirken biz yine magazin \u00e7ukuruna d\u00fc\u015ft\u00fck&#8230;&#8217; yazd\u0131.<\/p>\n<p>\u0130\u015fte di\u011fer \u00fcnl\u00fclerin Ay\u015fe Bar\u0131m&#8217;a destek payla\u015f\u0131mlar\u0131&#8230;<\/p>\n<figure id=\"attachment_119114\" aria-describedby=\"caption-attachment-119114\" style=\"width: 1208px\" class=\"wp-caption alignnone\"><img loading=\"lazy\" decoding=\"async\" class=\"wp-image-119114\" src=\"https:\/\/www.tgrthaber.com\/mavikadin\/wp-content\/uploads\/Adsiz-tasarim-5-21-1024x576.jpg\" alt=\"\u00dcnl\u00fclerden Ay\u015fe Bar\u0131m payla\u015f\u0131m\u0131\" width=\"1208\" height=\"680\" title=\"\" srcset=\"https:\/\/www.tgrthaber.com\/mavikadin\/wp-content\/uploads\/Adsiz-tasarim-5-21-1024x576.jpg 1024w, https:\/\/www.tgrthaber.com\/mavikadin\/wp-content\/uploads\/Adsiz-tasarim-5-21-300x169.jpg 300w, https:\/\/www.tgrthaber.com\/mavikadin\/wp-content\/uploads\/Adsiz-tasarim-5-21-768x432.jpg 768w, https:\/\/www.tgrthaber.com\/mavikadin\/wp-content\/uploads\/Adsiz-tasarim-5-21-1536x864.jpg 1536w, https:\/\/www.tgrthaber.com\/mavikadin\/wp-content\/uploads\/Adsiz-tasarim-5-21.jpg 1600w\" sizes=\"(max-width: 1208px) 100vw, 1208px\" \/><figcaption id=\"caption-attachment-119114\" class=\"wp-caption-text\">\u00dcnl\u00fclerden Ay\u015fe Bar\u0131m payla\u015f\u0131m\u0131<\/figcaption><\/figure>\n<p>&nbsp;<\/p>\n<hr \/>\n<p>Ay\u015fe Bar\u0131m olay\u0131n\u0131 ele\u015ftirenlerden bir di\u011feri ise \u00dcmit Erdim ve Seray Kaya oldu. \u00dcnl\u00fc oyuncular sosyal medya hesaplar\u0131ndan yapt\u0131\u011f\u0131 payla\u015f\u0131mla tekelle\u015fme konusuna de\u011findi.<\/p>\n<p><img loading=\"lazy\" decoding=\"async\" class=\"alignnone wp-image-119124\" src=\"https:\/\/www.tgrthaber.com\/mavikadin\/wp-content\/uploads\/Adsiz-tasarim-22-22-1024x576.jpg\" alt=\"\u00dcnl\u00fclerden Ay\u015fe Bar\u0131m payla\u015f\u0131m\u0131\" width=\"1208\" height=\"680\" title=\"\" srcset=\"https:\/\/www.tgrthaber.com\/mavikadin\/wp-content\/uploads\/Adsiz-tasarim-22-22-1024x576.jpg 1024w, https:\/\/www.tgrthaber.com\/mavikadin\/wp-content\/uploads\/Adsiz-tasarim-22-22-300x169.jpg 300w, https:\/\/www.tgrthaber.com\/mavikadin\/wp-content\/uploads\/Adsiz-tasarim-22-22-768x432.jpg 768w, https:\/\/www.tgrthaber.com\/mavikadin\/wp-content\/uploads\/Adsiz-tasarim-22-22-1536x864.jpg 1536w, https:\/\/www.tgrthaber.com\/mavikadin\/wp-content\/uploads\/Adsiz-tasarim-22-22.jpg 1600w\" sizes=\"(max-width: 1208px) 100vw, 1208px\" \/><\/p>\n<p>&nbsp;<\/p>\n<hr \/>\n<p>Afra Sara\u00e7o\u011flu&#8217;da bu yaz\u0131y\u0131 ayn\u0131s\u0131 gibi alarak kendi sosyal medyas\u0131nda payla\u015ft\u0131. Herkesin ilgisini \u00e7eken bu olaylarda oyuncu sekt\u00f6r\u00fcnde ikiye b\u00f6l\u00fcnme de dikkat \u00e7ekti. Bir kesim de ID \u0130leti\u015fim&#8217;in arkas\u0131nda durarak bu as\u0131ls\u0131z iddialar\u0131 yalanlad\u0131. Hazal Kaya da ajans\u0131n\u0131n arkas\u0131nda durarak payla\u015f\u0131m yapan isimlerden biri oldu.<\/p>\n<p>Hazal Kaya payla\u015f\u0131m\u0131nda: B\u00f6yle dayanaks\u0131z mesnetsiz, kan\u0131ts\u0131z, delilsiz &#8216;\u00f6yle duyduk, zaten biliyorduk&#8217; gibi z\u0131rvalarla b\u00f6yle b\u00fcy\u00fck iftiralar atamazs\u0131n\u0131z kimseye. G\u00fcc\u00fcn\u00fc akl\u0131ndan fikrinden ve en \u00f6nemlisi vizyonundan alan bir kad\u0131ndan rahats\u0131z oluyorsunuz diye b\u00f6yle b\u0131\u00e7aklamaya \u00e7al\u0131\u015famazs\u0131n\u0131z. S\u0131rf ba\u015far\u0131l\u0131 g\u00fczel yetenekli ve hayat\u0131 diledi\u011fi gibi ya\u015f\u0131yor diye kad\u0131nlara bedel \u00f6detme yar\u0131\u015f\u0131na giremezsiniz. Kald\u0131 ki rakamlarla \u00f6l\u00e7\u00fclen bir ba\u015far\u0131dan bahsediyorum. Yoksa be\u011fenirsiniz be\u011fenmezsiniz o sizin bilece\u011finiz \u015fey. Ama ger\u00e7ekleri de\u011fi\u015ftiremezsiniz. Zaten niyeyse bu a\u015fa\u011f\u0131lama de\u011fersizle\u015ftirme \u00e7aptan d\u00fc\u015f\u00fcrme \u00e7abalar\u0131na yaln\u0131zca kad\u0131nlar i\u00e7in giriyorsunuz. Yeteneksiz buldu\u011funuz erkek oyuncular\u0131 ama yak\u0131\u015f\u0131kl\u0131 diyerek muhakkak akl\u0131yorsunuz. \u015eu an bu kad\u0131nlara uygulanan \u015fiddetin \u015fu demek oldu\u011funu g\u00f6r\u00fcn: istedi\u011fimiz zaman bir dedikoduyla aln\u0131na yap\u0131\u015ft\u0131r\u0131r\u0131z etiketi. Hay\u0131r efendim yap\u0131\u015ft\u0131ramazs\u0131n\u0131z. \u0130lk \u00e7\u0131kan haberlerin dili midemi buland\u0131r\u0131yor. Yaz\u0131klar olsun. En \u00e7ok da bu ta\u015f\u0131n kendisine de\u011fmeyece\u011fini d\u00fc\u015f\u00fcnen hemcinslerime meslekta\u015flar\u0131ma&#8230;&#8217; yazd\u0131.<\/p>\n<p><img loading=\"lazy\" decoding=\"async\" class=\"alignnone wp-image-118996\" src=\"https:\/\/www.tgrthaber.com\/mavikadin\/wp-content\/uploads\/Ekran-goruntusu-2025-01-09-005211.png\" alt=\"\" width=\"1208\" height=\"802\" title=\"\" srcset=\"https:\/\/www.tgrthaber.com\/mavikadin\/wp-content\/uploads\/Ekran-goruntusu-2025-01-09-005211.png 1050w, https:\/\/www.tgrthaber.com\/mavikadin\/wp-content\/uploads\/Ekran-goruntusu-2025-01-09-005211-300x199.png 300w, https:\/\/www.tgrthaber.com\/mavikadin\/wp-content\/uploads\/Ekran-goruntusu-2025-01-09-005211-1024x680.png 1024w, https:\/\/www.tgrthaber.com\/mavikadin\/wp-content\/uploads\/Ekran-goruntusu-2025-01-09-005211-768x510.png 768w\" sizes=\"(max-width: 1208px) 100vw, 1208px\" \/><\/p>\n<hr \/>\n<p>Hazal Kaya bu s\u00f6zleriyle arkada\u015f\u0131 Serenay Sar\u0131kaya ve Ay\u015fe Bar\u0131m&#8217;\u0131n yan\u0131nda oldu\u011funu olay\u0131n kad\u0131na \u015fiddet oldu\u011funu s\u00f6yledi. \u00dcnl\u00fc d\u00fcnyas\u0131n\u0131 ikiye b\u00f6len olay Ay\u015fe Bar\u0131m&#8217;\u0131n dava sonucuna ve olaya ili\u015fkin kan\u0131tlar\u0131n ortaya \u00e7\u0131kmas\u0131na g\u00f6re de\u011fi\u015fkenlik g\u00f6sterecek gibi g\u00f6r\u00fcn\u00fcyor.<\/p>\n","protected":false},"excerpt":{"rendered":"<p>Ay\u015fe Bar\u0131m ve Serenay Sar\u0131kaya hakk\u0131nda \u00e7\u0131kan olay iddialar sonras\u0131 \u00fcnl\u00fc d\u00fcnyas\u0131 ikiye b\u00f6l\u00fcnd\u00fc. Bir kesim Ay\u015fe Bar\u0131m&#8217;\u0131n yan\u0131nda olurken bir kesim ise sekt\u00f6rde tekelle\u015fme y\u00fcz\u00fcnden yeteneklerin yok oldu\u011funu s\u00f6yledi. <\/p>\n","protected":false},"author":25,"featured_media":118997,"comment_status":"closed","ping_status":"closed","sticky":false,"template":"","format":"standard","meta":{"rank_math_lock_modified_date":false,"footnotes":""},"categories":[76],"tags":[2778,7462,5606,2773,7518,2688],"class_list":["post-118983","post","type-post","status-publish","format-standard","has-post-thumbnail","hentry","category-magazin","tag-afra-saracoglu","tag-ayse-barim","tag-burcu-biricik","tag-hazal-kaya","tag-id-iletisim","tag-serenay-sarikaya"],"_links":{"self":[{"href":"https:\/\/www.tgrthaber.com\/mavikadin\/wp-json\/wp\/v2\/posts\/118983"}],"collection":[{"href":"https:\/\/www.tgrthaber.com\/mavikadin\/wp-json\/wp\/v2\/posts"}],"about":[{"href":"https:\/\/www.tgrthaber.com\/mavikadin\/wp-json\/wp\/v2\/types\/post"}],"author":[{"embeddable":true,"href":"https:\/\/www.tgrthaber.com\/mavikadin\/wp-json\/wp\/v2\/users\/25"}],"replies":[{"embeddable":true,"href":"https:\/\/www.tgrthaber.com\/mavikadin\/wp-json\/wp\/v2\/comments?post=118983"}],"version-history":[{"count":5,"href":"https:\/\/www.tgrthaber.com\/mavikadin\/wp-json\/wp\/v2\/posts\/118983\/revisions"}],"predecessor-version":[{"id":119125,"href":"https:\/\/www.tgrthaber.com\/mavikadin\/wp-json\/wp\/v2\/posts\/118983\/revisions\/119125"}],"wp:featuredmedia":[{"embeddable":true,"href":"https:\/\/www.tgrthaber.com\/mavikadin\/wp-json\/wp\/v2\/media\/118997"}],"wp:attachment":[{"href":"https:\/\/www.tgrthaber.com\/mavikadin\/wp-json\/wp\/v2\/media?parent=118983"}],"wp:term":[{"taxonomy":"category","embeddable":true,"href":"https:\/\/www.tgrthaber.com\/mavikadin\/wp-json\/wp\/v2\/categories?post=118983"},{"taxonomy":"post_tag","embeddable":true,"href":"https:\/\/www.tgrthaber.com\/mavikadin\/wp-json\/wp\/v2\/tags?post=118983"}],"curies":[{"name":"wp","href":"https:\/\/api.w.org\/{rel}","templated":true}]}}