{"id":119000,"date":"2025-01-09T02:20:42","date_gmt":"2025-01-08T23:20:42","guid":{"rendered":"https:\/\/www.tgrthaber.com\/mavikadin\/?p=119000"},"modified":"2025-01-09T09:13:45","modified_gmt":"2025-01-09T06:13:45","slug":"esarp-ve-sal-lekeleri-nasil-cikar-kumasta-parfum-fondoten-ve-ter-lekelerini-aninda-geciren-yontem","status":"publish","type":"post","link":"https:\/\/www.tgrthaber.com\/mavikadin\/esarp-ve-sal-lekeleri-nasil-cikar-kumasta-parfum-fondoten-ve-ter-lekelerini-aninda-geciren-yontem\/","title":{"rendered":"E\u015farp ve \u015fal lekeleri nas\u0131l \u00e7\u0131kar? Kuma\u015fta parf\u00fcm, fond\u00f6ten ve ter lekelerini an\u0131nda ge\u00e7iren y\u00f6ntem!"},"content":{"rendered":"<p>E\u015fsiz dokusu ve g\u00f6z al\u0131c\u0131 parlakl\u0131\u011f\u0131yla adeta &#8216;ben buraday\u0131m&#8217; diyen ipek t\u00fcr\u00fc giysi ve aksesuarlar\u0131n d\u0131\u015f\u0131nda ipek \u015fal ve e\u015farplarda g\u00fcn\u00fcm\u00fczde gardroplar\u0131n vazge\u00e7ilmez par\u00e7alar\u0131 haline gelmi\u015ftir. \u0130pek \u015fal ve e\u015farplar kimi tesett\u00fcrl\u00fc kad\u0131nlar\u0131n g\u00fcndelik hayatlar\u0131nda s\u0131kl\u0131kla tercih etti\u011fi par\u00e7alardan olsa da kimileri kaygan bir yap\u0131ya sahip oldu\u011fu i\u00e7in pek rahat edemeyip tercihini daha sert yap\u0131da olan Twil ipeklerden yana kullan\u0131r.<\/p>\n<p>\u0130ki t\u00fcrl\u00fcs\u00fc de ba\u015fka bir g\u00fczel olan bu gibi kuma\u015flar\u0131n ilk g\u00fcnk\u00fc gibi g\u00f6z al\u0131c\u0131 parlakl\u0131kta, temiz ve uzun \u00f6m\u00fcrl\u00fc kalabilmesi i\u00e7in do\u011fru ve etkili bir temizlik \u015fartt\u0131r.<\/p>\n<p>\u00d6zellikle de g\u00fcndelik ya\u015fant\u0131s\u0131 i\u00e7erisinde parf\u00fcm ya da fond\u00f6ten gibi kozmetik \u00fcr\u00fcn kullananlar\u0131n \u00e7ok daha dikkat etmesi gereken bir durum olan \u015fal ve e\u015farp temizli\u011finde do\u011fru y\u00f6ntemlerin uygulanmas\u0131 olduk\u00e7a \u00f6nemlidir. Kaza ile de olsa istemd\u0131\u015f\u0131 kuma\u015fta geli\u015fen lekelenmeler durumunda \u015fal ve e\u015farplar\u0131n nas\u0131l temizlenmesi gerekti\u011fi konusunda \u00f6nemli p\u00fcf noktalar\u0131 sizlere derledik.<\/p>\n<h3>E\u015eARPTAK\u0130 LEKELER NASIL \u00c7IKAR? E\u015eARP LEKES\u0130NE DO\u011eAL Y\u00d6NTEM!<\/h3>\n<p>Es kaza yanl\u0131\u015fl\u0131kla e\u015farba ya da \u015fala do\u011fru yak\u0131ndan s\u0131k\u0131lan bir parf\u00fcm ne yaz\u0131k ki h\u00fcsranla sonu\u00e7lanabilir. Parf\u00fcm p\u00fcsk\u00fcrt\u00fclerinin kuma\u015fta kal\u0131c\u0131 bir \u015fekilde leke olarak kalmas\u0131 her ne kadar istenmeyen bir durum olsa da elbette bununda \u00e7\u00f6z\u00fcm\u00fc var.<\/p>\n<p><img loading=\"lazy\" decoding=\"async\" class=\"wp-image-119031\" src=\"https:\/\/www.tgrthaber.com\/mavikadin\/wp-content\/uploads\/esarptaki-lekeler-nasil-cikar.png\" alt=\"e\u015farptaki lekeler nas\u0131l \u00e7\u0131kar\" width=\"1208\" height=\"676\" title=\"\" srcset=\"https:\/\/www.tgrthaber.com\/mavikadin\/wp-content\/uploads\/esarptaki-lekeler-nasil-cikar.png 777w, https:\/\/www.tgrthaber.com\/mavikadin\/wp-content\/uploads\/esarptaki-lekeler-nasil-cikar-300x168.png 300w, https:\/\/www.tgrthaber.com\/mavikadin\/wp-content\/uploads\/esarptaki-lekeler-nasil-cikar-768x430.png 768w\" sizes=\"(max-width: 1208px) 100vw, 1208px\" \/><\/p>\n<hr \/>\n<p>\u00d6zellikle de renkli parf\u00fcmlerin ard\u0131nda kalan parf\u00fcm lekelerini \u00e7\u0131karmak i\u00e7in e\u015farp ya da \u015fal temizli\u011finde \u015fu y\u00f6ntemleri uygulayabilirsiniz;<\/p>\n<h3>\u015eAL VE E\u015eARPTA PARF\u00dcM LEKES\u0130 NASIL \u00c7IKAR? PARF\u00dcM \u0130Z\u0130N\u0130 YOK ETMEK \u0130\u00c7\u0130N&#8230;<\/h3>\n<h3>SO\u011eUK SU VE SABUN \u0130K\u0130L\u0130S\u0130:<\/h3>\n<p>\u0130lk olarak e\u015farb\u0131 ya da \u015fal\u0131 so\u011fuk suyla nemlendirin, ard\u0131ndan parf\u00fcm lekesinin oldu\u011fu yere renksiz sabunu nazik\u00e7e s\u00fcr\u00fcn ve parmaklar\u0131n\u0131zla kibarca ovalay\u0131n.<\/p>\n<h3>S\u0130RKE VE SU:<\/h3>\n<p>1 \u00f6l\u00e7\u00fc kadar beyaz sirkeyi 2 \u00f6l\u00e7\u00fc suyla kar\u0131\u015ft\u0131r\u0131n. Temiz bir bez ya da pamukla kar\u0131\u015f\u0131mdan al\u0131p parf\u00fcm lekesinin \u00fczerine do\u011fru b\u00f6lgeye uygulay\u0131n. Son a\u015famada e\u015farb\u0131 so\u011fuk suya bat\u0131r\u0131p \u00e7\u0131kart\u0131n.<\/p>\n<h3>PUDRA:<\/h3>\n<p>G\u00fcndelik ya\u015fant\u0131m\u0131z i\u00e7erisinde bildi\u011fimiz bebeklerde kulland\u0131\u011f\u0131m\u0131z pudray\u0131 biraz \u0131slat\u0131p e\u015farp ya da \u015fal \u00fczerinde 1 saat kadar bekletin ve y\u0131kay\u0131n.<\/p>\n<h3>\u015eALDAK\u0130 LEKELER NASIL \u00c7IKAR? \u015eAL LEKELER\u0130NDEN KURTULMANIN DO\u011eAL Y\u00d6NTEM\u0130!<\/h3>\n<p>G\u00fcndelik ya\u015fant\u0131n\u0131z i\u00e7erisinde y\u00fcz\u00fcn\u00fczde \u00e7ok s\u0131k fond\u00f6ten kullan\u0131yorsan\u0131z ve bir de bu s\u00fcre\u00e7 kavurucu yaz s\u0131caklar\u0131na ilaveten terlemelerle e\u015flik ediyorsa; \u015fal\u0131n\u0131za ya da e\u015farb\u0131n\u0131za fond\u00f6ten bula\u015fmamas\u0131 neredeyse imkans\u0131z!<\/p>\n<p><img loading=\"lazy\" decoding=\"async\" class=\"wp-image-119033\" src=\"https:\/\/www.tgrthaber.com\/mavikadin\/wp-content\/uploads\/fss-1.png\" alt=\"\u015faldaki lekeler nas\u0131l \u00e7\u0131kar\" width=\"1208\" height=\"673\" title=\"\" srcset=\"https:\/\/www.tgrthaber.com\/mavikadin\/wp-content\/uploads\/fss-1.png 783w, https:\/\/www.tgrthaber.com\/mavikadin\/wp-content\/uploads\/fss-1-300x167.png 300w, https:\/\/www.tgrthaber.com\/mavikadin\/wp-content\/uploads\/fss-1-768x428.png 768w\" sizes=\"(max-width: 1208px) 100vw, 1208px\" \/><\/p>\n<hr \/>\n<p>Kuma\u015f \u00fczerinde kurudu\u011funda \u00e7\u0131kmas\u0131 \u00e7ok daha g\u00fc\u00e7 bir hal alan fond\u00f6ten lekelerinden kurtulmak i\u00e7in erken davranmak lekeyi \u00e7\u0131kartma anlam\u0131nda \u015fans\u0131n\u0131z\u0131 artt\u0131rabilir. Peki e\u015farp ya da \u015faldaki fond\u00f6ten lekesini nas\u0131l m\u0131 \u00e7\u0131karacaks\u0131n\u0131z? \u0130\u015fte \u015f\u00f6yle&#8230;<\/p>\n<h3>FOND\u00d6TEN LEKES\u0130NE &#8216;BEYAZ S\u0130RKE&#8217; \u00c7\u00d6Z\u00dcM\u00dc<\/h3>\n<p>Fond\u00f6tenin leke olarak kald\u0131\u011f\u0131 \u015fal ya da e\u015farpta lekeli b\u00f6l\u00fcme bir miktar beyaz sirke d\u00f6k\u00fcp birka\u00e7 dakika kadar bekleyin. Ard\u0131ndan lekeyi \u00e7ok hafif bir \u015fekilde \u00e7itileme hareketi yapar gibi kuma\u015f\u0131 birbirine s\u00fcrtmelisiniz.<\/p>\n<p>Daha sonra yap\u0131lmas\u0131 gereken ise \u00e7ama\u015f\u0131r makinesine at\u0131p \u00fcr\u00fcn\u00fc en d\u00fc\u015f\u00fck s\u0131cakl\u0131kta s\u0131kt\u0131rmadan y\u0131kamakt\u0131r.<\/p>\n<h3>TIRA\u015e K\u00d6P\u00dc\u011e\u00dc:<\/h3>\n<p>E\u015farp ya da \u015faldaki fond\u00f6ten lekesi \u00e7\u0131karma yollar\u0131ndan biri de t\u0131ra\u015f k\u00f6p\u00fc\u011f\u00fcd\u00fcr. T\u0131ra\u015f k\u00f6p\u00fc\u011f\u00fcn\u00fc \u015fal\u0131n\u0131z\u0131n fond\u00f6ten lekeli k\u0131sm\u0131na s\u0131k\u0131n ve bekletin. Daha sonra \u015fal\u0131 tekrardan \u00e7ama\u015f\u0131r makinesine at\u0131n.<\/p>\n<p><img loading=\"lazy\" decoding=\"async\" class=\"alignnone wp-image-119034\" src=\"https:\/\/www.tgrthaber.com\/mavikadin\/wp-content\/uploads\/rww-1.png\" alt=\"\" width=\"1208\" height=\"671\" title=\"\" srcset=\"https:\/\/www.tgrthaber.com\/mavikadin\/wp-content\/uploads\/rww-1.png 776w, https:\/\/www.tgrthaber.com\/mavikadin\/wp-content\/uploads\/rww-1-300x167.png 300w, https:\/\/www.tgrthaber.com\/mavikadin\/wp-content\/uploads\/rww-1-768x427.png 768w\" sizes=\"(max-width: 1208px) 100vw, 1208px\" \/><\/p>\n<hr \/>\n<h3>\u015eAL VE E\u015eARPTA TER LEKES\u0130 NASIL \u00c7IKAR? KUMA\u015eTA TER LEKES\u0130N\u0130 \u00c7IKARMANIN Y\u00d6NTEM\u0130<\/h3>\n<p>Kuma\u015f \u00fczerinde g\u00f6r\u00fclen ter lekelerini \u00e7\u0131karman\u0131n en do\u011fal ve g\u00fcvenilir \u00e7\u00f6z\u00fcmlerinden birisi de karbonatt\u0131r. Karbonat, ter lekelerini n\u00f6tralize etmesini sa\u011flayarak \u015fal ya da e\u015farptaki kuma\u015f\u0131n \u00fczerindeki ya\u011fl\u0131 kal\u0131nt\u0131lar\u0131 temizler.<\/p>\n<p>E\u015farptan ter lekesini \u00e7\u0131karmak i\u00e7in bir yemek ka\u015f\u0131\u011f\u0131 karbonat\u0131 biraz suyla kar\u0131\u015ft\u0131rarak macun k\u0131vam\u0131na getirin ve ter b\u00f6lgesine s\u00fcr\u00fcp bekletin. Son a\u015famada \u0131l\u0131k su ile durulay\u0131p elde ya da makinede hassas programda y\u0131kay\u0131n.<\/p>\n","protected":false},"excerpt":{"rendered":"<p>Tesett\u00fcrl\u00fc kad\u0131nlar\u0131n g\u00fcndelik hayatlar\u0131nda kulland\u0131klar\u0131 e\u015farp ve \u015fallarda bazen ter, parf\u00fcm ya da fond\u00f6ten gibi istenmeyen lekelenmelere maruz kal\u0131nabilir. E\u015farp ve \u015fallardaki lekeleri kolay yoldan \u00e7\u0131karabilmeniz i\u00e7in baz\u0131 p\u00fcf noktalar\u0131 sizlere derledik. Peki e\u015farptaki lekeler nas\u0131l \u00e7\u0131kar? \u015ealdaki ter, parf\u00fcm ve fond\u00f6ten lekelerini \u00e7\u0131karman\u0131n form\u00fcl\u00fc&#8230;<\/p>\n","protected":false},"author":27,"featured_media":119035,"comment_status":"closed","ping_status":"closed","sticky":false,"template":"","format":"standard","meta":{"rank_math_lock_modified_date":false,"footnotes":""},"categories":[1305],"tags":[7533,7529,7530,7523,7532,7531],"class_list":["post-119000","post","type-post","status-publish","format-standard","has-post-thumbnail","hentry","category-moda","tag-esarp","tag-esarpta-fondoten-lekesi-nasil-cikar","tag-parfum-lekesi","tag-sal-ve-esarp-temizligi","tag-salda-fondoten-lekesi","tag-ter-lekesi-nasil-cikar"],"_links":{"self":[{"href":"https:\/\/www.tgrthaber.com\/mavikadin\/wp-json\/wp\/v2\/posts\/119000"}],"collection":[{"href":"https:\/\/www.tgrthaber.com\/mavikadin\/wp-json\/wp\/v2\/posts"}],"about":[{"href":"https:\/\/www.tgrthaber.com\/mavikadin\/wp-json\/wp\/v2\/types\/post"}],"author":[{"embeddable":true,"href":"https:\/\/www.tgrthaber.com\/mavikadin\/wp-json\/wp\/v2\/users\/27"}],"replies":[{"embeddable":true,"href":"https:\/\/www.tgrthaber.com\/mavikadin\/wp-json\/wp\/v2\/comments?post=119000"}],"version-history":[{"count":2,"href":"https:\/\/www.tgrthaber.com\/mavikadin\/wp-json\/wp\/v2\/posts\/119000\/revisions"}],"predecessor-version":[{"id":119063,"href":"https:\/\/www.tgrthaber.com\/mavikadin\/wp-json\/wp\/v2\/posts\/119000\/revisions\/119063"}],"wp:featuredmedia":[{"embeddable":true,"href":"https:\/\/www.tgrthaber.com\/mavikadin\/wp-json\/wp\/v2\/media\/119035"}],"wp:attachment":[{"href":"https:\/\/www.tgrthaber.com\/mavikadin\/wp-json\/wp\/v2\/media?parent=119000"}],"wp:term":[{"taxonomy":"category","embeddable":true,"href":"https:\/\/www.tgrthaber.com\/mavikadin\/wp-json\/wp\/v2\/categories?post=119000"},{"taxonomy":"post_tag","embeddable":true,"href":"https:\/\/www.tgrthaber.com\/mavikadin\/wp-json\/wp\/v2\/tags?post=119000"}],"curies":[{"name":"wp","href":"https:\/\/api.w.org\/{rel}","templated":true}]}}