{"id":119149,"date":"2025-01-09T14:29:14","date_gmt":"2025-01-09T11:29:14","guid":{"rendered":"https:\/\/www.tgrthaber.com\/mavikadin\/?p=119149"},"modified":"2025-01-09T14:29:15","modified_gmt":"2025-01-09T11:29:15","slug":"wanda-nara-l-ganteyi-de-mi-aldatti-mauro-icardiden-soke-eden-iddialar","status":"publish","type":"post","link":"https:\/\/www.tgrthaber.com\/mavikadin\/wanda-nara-l-ganteyi-de-mi-aldatti-mauro-icardiden-soke-eden-iddialar\/","title":{"rendered":"Wanda Nara L-Gante\u2019yi de mi aldatt\u0131? Mauro Icardi\u2019den \u015foke eden iddialar"},"content":{"rendered":"<p>Galatasaray\u2019\u0131n Arjantinli ba\u015far\u0131l\u0131 futbolcusu Mauro Icardi, sosyal medyada yapt\u0131\u011f\u0131 payla\u015f\u0131mlarla \u015foke eden iddialarda bulundu. Icardi\u2019nin iddialar\u0131 kar\u015f\u0131s\u0131nda Wanda Nara\u2019n\u0131n L-Gante\u2019yi aldat\u0131p aldatmad\u0131\u011f\u0131 merak edildi. Peki, Wanda Nara L-Gante\u2019yi de mi aldatt\u0131? Mauro Icardi\u2019den \u015foke eden iddialar\u2026<\/p>\n<h3>WANDA NARA L-GANTE\u2019Y\u0130 DE M\u0130 ALDATTI?<\/h3>\n<p>Galatasaray\u2019\u0131n y\u0131ld\u0131z futbolcusu Mauro Icardi, Wanda Nara ayr\u0131l\u0131\u011f\u0131ndan sonra yeni a\u015fka yelken a\u00e7t\u0131 ve k\u0131z arkada\u015f\u0131 China Suarez ile olan foto\u011fraflar\u0131n\u0131 sosyal medya hesab\u0131ndan payla\u015ft\u0131. Icardi, bununla yetinmedi Wanda Nara\u2019y\u0131 yerden yere vurdu. Instagram hesab\u0131ndan 4 sayfal\u0131k ve 15 maddelik a\u00e7\u0131klama yapan Icardi, Wanda Nara\u2019n\u0131n L-Gante\u2019yi de aldatt\u0131\u011f\u0131n\u0131 dile getirdi.<\/p>\n<p><img loading=\"lazy\" decoding=\"async\" class=\"alignnone wp-image-119153\" src=\"https:\/\/www.tgrthaber.com\/mavikadin\/wp-content\/uploads\/Adsiz-tasarim-35-16-1024x576.jpg\" alt=\"Wanda Nara L-Gante\u2019yi de mi aldatt\u0131? \" width=\"1208\" height=\"680\" title=\"\" srcset=\"https:\/\/www.tgrthaber.com\/mavikadin\/wp-content\/uploads\/Adsiz-tasarim-35-16-1024x576.jpg 1024w, https:\/\/www.tgrthaber.com\/mavikadin\/wp-content\/uploads\/Adsiz-tasarim-35-16-300x169.jpg 300w, https:\/\/www.tgrthaber.com\/mavikadin\/wp-content\/uploads\/Adsiz-tasarim-35-16-768x432.jpg 768w, https:\/\/www.tgrthaber.com\/mavikadin\/wp-content\/uploads\/Adsiz-tasarim-35-16-1536x864.jpg 1536w, https:\/\/www.tgrthaber.com\/mavikadin\/wp-content\/uploads\/Adsiz-tasarim-35-16.jpg 1600w\" sizes=\"(max-width: 1208px) 100vw, 1208px\" \/><\/p>\n<hr \/>\n<p>Instagram hesab\u0131ndan 4 sayfal\u0131k ve 15 maddelik a\u00e7\u0131klamalarda bulunan Mauro Icardi, Wanda Nara\u2019n\u0131n payla\u015f\u0131mlar\u0131na ithafen \u201cO yalanlara inanmaya daha ne kadar devam edeceksiniz\u201d s\u00f6zlerini kulland\u0131. Icardi\u2019nin yapt\u0131\u011f\u0131 a\u00e7\u0131klamalarda tarih belirtmesi de g\u00f6zlerden ka\u00e7mad\u0131.<\/p>\n<h3>MAURO ICARD\u0130\u2019DEN \u015eOKE EDEN \u0130DD\u0130ALAR!<\/h3>\n<p>Wanda Nara ile bo\u015fanma a\u015famas\u0131nda olan Galatasaray\u2019\u0131n y\u0131ld\u0131z futbolcusu Mauro Icardi, bo\u015fanma s\u00fcrecine ili\u015fkin a\u00e7\u0131klamalarda bulundu. Ge\u00e7ti\u011fimiz g\u00fcnlerde Wanda Nara sevgilisi L-Gante\u2019den ayr\u0131lm\u0131\u015f ve Mauro Icardi ile olan foto\u011fraflar\u0131n\u0131 Instagram hesab\u0131na geri y\u00fcklemi\u015fti. Bunun \u00fczerine Nara\u2019n\u0131n Icardi\u2019ye bar\u0131\u015fma teklifinde bulundu\u011fu iddia edildi. Icardi\u2019nin ise \u201cBunu daha \u00f6nce d\u00fc\u015f\u00fcnmeliydin\u201d diyerek Wanda\u2019ya rest \u00e7ekti\u011fi s\u00f6ylenmi\u015fti.<\/p>\n<p><img loading=\"lazy\" decoding=\"async\" class=\"alignnone wp-image-119154\" src=\"https:\/\/www.tgrthaber.com\/mavikadin\/wp-content\/uploads\/Adsiz-tasarim-32-18-1024x576.jpg\" alt=\"Wanda Nara L-Gante\u2019yi de mi aldatt\u0131? \" width=\"1208\" height=\"680\" title=\"\" srcset=\"https:\/\/www.tgrthaber.com\/mavikadin\/wp-content\/uploads\/Adsiz-tasarim-32-18-1024x576.jpg 1024w, https:\/\/www.tgrthaber.com\/mavikadin\/wp-content\/uploads\/Adsiz-tasarim-32-18-300x169.jpg 300w, https:\/\/www.tgrthaber.com\/mavikadin\/wp-content\/uploads\/Adsiz-tasarim-32-18-768x432.jpg 768w, https:\/\/www.tgrthaber.com\/mavikadin\/wp-content\/uploads\/Adsiz-tasarim-32-18-1536x864.jpg 1536w, https:\/\/www.tgrthaber.com\/mavikadin\/wp-content\/uploads\/Adsiz-tasarim-32-18.jpg 1600w\" sizes=\"(max-width: 1208px) 100vw, 1208px\" \/><\/p>\n<hr \/>\n<p>Bu iddialar\u0131n ard\u0131ndan \u00fcnl\u00fc futbolcu Mauro Icardi, Instagram hesab\u0131ndan yapt\u0131\u011f\u0131 payla\u015f\u0131mla \u00e7e\u015fitli a\u00e7\u0131klamalarda bulundu. 4 sayfa 15 maddelik yapt\u0131\u011f\u0131 a\u00e7\u0131klamada Icardi, \u00e7ocuklar\u0131n\u0131n Nara taraf\u0131ndan hep yaln\u0131z b\u0131rak\u0131ld\u0131\u011f\u0131n\u0131 ve kendisinin s\u00fcrekli aldat\u0131ld\u0131\u011f\u0131n\u0131 belirterek L-Gante\u2019ye \u00e7a\u011fr\u0131da bulundu. L-Gante\u2019nin de aldat\u0131ld\u0131\u011f\u0131n\u0131 dile getiren Icardi, ya\u015fanan olaylar\u0131 tarihleriyle a\u00e7\u0131klad\u0131. \u0130\u015fte Icardi\u2019nin Instagram hesab\u0131ndan yapt\u0131\u011f\u0131 4 sayfal\u0131k ve 15 maddelik a\u00e7\u0131klamalar\u2026<\/p>\n<h3>\u201cYALANLARLA NE ZAMANA KADAR YA\u015eAMAK \u0130ST\u0130YORUZ?\u201d<\/h3>\n<p>Instagram hesab\u0131ndan \u00e7e\u015fitli a\u00e7\u0131klamalarda bulunan Mauro Icardi, 15 maddelik a\u00e7\u0131klamas\u0131ndan \u00f6nce \u015fu ifadeleri kulland\u0131:<\/p>\n<p><img loading=\"lazy\" decoding=\"async\" class=\"alignnone wp-image-119155\" src=\"https:\/\/www.tgrthaber.com\/mavikadin\/wp-content\/uploads\/Adsiz-tasarim-34-19-1024x576.jpg\" alt=\"Wanda Nara L-Gante\u2019yi de mi aldatt\u0131? \" width=\"1208\" height=\"680\" title=\"\" srcset=\"https:\/\/www.tgrthaber.com\/mavikadin\/wp-content\/uploads\/Adsiz-tasarim-34-19-1024x576.jpg 1024w, https:\/\/www.tgrthaber.com\/mavikadin\/wp-content\/uploads\/Adsiz-tasarim-34-19-300x169.jpg 300w, https:\/\/www.tgrthaber.com\/mavikadin\/wp-content\/uploads\/Adsiz-tasarim-34-19-768x432.jpg 768w, https:\/\/www.tgrthaber.com\/mavikadin\/wp-content\/uploads\/Adsiz-tasarim-34-19-1536x864.jpg 1536w, https:\/\/www.tgrthaber.com\/mavikadin\/wp-content\/uploads\/Adsiz-tasarim-34-19.jpg 1600w\" sizes=\"(max-width: 1208px) 100vw, 1208px\" \/><\/p>\n<hr \/>\n<p>\u201cHerkesin bildi\u011fi gibi, k\u0131zlar\u0131mla ilgili konularda herhangi bir \u015fey payla\u015fmak benim tarz\u0131m de\u011fildir. Bir yarg\u0131\u00e7 ve \u00c7ocuk Haklar\u0131 Koruyucusu&#8217;nun talimatlar\u0131 do\u011frultusunda bug\u00fcne kadar bu konuda sessiz kald\u0131k. Ancak, k\u0131zlar\u0131m\u0131n annesinin yapt\u0131\u011f\u0131 t\u00fcm ac\u0131mas\u0131z yalanlara cevap vermek zorunda hissediyorum, \u00e7\u00fcnk\u00fc sessizli\u011fimle bu sapk\u0131n iftiralar\u0131n do\u011fru oldu\u011funu kabul etmi\u015f olmamak ad\u0131na&#8230; Yalanlarla ne zamana kadar ya\u015famak istiyoruz?\u201d<\/p>\n<h3>\u201c\u00c7\u00dcNK\u00dc ANNE, AVRUPA\u2019DA\u00a0\u2018SEVG\u0130L\u0130S\u0130YLE\u2019\u00a0SEYAHATTEYD\u0130.\u201d<\/h3>\n<p>Mauro Icardi\u2019nin, Instagram hesab\u0131ndan yay\u0131nlad\u0131\u011f\u0131 a\u00e7\u0131klamalar s\u0131ras\u0131yla \u015fu \u015fekilde:<\/p>\n<p>1) Beni, bana kar\u015f\u0131 yap\u0131lan as\u0131ls\u0131z bir \u015fiddet su\u00e7lamas\u0131yla kendi dairemden uzakla\u015ft\u0131rd\u0131lar.<\/p>\n<p>2) Bir cumartesi gecesi, dizimdeki sakatl\u0131\u011f\u0131m i\u00e7in ameliyat olmama saatler kala, Santa B\u00e1rbara\u2019da, bir ba\u015fka as\u0131ls\u0131z \u015fiddet ve silah bulundurma su\u00e7lamas\u0131yla evime bask\u0131n yap\u0131ld\u0131. Bask\u0131n sonucu negatif \u00e7\u0131kt\u0131. Silah\u0131m yoktu, kimseye zarar vermedim ve yaln\u0131z ba\u015f\u0131ma uyuyordum.<\/p>\n<p><img loading=\"lazy\" decoding=\"async\" class=\"alignnone wp-image-119151\" src=\"https:\/\/www.tgrthaber.com\/mavikadin\/wp-content\/uploads\/Adsiz-tasarim-30-17-1024x576.jpg\" alt=\"Wanda Nara L-Gante\u2019yi de mi aldatt\u0131? \" width=\"1208\" height=\"680\" title=\"\" srcset=\"https:\/\/www.tgrthaber.com\/mavikadin\/wp-content\/uploads\/Adsiz-tasarim-30-17-1024x576.jpg 1024w, https:\/\/www.tgrthaber.com\/mavikadin\/wp-content\/uploads\/Adsiz-tasarim-30-17-300x169.jpg 300w, https:\/\/www.tgrthaber.com\/mavikadin\/wp-content\/uploads\/Adsiz-tasarim-30-17-768x432.jpg 768w, https:\/\/www.tgrthaber.com\/mavikadin\/wp-content\/uploads\/Adsiz-tasarim-30-17-1536x864.jpg 1536w, https:\/\/www.tgrthaber.com\/mavikadin\/wp-content\/uploads\/Adsiz-tasarim-30-17.jpg 1600w\" sizes=\"(max-width: 1208px) 100vw, 1208px\" \/><\/p>\n<hr \/>\n<p>3) K\u0131zlar\u0131m\u0131 13\/12 tarihinde bana teslim etmeleri gerekiyordu ancak telefonlar\u0131m\u0131 17\/12\u2019ye kadar kapatt\u0131lar. \u00c7\u00fcnk\u00fc anne, Avrupa\u2019da\u00a0\u2018sevgilisiyle\u2019\u00a0seyahatteydi. Bu ki\u015finin \u00fc\u00e7 y\u0131ld\u0131r bir ili\u015fki i\u00e7inde olduklar\u0131n\u0131, kendisi h\u00e2l\u00e2 benimle evliyken canl\u0131 yay\u0131nda do\u011frulad\u0131lar ve k\u0131zlar\u0131m\u0131za onun sadece\u00a0\u2018B\u0130R ARKADA\u015e\u2019\u00a0oldu\u011funu s\u00f6yledi\u2026 (Ama h\u00e2l\u00e2 ba\u015fkalar\u0131n\u0131 su\u00e7luyorlar, ne ikiy\u00fczl\u00fcl\u00fck de\u011fil mi?)<\/p>\n<h3>\u201cHER ZAMANK\u0130 G\u00d6STER\u0130\u015eL\u0130 YA\u015eAM TARZI \u0130\u00c7\u0130N PARASI VARDI\u201d<\/h3>\n<p>4) 25\/12 tarihinde\u00a0\u2018Amerika\u2019n\u0131n annesi\u2019\u00a0adaletin karar\u0131yla k\u0131zlar\u0131n\u0131 almak zorundayd\u0131\u2026 K\u0131zlar Noel\u2019i babalar\u0131yla, y\u0131lba\u015f\u0131n\u0131 ise anneleriyle ge\u00e7irecekti. Ancak han\u0131mefendi istedi\u011fini alamad\u0131\u011f\u0131 i\u00e7in k\u0131rg\u0131n bir \u015fekilde k\u0131zlar\u0131n\u0131 almaya gitmedi ve Punta del Este\u2019ye gitti. Gerek\u00e7e olarak 10 milyon pesoluk kefalet paras\u0131n\u0131 \u00f6deyemeyece\u011fini s\u00f6yledi ama \u00f6zel u\u00e7ak ve her zamanki g\u00f6steri\u015fli ya\u015fam tarz\u0131 i\u00e7in paras\u0131 vard\u0131.<\/p>\n<p><img loading=\"lazy\" decoding=\"async\" class=\"alignnone wp-image-119159\" src=\"https:\/\/www.tgrthaber.com\/mavikadin\/wp-content\/uploads\/Adsiz-tasarim-41-17-1024x576.jpg\" alt=\"Mauro Icardi\u2019den \u015foke eden iddialar\" width=\"1208\" height=\"680\" title=\"\" srcset=\"https:\/\/www.tgrthaber.com\/mavikadin\/wp-content\/uploads\/Adsiz-tasarim-41-17-1024x576.jpg 1024w, https:\/\/www.tgrthaber.com\/mavikadin\/wp-content\/uploads\/Adsiz-tasarim-41-17-300x169.jpg 300w, https:\/\/www.tgrthaber.com\/mavikadin\/wp-content\/uploads\/Adsiz-tasarim-41-17-768x432.jpg 768w, https:\/\/www.tgrthaber.com\/mavikadin\/wp-content\/uploads\/Adsiz-tasarim-41-17-1536x864.jpg 1536w, https:\/\/www.tgrthaber.com\/mavikadin\/wp-content\/uploads\/Adsiz-tasarim-41-17.jpg 1600w\" sizes=\"(max-width: 1208px) 100vw, 1208px\" \/><\/p>\n<hr \/>\n<p>\u00dcstelik birka\u00e7 g\u00fcn \u00f6nce \u0130talyan hesab\u0131na 10 bin dolar yat\u0131rm\u0131\u015ft\u0131m. B\u00f6ylece k\u0131zlar\u0131na verdi\u011fi, onlar\u0131 almaya gelece\u011fi s\u00f6z\u00fcn\u00fc tutmad\u0131 ve haz\u0131rlanm\u0131\u015f bavullar\u0131yla onlar\u0131 ortada b\u0131rakt\u0131\u2026 Bense onun bu terk edi\u015fi kar\u015f\u0131s\u0131nda hi\u00e7 teredd\u00fct etmeden arkada\u015flar\u0131mla y\u0131lba\u015f\u0131 plan\u0131m\u0131 iptal ettim ve k\u0131zlar\u0131mla kald\u0131m\u2026 T\u0131pk\u0131 son iki y\u0131ld\u0131r yapt\u0131\u011f\u0131m gibi\u2026 \u00c7\u00fcnk\u00fc bu s\u00fcre boyunca han\u0131mefendi k\u0131zlar\u0131ndan \u00e7ok kendi hayat\u0131n\u0131 \u00f6nceliklendirmeyi se\u00e7ti\u2026<\/p>\n<p><img loading=\"lazy\" decoding=\"async\" class=\"alignnone wp-image-119156\" src=\"https:\/\/www.tgrthaber.com\/mavikadin\/wp-content\/uploads\/Adsiz-tasarim-33-17-1024x576.jpg\" alt=\"Wanda Nara L-Gante\u2019yi de mi aldatt\u0131? \" width=\"1208\" height=\"680\" title=\"\" srcset=\"https:\/\/www.tgrthaber.com\/mavikadin\/wp-content\/uploads\/Adsiz-tasarim-33-17-1024x576.jpg 1024w, https:\/\/www.tgrthaber.com\/mavikadin\/wp-content\/uploads\/Adsiz-tasarim-33-17-300x169.jpg 300w, https:\/\/www.tgrthaber.com\/mavikadin\/wp-content\/uploads\/Adsiz-tasarim-33-17-768x432.jpg 768w, https:\/\/www.tgrthaber.com\/mavikadin\/wp-content\/uploads\/Adsiz-tasarim-33-17-1536x864.jpg 1536w, https:\/\/www.tgrthaber.com\/mavikadin\/wp-content\/uploads\/Adsiz-tasarim-33-17.jpg 1600w\" sizes=\"(max-width: 1208px) 100vw, 1208px\" \/><\/p>\n<hr \/>\n<p>5) Tatili bitti\u011finde k\u0131zlar\u0131m\u0131 bana zorla vermemi dayatmaya \u00e7al\u0131\u015ft\u0131. Oysa bu 20 g\u00fcn boyunca k\u0131zlar\u0131m\u0131 telefonla manip\u00fcle etmeye \u00e7al\u0131\u015fm\u0131\u015ft\u0131, \u00e7\u00fcnk\u00fc k\u0131zlar kendileri bana annelerinin evine gitmek istemediklerini s\u00f6yl\u00fcyorlard\u0131. Babalar\u0131n\u0131n evinde mutlu olduklar\u0131n\u0131, ailevi, e\u011flenceli bir ortamda ya\u015f\u0131yor olduklar\u0131n\u0131 dile getiriyorlard\u0131. Anneleri hakk\u0131nda hi\u00e7bir k\u00f6t\u00fc veya a\u015fa\u011f\u0131lay\u0131c\u0131 s\u00f6z s\u00f6ylenmedi\u011fi bir ortamdayd\u0131lar.<\/p>\n<p>6) Yetmezmi\u015f gibi, k\u0131zlar\u0131na 05\/01 tarihinde onlar\u0131 almaya gelece\u011fini s\u00f6yleyerek bir kez daha s\u00f6z\u00fcn\u00fc tutmad\u0131. K\u0131zlar g\u00fczelce giyinip heyecanla onu beklediler. Ama bir kez daha onlar\u0131 ortada b\u0131rakt\u0131. Ancak 06\/01 tarihinde avukatlar\u0131m\u0131n m\u00fcdahalesi sayesinde onun istedi\u011fi bir benzin istasyonunda k\u0131zlar\u0131n\u0131 ona teslim edebildim.<\/p>\n<h3>\u201cBEN ASLA KIZLARIMA ANNELER\u0130 HAKKINDA K\u00d6T\u00dc KONU\u015eMAM\u201d<\/h3>\n<p>7) Ben asla k\u0131zlar\u0131ma anneleri hakk\u0131nda k\u00f6t\u00fc konu\u015fmam\u2026 Onlara, annelerinin ailesini \u00fc\u00e7 y\u0131l boyunca sevgilisi olan bir ki\u015fi y\u00fcz\u00fcnden da\u011f\u0131tt\u0131\u011f\u0131n\u0131 ve bu ki\u015fiyi sonunda\u00a0\u2018erkek arkada\u015f\u0131\u2019\u00a0olarak kabul etti\u011fini anlatmam. Ve bu y\u00fczden k\u0131zlar T\u00fcrkiye\u2019de okula giderken iki y\u0131l boyunca Arjantin\u2019e yerle\u015fti\u011fini anlatmam. Hatta\u2026 Sadece o ki\u015finin hapiste oldu\u011fu \u00fc\u00e7 ay boyunca Arjantin\u2019de olmad\u0131\u011f\u0131n\u0131 da anlatmam.<\/p>\n<p><img loading=\"lazy\" decoding=\"async\" class=\"alignnone wp-image-119152\" src=\"https:\/\/www.tgrthaber.com\/mavikadin\/wp-content\/uploads\/Adsiz-tasarim-31-18-1024x576.jpg\" alt=\"Wanda Nara L-Gante\u2019yi de mi aldatt\u0131? \" width=\"1208\" height=\"680\" title=\"\" srcset=\"https:\/\/www.tgrthaber.com\/mavikadin\/wp-content\/uploads\/Adsiz-tasarim-31-18-1024x576.jpg 1024w, https:\/\/www.tgrthaber.com\/mavikadin\/wp-content\/uploads\/Adsiz-tasarim-31-18-300x169.jpg 300w, https:\/\/www.tgrthaber.com\/mavikadin\/wp-content\/uploads\/Adsiz-tasarim-31-18-768x432.jpg 768w, https:\/\/www.tgrthaber.com\/mavikadin\/wp-content\/uploads\/Adsiz-tasarim-31-18-1536x864.jpg 1536w, https:\/\/www.tgrthaber.com\/mavikadin\/wp-content\/uploads\/Adsiz-tasarim-31-18.jpg 1600w\" sizes=\"(max-width: 1208px) 100vw, 1208px\" \/><\/p>\n<hr \/>\n<p>8) Dipnot: O sevgilisine de \u015funu s\u00f6ylemek isterim ki, kendisi de t\u0131pk\u0131 benim gibi aldat\u0131ld\u0131\u2026 \u00c7\u00fcnk\u00fc Ocak 2023\u2019te kendisi Senegal as\u0131ll\u0131 bir futbolcuyla Dubai\u2019de bulu\u015ftu. Bu, o\u011flumuzun do\u011fum g\u00fcn\u00fc olan 25\/01\/23 tarihinde ger\u00e7ekle\u015fti. O g\u00fcn o\u011flumuzun do\u011fum g\u00fcn\u00fc kutlan\u0131yordu ve kendisi kutlamaya ancak 23:30\u2019da yani do\u011fum g\u00fcn\u00fcn\u00fcn bitmesine 30 dakika kala geldi\u2026<\/p>\n<p>9) \u00c7al\u0131\u015fmak isteseydi Avrupa\u2019da yapabilirdi\u2026 Nitekim \u0130talya\u2019da \u00e7ok ba\u015far\u0131l\u0131 \u015fekilde yapt\u0131. \u00c7\u00fcnk\u00fc k\u0131zlar\u0131m\u0131z hi\u00e7bir zaman Arjantin\u2019de ya\u015famad\u0131\u2026<\/p>\n<h3>\u201cBEN\u0130 K\u00dc\u00c7\u00dcLTMEYE \u00c7ALI\u015eIYOR\u201d<\/h3>\n<p>10) Han\u0131mefendi, kamuoyunda beni k\u00fc\u00e7\u00fcltmeye \u00e7al\u0131\u015f\u0131yor\u2026 Ama ben, k\u0131zlar\u0131m\u0131n bir\u00e7ok kez talep etti\u011fi gibi, ailemizi kurtarmak i\u00e7in verdi\u011fim m\u00fccadeleden ve g\u00f6sterdi\u011fim \u00e7abadan gurur duyuyorum.<\/p>\n<p><img loading=\"lazy\" decoding=\"async\" class=\"alignnone wp-image-119157\" src=\"https:\/\/www.tgrthaber.com\/mavikadin\/wp-content\/uploads\/Adsiz-tasarim-40-18-1024x576.jpg\" alt=\"Wanda Nara L-Gante\u2019yi de mi aldatt\u0131? \" width=\"1208\" height=\"680\" title=\"\" srcset=\"https:\/\/www.tgrthaber.com\/mavikadin\/wp-content\/uploads\/Adsiz-tasarim-40-18-1024x576.jpg 1024w, https:\/\/www.tgrthaber.com\/mavikadin\/wp-content\/uploads\/Adsiz-tasarim-40-18-300x169.jpg 300w, https:\/\/www.tgrthaber.com\/mavikadin\/wp-content\/uploads\/Adsiz-tasarim-40-18-768x432.jpg 768w, https:\/\/www.tgrthaber.com\/mavikadin\/wp-content\/uploads\/Adsiz-tasarim-40-18-1536x864.jpg 1536w, https:\/\/www.tgrthaber.com\/mavikadin\/wp-content\/uploads\/Adsiz-tasarim-40-18.jpg 1600w\" sizes=\"(max-width: 1208px) 100vw, 1208px\" \/><\/p>\n<hr \/>\n<p>11) Beni alaya almak i\u00e7in \u00e7ocuklar\u0131na verdi\u011fi zarar onun umurunda de\u011fil. Annelerinin, babalar\u0131n\u0131n veya \u00fcvey babalar\u0131n\u0131n cinselliklerinin internette viral olmas\u0131 ve \u00e7ocuklar\u0131n arkada\u015flar\u0131n\u0131n kar\u015f\u0131s\u0131nda utan\u00e7 duymas\u0131 onun umurunda de\u011fil. \u00c7\u00fcnk\u00fc a\u00e7\u0131k\u00e7a g\u00f6r\u00fcl\u00fcyor ki, onun kini ve sava\u015f\u0131, \u00e7ocuklar\u0131n\u0131n mutlulu\u011fundan daha \u00f6nemli.<\/p>\n<h3>\u201cYETER ARTIK, ALLAH A\u015eKINA!\u201d<\/h3>\n<p>12) Son olarak 20 g\u00fcn boyunca k\u0131zlar\u0131n\u0131 g\u00f6rmedikten sonra yapt\u0131\u011f\u0131 ilk \u015fey onlar\u0131 manip\u00fcle etmek ve onlara yalanlar s\u00f6ylemek oldu. Elimde, s\u00f6yledi\u011fi her \u015feyin yalan oldu\u011funa dair kan\u0131tlar var. K\u0131zlar\u0131, benim yan\u0131mdaki ki\u015finin ailemizi mahvetti\u011fine inand\u0131rmaya \u00e7al\u0131\u015f\u0131yor. Ama k\u0131zlar\u0131na ger\u00e7e\u011fi s\u00f6yleme cesareti yok\u2026 Aileye bizzat kendisinin \u00fc\u00e7 y\u0131l boyunca s\u00fcren bir evlilik d\u0131\u015f\u0131 ili\u015fki y\u00fcz\u00fcnden ay\u0131rd\u0131\u011f\u0131n\u0131 anlatam\u0131yor. Kime yalan s\u00f6yl\u00fcyor? Kimi kand\u0131rmaya \u00e7al\u0131\u015f\u0131yor? Yeter art\u0131k, Allah a\u015fk\u0131na!<\/p>\n<p><img loading=\"lazy\" decoding=\"async\" class=\"alignnone wp-image-119158\" src=\"https:\/\/www.tgrthaber.com\/mavikadin\/wp-content\/uploads\/Adsiz-tasarim-43-12-1024x576.jpg\" alt=\"Mauro Icardi\u2019den \u015foke eden iddialar\" width=\"1208\" height=\"680\" title=\"\" srcset=\"https:\/\/www.tgrthaber.com\/mavikadin\/wp-content\/uploads\/Adsiz-tasarim-43-12-1024x576.jpg 1024w, https:\/\/www.tgrthaber.com\/mavikadin\/wp-content\/uploads\/Adsiz-tasarim-43-12-300x169.jpg 300w, https:\/\/www.tgrthaber.com\/mavikadin\/wp-content\/uploads\/Adsiz-tasarim-43-12-768x432.jpg 768w, https:\/\/www.tgrthaber.com\/mavikadin\/wp-content\/uploads\/Adsiz-tasarim-43-12-1536x864.jpg 1536w, https:\/\/www.tgrthaber.com\/mavikadin\/wp-content\/uploads\/Adsiz-tasarim-43-12.jpg 1600w\" sizes=\"(max-width: 1208px) 100vw, 1208px\" \/><\/p>\n<hr \/>\n<p>13) \u0130\u015fin en ironik yan\u0131, k\u0131zlar\u0131m\u0131n her zaman\u00a0\u2018La China\u2019\u00a0Eugenia\u2019n\u0131n kim oldu\u011funu bilmeleriydi. Onu YouTube\u2019da ve Spotify\u2019da aray\u0131p \u015fark\u0131lar\u0131n\u0131 dinler ve hayran\u0131 olurlard\u0131. Bunun kan\u0131tlar\u0131 da var, ancak k\u0131zlar\u0131m\u0131n b\u00fct\u00fcnl\u00fc\u011f\u00fcn\u00fc korumak i\u00e7in bunlar\u0131 sakl\u0131yorum.<\/p>\n<p>14) S\u00f6yledi\u011fim ve yay\u0131nlad\u0131\u011f\u0131m her \u015feyi, han\u0131mefendinin yalanlar\u0131 ve iftiralar\u0131 y\u00fcz\u00fcnden zorunlu olarak yap\u0131yorum. Onun \u00e7ocuklar\u0131n\u0131n refah\u0131n\u0131 ve zihinsel sa\u011fl\u0131\u011f\u0131n\u0131 hi\u00e7e sayd\u0131\u011f\u0131 ortada.<\/p>\n<p>15) K\u0131zlar\u0131m\u0131n anneleri taraf\u0131ndan psikolojik olarak manip\u00fcle edildi\u011fini bilmek can\u0131m\u0131 yak\u0131yor\u2026 Ama adalete g\u00fcveniyorum. Do\u011fru yolda oldu\u011fumdan eminim. Beni mahkemeye g\u00f6t\u00fcrd\u00fcler ve beni karalamaya \u00e7al\u0131\u015ft\u0131lar ama hakikatle, her zaman galip geldik.<\/p>\n","protected":false},"excerpt":{"rendered":"<p>Galatasaray\u2019\u0131n y\u0131ld\u0131z futbolcusu Mauro Icardi, Wanda Nara ayr\u0131l\u0131\u011f\u0131ndan sonra yeni a\u015fka yelken a\u00e7t\u0131 ve k\u0131z arkada\u015f\u0131yla olan foto\u011fraflar\u0131n\u0131 sosyal medya hesab\u0131ndan payla\u015ft\u0131. Icardi, bununla yetinmedi Wanda Nara\u2019y\u0131 yerden yere vurdu. <\/p>\n","protected":false},"author":26,"featured_media":119150,"comment_status":"closed","ping_status":"closed","sticky":false,"template":"","format":"standard","meta":{"rank_math_lock_modified_date":false,"footnotes":""},"categories":[76],"tags":[7544,2279,2241,2222],"class_list":["post-119149","post","type-post","status-publish","format-standard","has-post-thumbnail","hentry","category-magazin","tag-china-suarez-mauro-icardi","tag-l-gante","tag-mauro-icardi","tag-wanda-nara"],"_links":{"self":[{"href":"https:\/\/www.tgrthaber.com\/mavikadin\/wp-json\/wp\/v2\/posts\/119149"}],"collection":[{"href":"https:\/\/www.tgrthaber.com\/mavikadin\/wp-json\/wp\/v2\/posts"}],"about":[{"href":"https:\/\/www.tgrthaber.com\/mavikadin\/wp-json\/wp\/v2\/types\/post"}],"author":[{"embeddable":true,"href":"https:\/\/www.tgrthaber.com\/mavikadin\/wp-json\/wp\/v2\/users\/26"}],"replies":[{"embeddable":true,"href":"https:\/\/www.tgrthaber.com\/mavikadin\/wp-json\/wp\/v2\/comments?post=119149"}],"version-history":[{"count":1,"href":"https:\/\/www.tgrthaber.com\/mavikadin\/wp-json\/wp\/v2\/posts\/119149\/revisions"}],"predecessor-version":[{"id":119160,"href":"https:\/\/www.tgrthaber.com\/mavikadin\/wp-json\/wp\/v2\/posts\/119149\/revisions\/119160"}],"wp:featuredmedia":[{"embeddable":true,"href":"https:\/\/www.tgrthaber.com\/mavikadin\/wp-json\/wp\/v2\/media\/119150"}],"wp:attachment":[{"href":"https:\/\/www.tgrthaber.com\/mavikadin\/wp-json\/wp\/v2\/media?parent=119149"}],"wp:term":[{"taxonomy":"category","embeddable":true,"href":"https:\/\/www.tgrthaber.com\/mavikadin\/wp-json\/wp\/v2\/categories?post=119149"},{"taxonomy":"post_tag","embeddable":true,"href":"https:\/\/www.tgrthaber.com\/mavikadin\/wp-json\/wp\/v2\/tags?post=119149"}],"curies":[{"name":"wp","href":"https:\/\/api.w.org\/{rel}","templated":true}]}}