{"id":119168,"date":"2025-01-09T15:49:52","date_gmt":"2025-01-09T12:49:52","guid":{"rendered":"https:\/\/www.tgrthaber.com\/mavikadin\/?p=119168"},"modified":"2025-01-09T16:45:15","modified_gmt":"2025-01-09T13:45:15","slug":"lizge-comertten-ask-hayati-hakkinda-carpici-aciklamalar-en-onemli-sey-saygi-anlayis-seffaflik","status":"publish","type":"post","link":"https:\/\/www.tgrthaber.com\/mavikadin\/lizge-comertten-ask-hayati-hakkinda-carpici-aciklamalar-en-onemli-sey-saygi-anlayis-seffaflik\/","title":{"rendered":"Lizge C\u00f6mert\u2019ten a\u015fk hayat\u0131 hakk\u0131nda \u00e7arp\u0131c\u0131 a\u00e7\u0131klamalar! \u201cEn \u00f6nemli \u015fey sayg\u0131, anlay\u0131\u015f, \u015feffafl\u0131k\u201d"},"content":{"rendered":"<p>Karde\u015flerim dizisiyle y\u0131ld\u0131z\u0131 parlayan ba\u015far\u0131l\u0131 oyuncu Lizge C\u00f6mert, \u0130stanbul Life dergisine birbirinde g\u00fczel pozlar verdi. \u0130stanbul Life dergisinin \u201cK\u0131\u015f\u201d say\u0131s\u0131 i\u00e7in kamera kar\u015f\u0131s\u0131na ge\u00e7en C\u00f6mert, \u00e7arp\u0131c\u0131 a\u00e7\u0131klamalarda bulundu. Hem a\u015fk hayat\u0131na hem de \u00f6zel hayat\u0131na ili\u015fkin \u00e7arp\u0131c\u0131 a\u00e7\u0131klamalarda bulunan C\u00f6mert, \u201cHayal kurmaktan asla vazge\u00e7medi\u011fini\u201d dile getirdi. \u0130\u015fte Lizge C\u00f6mert\u2019ten \u00e7arp\u0131c\u0131 a\u00e7\u0131klamalar\u2026<\/p>\n<hr \/>\n<h3>L\u0130ZGE C\u00d6MERT \u0130STANBUL L\u0130FE DERG\u0130S\u0130NE KONUK OLDU!<\/h3>\n<p>Karde\u015flerim dizisinde \u201cS\u00fcsen\u201d karakterine can veren Lizge C\u00f6mert, bu rol\u00fcyle ad\u0131n\u0131 geni\u015f kitlelere duyurmu\u015f ve pop\u00fclerli\u011fini art\u0131rm\u0131\u015ft\u0131. Karde\u015flerim dizisiyle y\u0131ld\u0131z\u0131 parlayan ba\u015far\u0131l\u0131 oyuncu C\u00f6mert, \u0130stanbul Life dergisinin \u201cK\u0131\u015f\u201d say\u0131s\u0131 i\u00e7in kamera kar\u015f\u0131s\u0131na ge\u00e7ti. \u0130stanbul Life dergisine birbirinden g\u00fczel pozlar veren C\u00f6mert hem a\u015fk hayat\u0131yla hem de \u00f6zel hayat\u0131yla ilgili \u00e7arp\u0131c\u0131 a\u00e7\u0131klamalarda bulundu.<\/p>\n<p><img loading=\"lazy\" decoding=\"async\" class=\"alignnone wp-image-119170\" src=\"https:\/\/www.tgrthaber.com\/mavikadin\/wp-content\/uploads\/Adsiz-tasarim-46-13-1024x576.jpg\" alt=\"Lizge C\u00f6mert\u2019ten a\u015fk hayat\u0131 hakk\u0131nda \u00e7arp\u0131c\u0131 a\u00e7\u0131klamalar! \" width=\"1208\" height=\"680\" title=\"\" srcset=\"https:\/\/www.tgrthaber.com\/mavikadin\/wp-content\/uploads\/Adsiz-tasarim-46-13-1024x576.jpg 1024w, https:\/\/www.tgrthaber.com\/mavikadin\/wp-content\/uploads\/Adsiz-tasarim-46-13-300x169.jpg 300w, https:\/\/www.tgrthaber.com\/mavikadin\/wp-content\/uploads\/Adsiz-tasarim-46-13-768x432.jpg 768w, https:\/\/www.tgrthaber.com\/mavikadin\/wp-content\/uploads\/Adsiz-tasarim-46-13-1536x864.jpg 1536w, https:\/\/www.tgrthaber.com\/mavikadin\/wp-content\/uploads\/Adsiz-tasarim-46-13.jpg 1600w\" sizes=\"(max-width: 1208px) 100vw, 1208px\" \/><\/p>\n<hr \/>\n<p>Verdi\u011fi r\u00f6portajda \u00e7arp\u0131c\u0131 a\u00e7\u0131klamalarda bulunan Lizge C\u00f6mert, \u201cHayal kurmaktan asla vazge\u00e7medi\u011fini\u201d dile getirerek en b\u00fcy\u00fck hayallerinden birinin ne oldu\u011funu a\u00e7\u0131klad\u0131. Ba\u015far\u0131l\u0131 performans\u0131yla ad\u0131ndan s\u0131k s\u0131k s\u00f6z ettiren C\u00f6mert, \u201cEn b\u00fcy\u00fck hayallerimden biri m\u00fczikalde yer almak\u201d ifadelerini kulland\u0131.<\/p>\n<h3>L\u0130ZGE C\u00d6MERT\u2019TEN A\u015eK HAYATI HAKKINDA \u0130T\u0130RAFLAR!<\/h3>\n<p>Kendisi gibi oyuncu olan Bilal Yi\u011fit Ko\u00e7ak ile \u201cKarde\u015flerim\u201d dizisinin setinde tan\u0131\u015f\u0131p arkada\u015fl\u0131klar\u0131 a\u015fka d\u00f6n\u00fc\u015fen Lizge C\u00f6mert, a\u015fk hayat\u0131 hakk\u0131nda da \u00e7arp\u0131c\u0131 a\u00e7\u0131klamalarda bulundu. Meslekta\u015f\u0131 Bilal Yi\u011fit Ko\u00e7ak ile a\u015fk ya\u015fayan C\u00f6mert, \u0130stanbul Life dergisine verdi\u011fi r\u00f6portajda: &#8220;Saf ve temiz ya\u015fayan biriyim. Bana g\u00f6re a\u015fk\u0131n rengi hala beyaz.&#8221; a\u00e7\u0131klamalar\u0131na yer verdi.<\/p>\n<p><img loading=\"lazy\" decoding=\"async\" class=\"alignnone wp-image-119171\" src=\"https:\/\/www.tgrthaber.com\/mavikadin\/wp-content\/uploads\/Adsiz-tasarim-49-9-1024x576.jpg\" alt=\"Lizge C\u00f6mert\u2019ten a\u015fk hayat\u0131 hakk\u0131nda \u00e7arp\u0131c\u0131 a\u00e7\u0131klamalar! \" width=\"1208\" height=\"680\" title=\"\" srcset=\"https:\/\/www.tgrthaber.com\/mavikadin\/wp-content\/uploads\/Adsiz-tasarim-49-9-1024x576.jpg 1024w, https:\/\/www.tgrthaber.com\/mavikadin\/wp-content\/uploads\/Adsiz-tasarim-49-9-300x169.jpg 300w, https:\/\/www.tgrthaber.com\/mavikadin\/wp-content\/uploads\/Adsiz-tasarim-49-9-768x432.jpg 768w, https:\/\/www.tgrthaber.com\/mavikadin\/wp-content\/uploads\/Adsiz-tasarim-49-9-1536x864.jpg 1536w, https:\/\/www.tgrthaber.com\/mavikadin\/wp-content\/uploads\/Adsiz-tasarim-49-9.jpg 1600w\" sizes=\"(max-width: 1208px) 100vw, 1208px\" \/><\/p>\n<hr \/>\n<p>Hem a\u015fk hayat\u0131yla hem de ba\u015far\u0131l\u0131 oyunculu\u011fuyla ad\u0131ndan s\u00f6z ettiren Lizge C\u00f6mert, \u201cKendime meydan okuyabilece\u011fim i\u015flerde yer almak istiyorum. Oyunculuk benim \u00e7ocukluk hayalimdi. Uzun y\u0131llard\u0131r beni beslemesi ve geli\u015ftirmesi ad\u0131na dans dersleri, solfej dersleri al\u0131yorum, piyano ve gitar \u00e7al\u0131yorum.\u201d ifadelerine yer verdi.<\/p>\n<h3>\u201cSIR TUTMAK KIRMIZI \u00c7\u0130ZG\u0130M\u201d<\/h3>\n<p>Gerek a\u015fk hayat\u0131na gerek oyunculuk hayat\u0131na gerekse de \u00f6zel hayat\u0131na ili\u015fkin \u00e7arp\u0131c\u0131 a\u00e7\u0131klamalarda bulunan Lizge C\u00f6mert, \u201cS\u0131r tutmak k\u0131rm\u0131z\u0131 \u00e7izgilerimden biri. Biri bana bir s\u0131rr\u0131n\u0131 verdiyse, sonsuza kadar bende kal\u0131r.\u201d \u015feklinde konu\u015ftu.<\/p>\n<p><img loading=\"lazy\" decoding=\"async\" class=\"alignnone wp-image-119172\" src=\"https:\/\/www.tgrthaber.com\/mavikadin\/wp-content\/uploads\/Adsiz-tasarim-50-12-1024x576.jpg\" alt=\"Lizge C\u00f6mert\u2019ten a\u015fk hayat\u0131 hakk\u0131nda \u00e7arp\u0131c\u0131 a\u00e7\u0131klamalar! \" width=\"1208\" height=\"680\" title=\"\" srcset=\"https:\/\/www.tgrthaber.com\/mavikadin\/wp-content\/uploads\/Adsiz-tasarim-50-12-1024x576.jpg 1024w, https:\/\/www.tgrthaber.com\/mavikadin\/wp-content\/uploads\/Adsiz-tasarim-50-12-300x169.jpg 300w, https:\/\/www.tgrthaber.com\/mavikadin\/wp-content\/uploads\/Adsiz-tasarim-50-12-768x432.jpg 768w, https:\/\/www.tgrthaber.com\/mavikadin\/wp-content\/uploads\/Adsiz-tasarim-50-12-1536x864.jpg 1536w, https:\/\/www.tgrthaber.com\/mavikadin\/wp-content\/uploads\/Adsiz-tasarim-50-12.jpg 1600w\" sizes=\"(max-width: 1208px) 100vw, 1208px\" \/><\/p>\n<hr \/>\n<p>Ailesinin deste\u011fini her zaman yan\u0131nda hisseden C\u00f6mert, \u201cNe yaparsam yapay\u0131m ailemin benim yan\u0131mda ve bana destek olacaklar\u0131n\u0131 bilmek oyunculuk konusunda ilerlememe \u00e7ok yard\u0131mc\u0131 oldu.\u201d ifadelerini kulland\u0131.<\/p>\n<h3>\u201cEN HASSAS OLDU\u011eUM \u015eEY YALAN\u201d<\/h3>\n<p>Ne gibi \u015feyler yapmaktan ho\u015fland\u0131\u011f\u0131n\u0131 dile getiren Lizge C\u00f6mert, \u0130stanbul Life dergisine verdi\u011fi r\u00f6portajda: \u201cYurt d\u0131\u015f\u0131na \u00e7\u0131kmak da bana ger\u00e7ekten \u00e7ok iyi geliyor. Bu durum kendimi yenilememi ve daha sa\u011fl\u0131kl\u0131 d\u00fc\u015f\u00fcnmemi sa\u011fl\u0131yor. Gitti\u011fim yerlerde yeni tatlar denemeyi de \u00e7ok seviyorum.\u201d \u015feklinde konu\u015ftu.<\/p>\n<p><img loading=\"lazy\" decoding=\"async\" class=\"alignnone wp-image-119173\" src=\"https:\/\/www.tgrthaber.com\/mavikadin\/wp-content\/uploads\/Adsiz-tasarim-45-12-1024x576.jpg\" alt=\"Lizge C\u00f6mert\u2019ten a\u015fk hayat\u0131 hakk\u0131nda \u00e7arp\u0131c\u0131 a\u00e7\u0131klamalar! \" width=\"1208\" height=\"680\" title=\"\" srcset=\"https:\/\/www.tgrthaber.com\/mavikadin\/wp-content\/uploads\/Adsiz-tasarim-45-12-1024x576.jpg 1024w, https:\/\/www.tgrthaber.com\/mavikadin\/wp-content\/uploads\/Adsiz-tasarim-45-12-300x169.jpg 300w, https:\/\/www.tgrthaber.com\/mavikadin\/wp-content\/uploads\/Adsiz-tasarim-45-12-768x432.jpg 768w, https:\/\/www.tgrthaber.com\/mavikadin\/wp-content\/uploads\/Adsiz-tasarim-45-12-1536x864.jpg 1536w, https:\/\/www.tgrthaber.com\/mavikadin\/wp-content\/uploads\/Adsiz-tasarim-45-12.jpg 1600w\" sizes=\"(max-width: 1208px) 100vw, 1208px\" \/><\/p>\n<hr \/>\n<p>Ard\u0131ndan yalan\u0131 hi\u00e7 sevmedi\u011fini ifade eden Lizge C\u00f6mert, \u201cEn hassas oldu\u011fum \u015fey yalan. Yalan s\u00f6ylemenin saf sevginin ortadan kalkmas\u0131na neden oldu\u011funa inan\u0131yorum.\u201d diye konu\u015ftu.<\/p>\n<h3>\u201cEN \u00d6NEML\u0130 \u015eEY SAYGI, ANLAYI\u015e, \u015eEFFAFLIK\u201d<\/h3>\n<p>\u0130stanbul Life dergisinin \u201cK\u0131\u015f\u201d say\u0131s\u0131na konuk olan ba\u015far\u0131l\u0131 oyuncu Lizge C\u00f6mert, birbirinden g\u00fczel pozlar verdi. G\u00fczelli\u011fiyle ad\u0131ndan s\u00f6z ettiren C\u00f6mert, yapt\u0131\u011f\u0131 a\u00e7\u0131klamalarla da g\u00fcndeme geldi.<\/p>\n<p><img loading=\"lazy\" decoding=\"async\" class=\"alignnone wp-image-119174\" src=\"https:\/\/www.tgrthaber.com\/mavikadin\/wp-content\/uploads\/Adsiz-tasarim-47-12-1024x576.jpg\" alt=\"Lizge C\u00f6mert\u2019ten a\u015fk hayat\u0131 hakk\u0131nda \u00e7arp\u0131c\u0131 a\u00e7\u0131klamalar! \" width=\"1208\" height=\"680\" title=\"\" srcset=\"https:\/\/www.tgrthaber.com\/mavikadin\/wp-content\/uploads\/Adsiz-tasarim-47-12-1024x576.jpg 1024w, https:\/\/www.tgrthaber.com\/mavikadin\/wp-content\/uploads\/Adsiz-tasarim-47-12-300x169.jpg 300w, https:\/\/www.tgrthaber.com\/mavikadin\/wp-content\/uploads\/Adsiz-tasarim-47-12-768x432.jpg 768w, https:\/\/www.tgrthaber.com\/mavikadin\/wp-content\/uploads\/Adsiz-tasarim-47-12-1536x864.jpg 1536w, https:\/\/www.tgrthaber.com\/mavikadin\/wp-content\/uploads\/Adsiz-tasarim-47-12.jpg 1600w\" sizes=\"(max-width: 1208px) 100vw, 1208px\" \/><\/p>\n<hr \/>\n<p>C\u00f6mert, \u0130stanbul Life dergisine verdi\u011fi r\u00f6portajda: \u201c\u0130kili ili\u015fkilerimde benim i\u00e7in en \u00f6nemli \u015fey sayg\u0131, anlay\u0131\u015f, \u015feffafl\u0131k. Zaten kar\u015f\u0131mdaki insanlar\u0131 da buna g\u00f6re se\u00e7erim. Hayattaki en b\u00fcy\u00fck korkum sevdiklerimi kaybetmek.\u201d ifadelerine yer verdi.<\/p>\n","protected":false},"excerpt":{"rendered":"<p>Karde\u015flerim dizisiyle y\u0131ld\u0131z\u0131 parlayan ba\u015far\u0131l\u0131 oyuncu Lizge C\u00f6mert, \u0130stanbul Life dergisine birbirinde g\u00fczel pozlar verdi. \u0130stanbul Life dergisinin \u201cK\u0131\u015f\u201d say\u0131s\u0131 i\u00e7in kamera kar\u015f\u0131s\u0131na ge\u00e7en C\u00f6mert, \u00e7arp\u0131c\u0131 a\u00e7\u0131klamalarda bulundu. Hem a\u015fk hayat\u0131na hem de \u00f6zel hayat\u0131na ili\u015fkin \u00e7arp\u0131c\u0131 a\u00e7\u0131klamalarda bulunan C\u00f6mert, \u201cHayal kurmaktan asla vazge\u00e7medi\u011fini\u201d dile getirdi. \u0130\u015fte Lizge C\u00f6mert\u2019ten \u00e7arp\u0131c\u0131 a\u00e7\u0131klamalar\u2026 L\u0130ZGE C\u00d6MERT \u0130STANBUL L\u0130FE [&hellip;]<\/p>\n","protected":false},"author":26,"featured_media":119169,"comment_status":"closed","ping_status":"closed","sticky":false,"template":"","format":"standard","meta":{"rank_math_lock_modified_date":false,"footnotes":""},"categories":[76],"tags":[3092,3091,3093],"class_list":["post-119168","post","type-post","status-publish","format-standard","has-post-thumbnail","hentry","category-magazin","tag-bilal-yigit-kocak","tag-kardeslerim","tag-lizge-comert"],"_links":{"self":[{"href":"https:\/\/www.tgrthaber.com\/mavikadin\/wp-json\/wp\/v2\/posts\/119168"}],"collection":[{"href":"https:\/\/www.tgrthaber.com\/mavikadin\/wp-json\/wp\/v2\/posts"}],"about":[{"href":"https:\/\/www.tgrthaber.com\/mavikadin\/wp-json\/wp\/v2\/types\/post"}],"author":[{"embeddable":true,"href":"https:\/\/www.tgrthaber.com\/mavikadin\/wp-json\/wp\/v2\/users\/26"}],"replies":[{"embeddable":true,"href":"https:\/\/www.tgrthaber.com\/mavikadin\/wp-json\/wp\/v2\/comments?post=119168"}],"version-history":[{"count":1,"href":"https:\/\/www.tgrthaber.com\/mavikadin\/wp-json\/wp\/v2\/posts\/119168\/revisions"}],"predecessor-version":[{"id":119176,"href":"https:\/\/www.tgrthaber.com\/mavikadin\/wp-json\/wp\/v2\/posts\/119168\/revisions\/119176"}],"wp:featuredmedia":[{"embeddable":true,"href":"https:\/\/www.tgrthaber.com\/mavikadin\/wp-json\/wp\/v2\/media\/119169"}],"wp:attachment":[{"href":"https:\/\/www.tgrthaber.com\/mavikadin\/wp-json\/wp\/v2\/media?parent=119168"}],"wp:term":[{"taxonomy":"category","embeddable":true,"href":"https:\/\/www.tgrthaber.com\/mavikadin\/wp-json\/wp\/v2\/categories?post=119168"},{"taxonomy":"post_tag","embeddable":true,"href":"https:\/\/www.tgrthaber.com\/mavikadin\/wp-json\/wp\/v2\/tags?post=119168"}],"curies":[{"name":"wp","href":"https:\/\/api.w.org\/{rel}","templated":true}]}}