{"id":119177,"date":"2025-01-09T16:09:19","date_gmt":"2025-01-09T13:09:19","guid":{"rendered":"https:\/\/www.tgrthaber.com\/mavikadin\/?p=119177"},"modified":"2025-01-09T16:09:20","modified_gmt":"2025-01-09T13:09:20","slug":"iste-benim-stilim-2025-yarismasi-ne-zaman-yayinlanacak-iste-benim-stilim-juri-uyeleri-belli-oldu-mu","status":"publish","type":"post","link":"https:\/\/www.tgrthaber.com\/mavikadin\/iste-benim-stilim-2025-yarismasi-ne-zaman-yayinlanacak-iste-benim-stilim-juri-uyeleri-belli-oldu-mu\/","title":{"rendered":"&#8216;\u0130\u015fte Benim Stilim 2025&#8217; yar\u0131\u015fmas\u0131 ne zaman yay\u0131nlanacak? &#8216;\u0130\u015fte Benim Stilim&#8217; j\u00fcri \u00fcyeleri belli oldu mu?"},"content":{"rendered":"<p>TV8 kanal\u0131n\u0131n sevilen moda yar\u0131\u015fmalar\u0131ndan olup d\u00f6neminin efsane programlar\u0131ndan &#8216;\u0130\u015fte Benim Stilim&#8217; y\u0131llar sonra yeniden izleyicileriyle bulu\u015fmaya haz\u0131rlan\u0131yor. TV8 kanal\u0131n\u0131n sahibi Acun Il\u0131cal\u0131, ge\u00e7ti\u011fimiz g\u00fcn Survivor program\u0131n\u0131 sundu\u011fu esnada araya giren bir reklamla &#8216;\u0130\u015fte Benim Stilim&#8217; yar\u0131\u015fmas\u0131n\u0131n yeniden ba\u015flayaca\u011f\u0131n\u0131n m\u00fcjdesini verdi.<\/p>\n<p>Acun Il\u0131cal\u0131&#8217;n\u0131n duyurdu\u011fu bu haber program\u0131 \u00f6nceden takip edip be\u011feniyle izleyenler i\u00e7in heyecanland\u0131r\u0131r iken &#8216;\u0130\u015fte Benim Stilim&#8217; yar\u0131\u015fmas\u0131n\u0131n yeni sezonunda meydana gelecek geli\u015fmeler, j\u00fcri \u00fcyeleri ve m\u00fcracaat ba\u015fvurular\u0131 merak edildi.<\/p>\n<h3>YILLAR SONRA YEN\u0130DEN TV EKRANLARINDA OLACAK!<\/h3>\n<p>2014-2017 y\u0131llar\u0131 aras\u0131nda TV8 kanal\u0131nda g\u00fcnd\u00fcz saatlerinde yay\u0131nlanan ve d\u00f6nemin en \u00e7ok takip edilen yap\u0131mlar\u0131 aras\u0131nda yer alan \u0130\u015fte Benim Stilim, g\u00fc\u00e7l\u00fc j\u00fcri \u00fcyeleri ve rekabet\u00e7i renkli yar\u0131\u015fmac\u0131lar\u0131yla izleyicileri ekran ba\u015f\u0131na kilitliyor.<\/p>\n<p><img loading=\"lazy\" decoding=\"async\" class=\"alignnone wp-image-119179\" src=\"https:\/\/www.tgrthaber.com\/mavikadin\/wp-content\/uploads\/85-4.png\" alt=\"\" width=\"1208\" height=\"665\" title=\"\" srcset=\"https:\/\/www.tgrthaber.com\/mavikadin\/wp-content\/uploads\/85-4.png 787w, https:\/\/www.tgrthaber.com\/mavikadin\/wp-content\/uploads\/85-4-300x165.png 300w, https:\/\/www.tgrthaber.com\/mavikadin\/wp-content\/uploads\/85-4-768x423.png 768w\" sizes=\"(max-width: 1208px) 100vw, 1208px\" \/><\/p>\n<hr \/>\n<h3>\u0130\u015eTE BEN\u0130M ST\u0130L\u0130M 2025 YARI\u015eMASININ J\u00dcR\u0130LER\u0130 K\u0130M, BELL\u0130 OLDU MU?<\/h3>\n<p>Moday\u0131 sevip moday\u0131 takip edenlerin favori yar\u0131\u015fmas\u0131 olan &#8216;\u0130\u015fte Benim Stilim&#8217; program\u0131n\u0131n ge\u00e7ti\u011fimiz sezonlarda j\u00fcri koltu\u011funda Ivana Sert, Kemal Do\u011fulu, U\u011furkan Erez ve Nur Yerlita\u015f gibi \u00fcnl\u00fc isimler oturuyordu.<\/p>\n<p><img loading=\"lazy\" decoding=\"async\" class=\"alignnone wp-image-119178\" src=\"https:\/\/www.tgrthaber.com\/mavikadin\/wp-content\/uploads\/6-3.png\" alt=\"\" width=\"1208\" height=\"656\" title=\"\" srcset=\"https:\/\/www.tgrthaber.com\/mavikadin\/wp-content\/uploads\/6-3.png 797w, https:\/\/www.tgrthaber.com\/mavikadin\/wp-content\/uploads\/6-3-300x163.png 300w, https:\/\/www.tgrthaber.com\/mavikadin\/wp-content\/uploads\/6-3-768x417.png 768w\" sizes=\"(max-width: 1208px) 100vw, 1208px\" \/><\/p>\n<hr \/>\n<p>\u00d6yk\u00fc Serter\u2019in sundu\u011fu moda yar\u0131\u015fmas\u0131 &#8216;\u0130\u015fte Benim Stilim 2025&#8217; program\u0131n\u0131n yeni sezon ba\u015flang\u0131c\u0131n\u0131n duyurulmas\u0131yla izleyicilerin merakla bekledi\u011fi \u015fey ise program\u0131n yay\u0131n tarihinden sonra j\u00fcri \u00fcyesi olarak kimleri g\u00f6recekleri oldu.<\/p>\n<p>Eski j\u00fcri \u00fcyelerinin yeniden koltuklar\u0131nda yer al\u0131p almayaca\u011f\u0131 ya da yeni isimlerin j\u00fcri kadrosuna kat\u0131l\u0131p kat\u0131lmayaca\u011f\u0131 hen\u00fcz a\u00e7\u0131klanmayan yar\u0131\u015fma i\u00e7in t\u00fcm detaylar\u0131n yak\u0131nda belli olaca\u011f\u0131 bekleniyor&#8230;<\/p>\n<h3>&#8216;\u0130\u015eTE BEN\u0130M ST\u0130L\u0130M&#8217; YARI\u015eMASINA NASIL KATILINIR?<\/h3>\n<p>Moday\u0131 yak\u0131ndan takip eden ve tarz\u0131na g\u00fcvenen kimselerin &#8216;en \u015f\u0131k benim&#8217; diyebilece\u011fi \u00f6zg\u00fcvenleri ile podyumda boy g\u00f6sterebilecek olanlar\u0131n g\u00f6zde program\u0131 olan &#8216;\u0130\u015fte Benim Stilim&#8217; in yeniden ekranlarda yerini alacak olmas\u0131 \u00f6zellikle de modasever izleyicileri sevindirdi. Haftan\u0131n her g\u00fcn\u00fc farkl\u0131 bir kombin ve tarz ile podyuma \u00e7\u0131k\u0131p j\u00fcri \u00fcyelerinden de\u011ferlendirmelerin alaca\u011f\u0131 \u0130\u015fte Benim Stilim program\u0131 i\u00e7in ba\u015fvurular ba\u015flad\u0131.<\/p>\n<p>TV8 ba\u015fvuru sayfas\u0131nda &#8216;\u0130\u015fte Benim Stilim&#8217; yar\u0131\u015fmas\u0131na \u00f6zel olarak haz\u0131rlanan anketin tamamlanmas\u0131 ile kolayl\u0131kla ba\u015fvuru yap\u0131labilecek.\u00a0Yar\u0131\u015fman\u0131n yeni b\u00f6l\u00fcmlerinin ne zaman yay\u0131nlanaca\u011f\u0131 ise ilerleyen g\u00fcnlerde a\u00e7\u0131klanacak.<\/p>\n","protected":false},"excerpt":{"rendered":"<p>\u0130\u015fte Benim Stilim program\u0131n\u0131n yeniden ba\u015flayaca\u011f\u0131n\u0131 duyuran Acun Il\u0131cal\u0131, modasever izleyicileri verdi\u011fi bu m\u00fcjdeyle heyecanland\u0131rd\u0131. Peki &#8216;\u0130\u015fte Benim Stilim&#8217; yar\u0131\u015fmas\u0131n\u0131n yay\u0131n tarihi belli oldu mu, ne zaman yay\u0131nlanacak? &#8216;\u0130\u015fte Benim Stilim&#8217;  j\u00fcrileri kimler? &#8216;\u0130\u015fte Benim Stilim&#8217;  ba\u015fvuru&#8230;.<\/p>\n","protected":false},"author":27,"featured_media":119180,"comment_status":"closed","ping_status":"closed","sticky":false,"template":"","format":"standard","meta":{"rank_math_lock_modified_date":false,"footnotes":""},"categories":[76],"tags":[7559,7562,7561,7560],"class_list":["post-119177","post","type-post","status-publish","format-standard","has-post-thumbnail","hentry","category-magazin","tag-iste-benim-stilim","tag-iste-benim-stilim-basvuru","tag-iste-benim-stilim-yarismasi-juri-uyeleri","tag-iste-benim-stilim-yarismasi-ne-zaman-yayinlanacak"],"_links":{"self":[{"href":"https:\/\/www.tgrthaber.com\/mavikadin\/wp-json\/wp\/v2\/posts\/119177"}],"collection":[{"href":"https:\/\/www.tgrthaber.com\/mavikadin\/wp-json\/wp\/v2\/posts"}],"about":[{"href":"https:\/\/www.tgrthaber.com\/mavikadin\/wp-json\/wp\/v2\/types\/post"}],"author":[{"embeddable":true,"href":"https:\/\/www.tgrthaber.com\/mavikadin\/wp-json\/wp\/v2\/users\/27"}],"replies":[{"embeddable":true,"href":"https:\/\/www.tgrthaber.com\/mavikadin\/wp-json\/wp\/v2\/comments?post=119177"}],"version-history":[{"count":1,"href":"https:\/\/www.tgrthaber.com\/mavikadin\/wp-json\/wp\/v2\/posts\/119177\/revisions"}],"predecessor-version":[{"id":119181,"href":"https:\/\/www.tgrthaber.com\/mavikadin\/wp-json\/wp\/v2\/posts\/119177\/revisions\/119181"}],"wp:featuredmedia":[{"embeddable":true,"href":"https:\/\/www.tgrthaber.com\/mavikadin\/wp-json\/wp\/v2\/media\/119180"}],"wp:attachment":[{"href":"https:\/\/www.tgrthaber.com\/mavikadin\/wp-json\/wp\/v2\/media?parent=119177"}],"wp:term":[{"taxonomy":"category","embeddable":true,"href":"https:\/\/www.tgrthaber.com\/mavikadin\/wp-json\/wp\/v2\/categories?post=119177"},{"taxonomy":"post_tag","embeddable":true,"href":"https:\/\/www.tgrthaber.com\/mavikadin\/wp-json\/wp\/v2\/tags?post=119177"}],"curies":[{"name":"wp","href":"https:\/\/api.w.org\/{rel}","templated":true}]}}