{"id":119182,"date":"2025-01-09T16:37:12","date_gmt":"2025-01-09T13:37:12","guid":{"rendered":"https:\/\/www.tgrthaber.com\/mavikadin\/?p=119182"},"modified":"2025-01-09T16:38:05","modified_gmt":"2025-01-09T13:38:05","slug":"rekor-kiran-gassal-dizisinin-elif-hemsiresi-sibel-aytandan-itiraf-konu-olum-olunca-isler-degisti","status":"publish","type":"post","link":"https:\/\/www.tgrthaber.com\/mavikadin\/rekor-kiran-gassal-dizisinin-elif-hemsiresi-sibel-aytandan-itiraf-konu-olum-olunca-isler-degisti\/","title":{"rendered":"Rekor k\u0131ran &#8216;Gassal&#8217; dizisinin Elif Hem\u015fire&#8217;si Sibel Aytan&#8217;dan itiraf: &#8220;Konu \u00f6l\u00fcm olunca i\u015fler de\u011fi\u015fti&#8221;"},"content":{"rendered":"<p>TRT\u2019nin dijital platformu olan TAB\u0130\u0130 uygulamas\u0131nda yay\u0131nlanan ve ekrana verildi\u011fi ilk g\u00fcnden itibaren \u00e7ok konu\u015fulan rekor dizi Gassal&#8217;da ba\u015frol oyuncu Ahmet Kural&#8217;\u0131n partneri &#8216;Elif&#8217; karakterini canland\u0131ran g\u00fczel oyuncu Sibel Aytan, dizi ile alakal\u0131 \u00e7arp\u0131c\u0131 a\u00e7\u0131klamalarda bulundu. Gassal dizisinin birinci sezonunda &#8216;Hem\u015fire Elif&#8217; olarak kar\u015f\u0131m\u0131za \u00e7\u0131kan oyuncu Sibel Aytan, sergiledi\u011fi ba\u015far\u0131l\u0131 oyunculuk performans\u0131 ile izleyicilerin takdirini kazand\u0131.<\/p>\n<p>Dramatik hikayesi ve ac\u0131kl\u0131 olaylar\u0131yla izleyiciyi ekran ba\u015f\u0131nda yasa bo\u011fan dizi &#8216;Gassal&#8217;da \u00f6nemli rollerden birini \u00fcstlenen Hem\u015fire Elif karakterindeki Sibel Aytan, dizinin kendisine neler katt\u0131\u011f\u0131ndan bahsetti.<\/p>\n<h3>&#8216;GASSAL&#8217; D\u0130Z\u0130S\u0130N\u0130N EL\u0130F HEM\u015e\u0130RE&#8217;S\u0130NDEN Y\u00dcZLE\u015eME \u0130T\u0130RAFI!<\/h3>\n<p>&#8216;\u00d6l\u00fcnce Beni Kim Y\u0131kayacak?&#8217; mottosuyla b\u00fcy\u00fck ses getiren yeni dizi Gassal\u2019da Ahmet Kural\u2019\u0131n partneri olan yetenekli oyuncu Sibel Aytan, konu \u00f6l\u00fcm olunca korkular\u0131yla y\u00fczle\u015fti\u011fini s\u00f6yledi.<\/p>\n<p><img loading=\"lazy\" decoding=\"async\" class=\"alignnone wp-image-119185\" src=\"https:\/\/www.tgrthaber.com\/mavikadin\/wp-content\/uploads\/856.png\" alt=\"\" width=\"1208\" height=\"827\" title=\"\" srcset=\"https:\/\/www.tgrthaber.com\/mavikadin\/wp-content\/uploads\/856.png 726w, https:\/\/www.tgrthaber.com\/mavikadin\/wp-content\/uploads\/856-300x205.png 300w\" sizes=\"(max-width: 1208px) 100vw, 1208px\" \/><\/p>\n<hr \/>\n<p>Ekranlar\u0131n takdir g\u00f6ren ba\u015far\u0131l\u0131 oyuncular\u0131ndan olan Sibel Aytan, Gassal dizisinde sergiledi\u011fi \u00fcst\u00fcn performanstan dolay\u0131 izleyiciden tam not ald\u0131.<\/p>\n<p>Daha \u00f6nceden TV ekranlar\u0131nda Al Sancak, Seni Kalbime Saklad\u0131m, Kurulu\u015f Osman, H\u0131\u00e7k\u0131r\u0131k gibi \u00f6nemli yap\u0131mlarda rol alan Sibel Aytan, &#8216;Gassal&#8217; dizisinin di\u011ferlerinden fark\u0131na de\u011findi.<\/p>\n<h3>GASSAL D\u0130Z\u0130S\u0130N\u0130N EL\u0130F&#8217;\u0130 S\u0130BEL AYTAN: KONU \u00d6L\u00dcM OLUNCA \u0130\u015eLER DE\u011e\u0130\u015eT\u0130<\/h3>\n<p>Siccin 6 filmindeki yetene\u011fiyle de film kategorisinde de izleyicinin ilgisini \u00e7eken oyuncu Aytan, \u201cGassal\u2019dan \u00f6nce bir\u00e7ok i\u015f yapt\u0131m. Her i\u015fimde elbette ki bir\u00e7ok \u015fey \u00f6\u011frendim. Ama bu sefer konumuz \u00f6l\u00fcm olunca i\u015fler de\u011fi\u015fti. Korkular\u0131mla y\u00fczle\u015fme imkan\u0131m oldu\u201d diyerek itirafta bulundu.<\/p>\n<p><img loading=\"lazy\" decoding=\"async\" class=\"alignnone wp-image-80433\" src=\"https:\/\/www.tgrthaber.com\/mavikadin\/wp-content\/uploads\/2024\/09\/mehmed-fetihler-sultani-ajan-maria-kimdir-sibel-aytan-kimdir-kac-yasinda.jpg\" alt=\"\" width=\"1208\" height=\"680\" title=\"\" srcset=\"https:\/\/www.tgrthaber.com\/mavikadin\/wp-content\/uploads\/2024\/09\/mehmed-fetihler-sultani-ajan-maria-kimdir-sibel-aytan-kimdir-kac-yasinda.jpg 1600w, https:\/\/www.tgrthaber.com\/mavikadin\/wp-content\/uploads\/2024\/09\/mehmed-fetihler-sultani-ajan-maria-kimdir-sibel-aytan-kimdir-kac-yasinda-300x169.jpg 300w, https:\/\/www.tgrthaber.com\/mavikadin\/wp-content\/uploads\/2024\/09\/mehmed-fetihler-sultani-ajan-maria-kimdir-sibel-aytan-kimdir-kac-yasinda-1024x576.jpg 1024w, https:\/\/www.tgrthaber.com\/mavikadin\/wp-content\/uploads\/2024\/09\/mehmed-fetihler-sultani-ajan-maria-kimdir-sibel-aytan-kimdir-kac-yasinda-768x432.jpg 768w, https:\/\/www.tgrthaber.com\/mavikadin\/wp-content\/uploads\/2024\/09\/mehmed-fetihler-sultani-ajan-maria-kimdir-sibel-aytan-kimdir-kac-yasinda-1536x864.jpg 1536w, https:\/\/www.tgrthaber.com\/mavikadin\/wp-content\/uploads\/2024\/09\/mehmed-fetihler-sultani-ajan-maria-kimdir-sibel-aytan-kimdir-kac-yasinda-533x300.jpg 533w, https:\/\/www.tgrthaber.com\/mavikadin\/wp-content\/uploads\/2024\/09\/mehmed-fetihler-sultani-ajan-maria-kimdir-sibel-aytan-kimdir-kac-yasinda-600x338.jpg 600w, https:\/\/www.tgrthaber.com\/mavikadin\/wp-content\/uploads\/2024\/09\/mehmed-fetihler-sultani-ajan-maria-kimdir-sibel-aytan-kimdir-kac-yasinda-30x16.jpg 30w, https:\/\/www.tgrthaber.com\/mavikadin\/wp-content\/uploads\/2024\/09\/mehmed-fetihler-sultani-ajan-maria-kimdir-sibel-aytan-kimdir-kac-yasinda-18x10.jpg 18w\" sizes=\"(max-width: 1208px) 100vw, 1208px\" \/><\/p>\n<hr \/>\n<p>Eninde sonunda bizi bulacak olan hakikatin yani \u00f6l\u00fcm ger\u00e7e\u011finin t\u00fcm y\u00fcz\u00fcyle vurguland\u0131\u011f\u0131 Gassal\u2019da oynad\u0131\u011f\u0131 rol sayesinde korkular\u0131n\u0131n \u00fczerine gitti\u011fini s\u00f6yleyen Aytan, Elif karakterini canland\u0131rmaktan b\u00fcy\u00fck bir zevk ald\u0131\u011f\u0131n\u0131 da dillendirdi. Oyuncu Sibel Aytan dzi i\u00e7erisinde yak\u0131n partneri olan Ahmet Kural ile i\u015fbirli\u011fi i\u00e7erisinde uyumlu bir \u015fekilde \u00e7al\u0131\u015ft\u0131klar\u0131na da de\u011findi.<\/p>\n","protected":false},"excerpt":{"rendered":"<p>Son zamanlar\u0131n \u00e7ok konu\u015fulan dizisi &#8216;Gassal&#8217; da Elif Hem\u015fireyi oynayan Sibel Aytan, dizideki rol\u00fc ile \u00f6nemli bir itirafta bulundu.<\/p>\n","protected":false},"author":27,"featured_media":119184,"comment_status":"closed","ping_status":"closed","sticky":false,"template":"","format":"standard","meta":{"rank_math_lock_modified_date":false,"footnotes":""},"categories":[76],"tags":[4543,4542,7563,4851],"class_list":["post-119182","post","type-post","status-publish","format-standard","has-post-thumbnail","hentry","category-magazin","tag-ahmet-kural","tag-gassal","tag-gassal-dizisi-elif","tag-sibel-aytan"],"_links":{"self":[{"href":"https:\/\/www.tgrthaber.com\/mavikadin\/wp-json\/wp\/v2\/posts\/119182"}],"collection":[{"href":"https:\/\/www.tgrthaber.com\/mavikadin\/wp-json\/wp\/v2\/posts"}],"about":[{"href":"https:\/\/www.tgrthaber.com\/mavikadin\/wp-json\/wp\/v2\/types\/post"}],"author":[{"embeddable":true,"href":"https:\/\/www.tgrthaber.com\/mavikadin\/wp-json\/wp\/v2\/users\/27"}],"replies":[{"embeddable":true,"href":"https:\/\/www.tgrthaber.com\/mavikadin\/wp-json\/wp\/v2\/comments?post=119182"}],"version-history":[{"count":3,"href":"https:\/\/www.tgrthaber.com\/mavikadin\/wp-json\/wp\/v2\/posts\/119182\/revisions"}],"predecessor-version":[{"id":119189,"href":"https:\/\/www.tgrthaber.com\/mavikadin\/wp-json\/wp\/v2\/posts\/119182\/revisions\/119189"}],"wp:featuredmedia":[{"embeddable":true,"href":"https:\/\/www.tgrthaber.com\/mavikadin\/wp-json\/wp\/v2\/media\/119184"}],"wp:attachment":[{"href":"https:\/\/www.tgrthaber.com\/mavikadin\/wp-json\/wp\/v2\/media?parent=119182"}],"wp:term":[{"taxonomy":"category","embeddable":true,"href":"https:\/\/www.tgrthaber.com\/mavikadin\/wp-json\/wp\/v2\/categories?post=119182"},{"taxonomy":"post_tag","embeddable":true,"href":"https:\/\/www.tgrthaber.com\/mavikadin\/wp-json\/wp\/v2\/tags?post=119182"}],"curies":[{"name":"wp","href":"https:\/\/api.w.org\/{rel}","templated":true}]}}