{"id":119196,"date":"2025-01-09T17:23:36","date_gmt":"2025-01-09T14:23:36","guid":{"rendered":"https:\/\/www.tgrthaber.com\/mavikadin\/?p=119196"},"modified":"2025-01-09T18:02:52","modified_gmt":"2025-01-09T15:02:52","slug":"athena-gokhandan-vedat-milora-tepki-hayretler-icerisindeyim","status":"publish","type":"post","link":"https:\/\/www.tgrthaber.com\/mavikadin\/athena-gokhandan-vedat-milora-tepki-hayretler-icerisindeyim\/","title":{"rendered":"\u015eark\u0131c\u0131 Athena G\u00f6khan&#8217;dan Vedat Milor&#8217;a tepki: Hayretler i\u00e7erisindeyim"},"content":{"rendered":"<p>79 ya\u015f\u0131ndaki Gurme ve sosyal medya fenomeni Vedat Milor&#8217;un ge\u00e7ti\u011fimiz g\u00fcnlerde konuk oldu\u011fu Canda\u015f Tolga I\u015f\u0131k\u2019\u0131n program\u0131ndaki s\u00f6zleri magazin g\u00fcndemine bomba gibi d\u00fc\u015fm\u00fc\u015ft\u00fc. Futbol g\u00fcndemi ile ilgili \u00e7arp\u0131c\u0131 a\u00e7\u0131klamalarda bulunan Milor&#8217;un kendisine y\u00f6neltilen &#8220;Bu sene kim \u015fampiyon olur?&#8221; sorusuna verdi\u011fi cevap izleyicilerden Fenerbah\u00e7eli taraftarlar aras\u0131nda polemi\u011fe yol a\u00e7m\u0131\u015ft\u0131.<\/p>\n<p>\u00dcnl\u00fc gurme Vedat Milor, \u015fampiyonluk yar\u0131\u015f\u0131nda birinci olmas\u0131n\u0131 istedi\u011fi tak\u0131m\u0131 direkt s\u00f6yleyerek belli etmek yerine, &#8220;Ad\u0131n\u0131 s\u00f6ylemeyece\u011fim tak\u0131m, inan\u0131lmaz kay\u0131r\u0131l\u0131yor. Galatasaray&#8217;\u0131 do\u011framaya \u00e7al\u0131\u015f\u0131yorlar&#8221; diyerek enteresan bir ifade kullanm\u0131\u015ft\u0131.<\/p>\n<h3>VEDAT M\u0130LOR&#8217;UN &#8216;\u015eAMP\u0130YONLUK&#8217; YORUMUNDAN SONRA ATHENA G\u00d6KHAN&#8217;DAN TEPK\u0130 GEC\u0130KMED\u0130<\/h3>\n<p>79 ya\u015f\u0131ndaki tan\u0131nan gurme Vedat Milor&#8217;un, birka\u00e7 g\u00fcn \u00f6ncesinde kat\u0131ld\u0131\u011f\u0131 programda hedef g\u00f6sterdi\u011fi tak\u0131m i\u00e7in kulland\u0131\u011f\u0131 ifadeler g\u00fcndeme oturmu\u015ftu.<\/p>\n<p><img loading=\"lazy\" decoding=\"async\" class=\"alignnone wp-image-58336\" src=\"https:\/\/www.tgrthaber.com\/mavikadin\/wp-content\/uploads\/2024\/09\/vedat-milor-dan-yeni-tartisma-konusu-cig-kofte-degil-aslinda-kisir.jpg\" alt=\"\" width=\"1208\" height=\"683\" title=\"\" srcset=\"https:\/\/www.tgrthaber.com\/mavikadin\/wp-content\/uploads\/2024\/09\/vedat-milor-dan-yeni-tartisma-konusu-cig-kofte-degil-aslinda-kisir.jpg 1200w, https:\/\/www.tgrthaber.com\/mavikadin\/wp-content\/uploads\/2024\/09\/vedat-milor-dan-yeni-tartisma-konusu-cig-kofte-degil-aslinda-kisir-300x170.jpg 300w, https:\/\/www.tgrthaber.com\/mavikadin\/wp-content\/uploads\/2024\/09\/vedat-milor-dan-yeni-tartisma-konusu-cig-kofte-degil-aslinda-kisir-1024x579.jpg 1024w, https:\/\/www.tgrthaber.com\/mavikadin\/wp-content\/uploads\/2024\/09\/vedat-milor-dan-yeni-tartisma-konusu-cig-kofte-degil-aslinda-kisir-768x434.jpg 768w, https:\/\/www.tgrthaber.com\/mavikadin\/wp-content\/uploads\/2024\/09\/vedat-milor-dan-yeni-tartisma-konusu-cig-kofte-degil-aslinda-kisir-531x300.jpg 531w, https:\/\/www.tgrthaber.com\/mavikadin\/wp-content\/uploads\/2024\/09\/vedat-milor-dan-yeni-tartisma-konusu-cig-kofte-degil-aslinda-kisir-600x339.jpg 600w, https:\/\/www.tgrthaber.com\/mavikadin\/wp-content\/uploads\/2024\/09\/vedat-milor-dan-yeni-tartisma-konusu-cig-kofte-degil-aslinda-kisir-30x16.jpg 30w, https:\/\/www.tgrthaber.com\/mavikadin\/wp-content\/uploads\/2024\/09\/vedat-milor-dan-yeni-tartisma-konusu-cig-kofte-degil-aslinda-kisir-18x10.jpg 18w\" sizes=\"(max-width: 1208px) 100vw, 1208px\" \/><\/p>\n<hr \/>\n<p>\u0130zleyicilerden Fenerli olanlar kendi i\u00e7lerinde Milor&#8217;un bu de\u011ferlendirmesini ele\u015ftirir iken Milor&#8217;u hakl\u0131 bulmay\u0131p kendi tak\u0131m\u0131n\u0131 savunanlardan birisi de \u00fcnl\u00fc isim \u015fark\u0131c\u0131 Athena G\u00f6khan oldu.<\/p>\n<h3>ATHENA G\u00d6KHAN&#8217;DAN M\u0130LOR&#8217;A CEVAP!<\/h3>\n<p>\u00dcnl\u00fc gurme Vedat Milor&#8217;un futbol alan\u0131nda yapt\u0131\u011f\u0131 bu yorumu ayr\u0131mc\u0131l\u0131k olarak yoran \u00fcnl\u00fc m\u00fczisyen G\u00f6khan \u00d6zo\u011fuz, sosyal medya hesab\u0131ndan Milor&#8217;a sert bir \u015fekilde tepkisini g\u00f6sterip baz\u0131 ele\u015ftirilerde bulundu.<\/p>\n<p><img loading=\"lazy\" decoding=\"async\" class=\"alignnone wp-image-119200\" src=\"https:\/\/www.tgrthaber.com\/mavikadin\/wp-content\/uploads\/632-1.png\" alt=\"\" width=\"1208\" height=\"667\" title=\"\" srcset=\"https:\/\/www.tgrthaber.com\/mavikadin\/wp-content\/uploads\/632-1.png 788w, https:\/\/www.tgrthaber.com\/mavikadin\/wp-content\/uploads\/632-1-300x166.png 300w, https:\/\/www.tgrthaber.com\/mavikadin\/wp-content\/uploads\/632-1-768x424.png 768w\" sizes=\"(max-width: 1208px) 100vw, 1208px\" \/><\/p>\n<hr \/>\n<p>Koyu bir Fenerbah\u00e7e taraftar\u0131 olan \u015fark\u0131c\u0131 Athena G\u00f6khan aktif kulland\u0131\u011f\u0131 y\u00fcksek takip\u00e7ili sosyal medya hesab\u0131nda yapt\u0131\u011f\u0131 a\u00e7\u0131klamas\u0131nda;<\/p>\n<p>&#8220;Sevgili Vedat Milor, hayretler i\u00e7erisindeyim. Ger\u00e7ekten son a\u00e7\u0131klaman\u0131z\u0131n hangi ger\u00e7ekli\u011fe dayand\u0131\u011f\u0131n\u0131 hangi ma\u00e7 \u00fczerinden konu\u015fabiliriz acaba? Hepimiz tak\u0131mlar\u0131m\u0131z\u0131n ba\u015far\u0131l\u0131 olmas\u0131n\u0131 isteriz fakat fanatizm, yap\u0131lan yanl\u0131\u015flar\u0131 do\u011fru okuman\u0131z\u0131n \u00f6n\u00fcne ge\u00e7ti\u011fi a\u015fikar. Bu ters alg\u0131 sistemi art\u0131k \u00e7al\u0131\u015fm\u0131yor, hepimiz ayn\u0131 ligi seyrediyoruz.\u00a0 L\u00fctfen daha tarafs\u0131z bir g\u00f6zle ele\u015ftiri yapman\u0131z temennisiyle&#8221; ifadelerini kulland\u0131.<\/p>\n<p>\u00dcnl\u00fc \u015fark\u0131c\u0131n\u0131n payla\u015f\u0131m\u0131ndan anla\u015f\u0131lan ifade ise; \u00fcnl\u00fc gurme Vedat Milor&#8217;un olaya yanda\u015f\u00e7\u0131 bir \u015fekilde yakla\u015f\u0131p kendi tak\u0131m\u0131n\u0131 \u015fampiyon olmas\u0131n\u0131 istedi\u011fi i\u00e7in kar\u015f\u0131 tak\u0131m\u0131 karalamaya niyetlendi\u011fidir.<\/p>\n<p>Athena G\u00f6khan&#8217;\u0131n bu ele\u015ftirisini hakl\u0131 bulanlar oldu\u011fu gibi haks\u0131z g\u00f6renler de oldu.<\/p>\n","protected":false},"excerpt":{"rendered":"<p>Ge\u00e7ti\u011fimiz g\u00fcnlerde yapt\u0131\u011f\u0131 futbol a\u00e7\u0131klamas\u0131yla g\u00fcndem olan \u00fcnl\u00fc gurme Vedat Milor&#8217;a \u015fark\u0131c\u0131 Athena G\u00f6khan&#8217;dan tepki geldi.<\/p>\n","protected":false},"author":27,"featured_media":119201,"comment_status":"closed","ping_status":"closed","sticky":false,"template":"","format":"standard","meta":{"rank_math_lock_modified_date":false,"footnotes":""},"categories":[76],"tags":[3967,7567,7568,985,3112,7566],"class_list":["post-119196","post","type-post","status-publish","format-standard","has-post-thumbnail","hentry","category-magazin","tag-athena-gokhan","tag-athena-gokhandan-vedat-milora-cevap","tag-fenerbahce","tag-galatasaray","tag-vedat-milor","tag-vedat-milor-sampiyonluk-aciklamasi"],"_links":{"self":[{"href":"https:\/\/www.tgrthaber.com\/mavikadin\/wp-json\/wp\/v2\/posts\/119196"}],"collection":[{"href":"https:\/\/www.tgrthaber.com\/mavikadin\/wp-json\/wp\/v2\/posts"}],"about":[{"href":"https:\/\/www.tgrthaber.com\/mavikadin\/wp-json\/wp\/v2\/types\/post"}],"author":[{"embeddable":true,"href":"https:\/\/www.tgrthaber.com\/mavikadin\/wp-json\/wp\/v2\/users\/27"}],"replies":[{"embeddable":true,"href":"https:\/\/www.tgrthaber.com\/mavikadin\/wp-json\/wp\/v2\/comments?post=119196"}],"version-history":[{"count":3,"href":"https:\/\/www.tgrthaber.com\/mavikadin\/wp-json\/wp\/v2\/posts\/119196\/revisions"}],"predecessor-version":[{"id":119217,"href":"https:\/\/www.tgrthaber.com\/mavikadin\/wp-json\/wp\/v2\/posts\/119196\/revisions\/119217"}],"wp:featuredmedia":[{"embeddable":true,"href":"https:\/\/www.tgrthaber.com\/mavikadin\/wp-json\/wp\/v2\/media\/119201"}],"wp:attachment":[{"href":"https:\/\/www.tgrthaber.com\/mavikadin\/wp-json\/wp\/v2\/media?parent=119196"}],"wp:term":[{"taxonomy":"category","embeddable":true,"href":"https:\/\/www.tgrthaber.com\/mavikadin\/wp-json\/wp\/v2\/categories?post=119196"},{"taxonomy":"post_tag","embeddable":true,"href":"https:\/\/www.tgrthaber.com\/mavikadin\/wp-json\/wp\/v2\/tags?post=119196"}],"curies":[{"name":"wp","href":"https:\/\/api.w.org\/{rel}","templated":true}]}}