{"id":119256,"date":"2025-01-09T20:37:08","date_gmt":"2025-01-09T17:37:08","guid":{"rendered":"https:\/\/www.tgrthaber.com\/mavikadin\/?p=119256"},"modified":"2025-01-09T20:37:40","modified_gmt":"2025-01-09T17:37:40","slug":"gelinim-mutfakta-programinin-sunucusu-asli-hunel-birden-gozyaslarina-boguldu-ilk-defa-itiraf-ediyorum-diyen-sunucu-merak-uyandirdi","status":"publish","type":"post","link":"https:\/\/www.tgrthaber.com\/mavikadin\/gelinim-mutfakta-programinin-sunucusu-asli-hunel-birden-gozyaslarina-boguldu-ilk-defa-itiraf-ediyorum-diyen-sunucu-merak-uyandirdi\/","title":{"rendered":"&#8216;Gelinim Mutfakta&#8217; program\u0131n\u0131n sunucusu Asl\u0131 H\u00fcnel g\u00f6zya\u015flar\u0131na bo\u011fuldu! &#8216;\u0130lk defa itiraf ediyorum&#8217; diyen sunucu merak uyand\u0131rd\u0131"},"content":{"rendered":"<p>Sunuculu\u011funu Asl\u0131 H\u00fcnel&#8217;in yapt\u0131\u011f\u0131 ve haftai\u00e7i her g\u00fcn saat 13.00&#8217;da Kanal D ekranlar\u0131na verilen &#8216;Gelinim Mutfakta&#8217; gelin-kaynana \u00e7eki\u015fmeleri ile merakla takip ediliyor. Yay\u0131na verildi\u011fi ilk sezondan itibaren birinci se\u00e7ilenlere \u00f6d\u00fcl olarak tam 10 alt\u0131n bilezik verilen \u00f6d\u00fcll\u00fc yar\u0131\u015fma program\u0131n\u0131n yeni b\u00f6l\u00fcm tan\u0131t\u0131m fragman\u0131 izleyenlerde merak uyand\u0131rd\u0131.<\/p>\n<p><strong>&#8216;GEL\u0130N\u0130M MUTFAKTA&#8217; PROGRAMININ SUNUCUSU ASLI H\u00dcNEL&#8217;DEN \u0130LG\u0130N\u00c7\u00a0 \u0130T\u0130RAF!<\/strong><\/p>\n<p>Kanal D ekranlar\u0131nda verilen &#8216;Gelinim Mutfakta&#8217;n\u0131n yeni b\u00f6l\u00fcm tan\u0131t\u0131m\u0131nda g\u00fczel sunucu Asl\u0131 H\u00fcnel, \u015f\u00f6yle bir konu\u015fma yapt\u0131:<\/p>\n<p><img loading=\"lazy\" decoding=\"async\" class=\"alignnone wp-image-119267\" src=\"https:\/\/www.tgrthaber.com\/mavikadin\/wp-content\/uploads\/655-2.png\" alt=\"\" width=\"1208\" height=\"672\" title=\"\" srcset=\"https:\/\/www.tgrthaber.com\/mavikadin\/wp-content\/uploads\/655-2.png 777w, https:\/\/www.tgrthaber.com\/mavikadin\/wp-content\/uploads\/655-2-300x167.png 300w, https:\/\/www.tgrthaber.com\/mavikadin\/wp-content\/uploads\/655-2-768x427.png 768w\" sizes=\"(max-width: 1208px) 100vw, 1208px\" \/><\/p>\n<hr \/>\n<p>\u201cBaz\u0131 anlar\u0131n tekrar\u0131 yoktur ilk defa Gelinim Mutfakta\u2019da anlataca\u011f\u0131m. Kendi d\u00fc\u011f\u00fcn\u00fcmle ilgili unutamad\u0131\u011f\u0131m yaram var.\u201d<\/p>\n<h3>&#8220;AB\u0130M BANA K\u00dcSM\u00dc\u015eT\u00dc, BARI\u015eMIYOR!&#8221;<\/h3>\n<p>E\u015fi ile evlendi\u011fi zaman\u0131 hat\u0131rlay\u0131p bir anda programda g\u00f6zya\u015flar\u0131na bo\u011fulan &#8216;Gelinim Mutfakta&#8217;n\u0131n sunucusu Asl\u0131 H\u00fcnel, \u201cAbim bana k\u00fcsm\u00fc\u015ft\u00fc bar\u0131\u015fm\u0131yor. \u0130nan\u0131n d\u00fc\u011f\u00fcn boyunca abimin o kap\u0131dan girece\u011fini hayal ettim, \u00e7ok \u00fcz\u00fcld\u00fcm. Bir daha tekrar\u0131 yok\u201d diyerek program\u0131n yar\u0131n ki b\u00f6l\u00fcm\u00fcnde neler olup bitece\u011fine dair merakta b\u0131rakt\u0131rd\u0131.<\/p>\n<h3>GEL\u0130N\u0130M MUTFAKTA PROGRAMININ SUNUCUSU ASLI H\u00dcNEL KISACA K\u0130MD\u0130R?<\/h3>\n<p>4 Haziran 1977\u2019de \u0130stanbul\u2019da d\u00fcnyaya g\u00f6zlerini a\u00e7an \u00fcnl\u00fc sunucu Asl\u0131 H\u00fcnel, T\u00fcrk sanat m\u00fczi\u011fi alan\u0131nda kendini ilerletmi\u015ftir.<\/p>\n<p><img loading=\"lazy\" decoding=\"async\" class=\"wp-image-97332\" src=\"https:\/\/www.tgrthaber.com\/mavikadin\/wp-content\/uploads\/Adsiz-tasarim-6-4.jpg\" alt=\"Asl\u0131 H\u00fcnel Dubai \u00e7ikolatas\u0131\" width=\"1208\" height=\"680\" title=\"\" srcset=\"https:\/\/www.tgrthaber.com\/mavikadin\/wp-content\/uploads\/Adsiz-tasarim-6-4.jpg 1600w, https:\/\/www.tgrthaber.com\/mavikadin\/wp-content\/uploads\/Adsiz-tasarim-6-4-300x169.jpg 300w, https:\/\/www.tgrthaber.com\/mavikadin\/wp-content\/uploads\/Adsiz-tasarim-6-4-1024x576.jpg 1024w, https:\/\/www.tgrthaber.com\/mavikadin\/wp-content\/uploads\/Adsiz-tasarim-6-4-768x432.jpg 768w, https:\/\/www.tgrthaber.com\/mavikadin\/wp-content\/uploads\/Adsiz-tasarim-6-4-1536x864.jpg 1536w\" sizes=\"(max-width: 1208px) 100vw, 1208px\" \/><\/p>\n<hr \/>\n<p>Hen\u00fcz k\u00fc\u00e7\u00fckl\u00fckten m\u00fczik d\u00fcnyas\u0131na ad\u0131m atan H\u00fcnel, \u00dcsk\u00fcdar Musiki Cemiyeti&#8217;ne girmi\u015ftir. Arap ve Selanik k\u00f6kenli bir aileye sahip olan H\u00fcnel t\u0131pk\u0131 kendisi gibi sanat\u00e7\u0131 olan Saruhan H\u00fcnel&#8217;in karde\u015fidir.<\/p>\n<h3>ASLI H\u00dcNEL&#8217;\u0130N MESLEK HAYATI<\/h3>\n<p>M\u00fczik sekt\u00f6r\u00fcne ilk giri\u015fi 1990&#8217;l\u0131 y\u0131llarda &#8220;G\u00fcne\u015f Do\u011fmuyor&#8221; alb\u00fcm\u00fcyle oldu. \u00dcnl\u00fc isim daha sonradan \u201cBamba\u015fka\u201d alb\u00fcm\u00fc ba\u015fta olmak \u00fczere birden fazla say\u0131da single \u00e7al\u0131\u015fmalar\u0131yla \u00f6ne \u00e7\u0131kt\u0131.<\/p>\n<p>2021\u2019de TGRT Haber\u2019de \u201cG\u00fcnayd\u0131n T\u00fcrkiye\u201d program\u0131n\u0131n sunuculu\u011funu yaparak televizyon d\u00fcnyas\u0131ndaki ilk ad\u0131m\u0131n\u0131 da atan Asl\u0131 H\u00fcnel, bu programdan sonra Show TV ekranlar\u0131nda yay\u0131nlanan \u201cGelin Evi\u201d program\u0131n\u0131n sunuculu\u011funu yapt\u0131. Ve en son ise 2024 y\u0131l\u0131 itibar\u0131yla Kanal D\u2019de ekranlara verilen \u201cGelinim Mutfakta\u201d program\u0131n\u0131 sunuculu\u011funa devam etmektedir.<\/p>\n","protected":false},"excerpt":{"rendered":"<p>&#8216;Gelinim Mutfakta&#8217; program\u0131n\u0131n yar\u0131n ki b\u00f6l\u00fcm\u00fcnde hi\u00e7 unutamad\u0131\u011f\u0131 ve hala i\u00e7inde yara olarak kalan bir durumu anlataca\u011f\u0131n\u0131 s\u00f6ylerken g\u00f6zya\u015flar\u0131na engel olamad\u0131.<\/p>\n","protected":false},"author":27,"featured_media":119268,"comment_status":"closed","ping_status":"closed","sticky":false,"template":"","format":"standard","meta":{"rank_math_lock_modified_date":false,"footnotes":""},"categories":[76],"tags":[2737,7578],"class_list":["post-119256","post","type-post","status-publish","format-standard","has-post-thumbnail","hentry","category-magazin","tag-asli-hunel","tag-gelinim-mutfakta"],"_links":{"self":[{"href":"https:\/\/www.tgrthaber.com\/mavikadin\/wp-json\/wp\/v2\/posts\/119256"}],"collection":[{"href":"https:\/\/www.tgrthaber.com\/mavikadin\/wp-json\/wp\/v2\/posts"}],"about":[{"href":"https:\/\/www.tgrthaber.com\/mavikadin\/wp-json\/wp\/v2\/types\/post"}],"author":[{"embeddable":true,"href":"https:\/\/www.tgrthaber.com\/mavikadin\/wp-json\/wp\/v2\/users\/27"}],"replies":[{"embeddable":true,"href":"https:\/\/www.tgrthaber.com\/mavikadin\/wp-json\/wp\/v2\/comments?post=119256"}],"version-history":[{"count":4,"href":"https:\/\/www.tgrthaber.com\/mavikadin\/wp-json\/wp\/v2\/posts\/119256\/revisions"}],"predecessor-version":[{"id":119270,"href":"https:\/\/www.tgrthaber.com\/mavikadin\/wp-json\/wp\/v2\/posts\/119256\/revisions\/119270"}],"wp:featuredmedia":[{"embeddable":true,"href":"https:\/\/www.tgrthaber.com\/mavikadin\/wp-json\/wp\/v2\/media\/119268"}],"wp:attachment":[{"href":"https:\/\/www.tgrthaber.com\/mavikadin\/wp-json\/wp\/v2\/media?parent=119256"}],"wp:term":[{"taxonomy":"category","embeddable":true,"href":"https:\/\/www.tgrthaber.com\/mavikadin\/wp-json\/wp\/v2\/categories?post=119256"},{"taxonomy":"post_tag","embeddable":true,"href":"https:\/\/www.tgrthaber.com\/mavikadin\/wp-json\/wp\/v2\/tags?post=119256"}],"curies":[{"name":"wp","href":"https:\/\/api.w.org\/{rel}","templated":true}]}}