{"id":119257,"date":"2025-01-09T20:20:00","date_gmt":"2025-01-09T17:20:00","guid":{"rendered":"https:\/\/www.tgrthaber.com\/mavikadin\/?p=119257"},"modified":"2025-01-09T21:04:39","modified_gmt":"2025-01-09T18:04:39","slug":"serenay-sarikaya-ve-ayse-barimdan-ilk-aciklama","status":"publish","type":"post","link":"https:\/\/www.tgrthaber.com\/mavikadin\/serenay-sarikaya-ve-ayse-barimdan-ilk-aciklama\/","title":{"rendered":"Serenay Sar\u0131kaya ve Ay\u015fe Bar\u0131m&#8217;dan ilk a\u00e7\u0131klama!"},"content":{"rendered":"<p>ID \u0130leti\u015fim ve \u00fcnl\u00fc isimlerin menajeri hakk\u0131nda \u00e7\u0131kan s\u00f6ylentiler, g\u00fcndemi sarsarken, oyuncular\u0131n verdi\u011fi tepkilerle ortal\u0131k kar\u0131\u015ft\u0131. \u0130ddialar\u0131n merkezindeki isimlerden Serenay Sar\u0131kaya ve ID \u0130leti\u015fim, s\u00f6z konusu haberleri ge\u00e7ti\u011fimiz g\u00fcn sosyal medya hesaplar\u0131ndan yalanlad\u0131lar. Serenay Sar\u0131kaya, hakk\u0131ndaki \u00e7\u0131kan haberlerle ilgili ilk kez konu\u015ftu. Hukuki i\u015flem ba\u015flatt\u0131klar\u0131n\u0131 Gazete Magazin\u2019e bildiren oyuncu, iddialara \u201csa\u00e7ma ve inan\u0131lmaz\u201d diyerek sert tepki g\u00f6sterdi.<\/p>\n<h3>SERENAY SARIKAYA&#8217;DAN AY\u015eE BARIM OLAYI HAKKINDA \u0130LK A\u00c7IKLAMA<\/h3>\n<p>Son dakika ortaya at\u0131lan s\u00f6ylentilerin ard\u0131ndan ilk kez kameralara yans\u0131yan Serenay Sar\u0131kaya, menajerlik firmas\u0131 \u00e7\u0131k\u0131\u015f\u0131 gazetecilerin sorular\u0131n\u0131 yan\u0131tlad\u0131. Sar\u0131kaya yapt\u0131\u011f\u0131 a\u00e7\u0131klamada \u015fu s\u00f6zlere yer verdi;<\/p>\n<hr \/>\n<p>&#8220;\u00d6ylesine garip ve inan\u0131lmaz \u015feyler ki buna s\u00f6ylenecek hi\u00e7bir \u015fey yok. Hem ID \u0130leti\u015fim olarak hem de \u015fahsen biz bu s\u00fcreci yasal yollara ta\u015f\u0131d\u0131k. \u015eu an mahkeme s\u00fcreci devam etti\u011fi i\u00e7in detayl\u0131 bir \u015fey s\u00f6ylemek istemiyorum,&#8221; diyen Serenay Sar\u0131kaya, kendisiyle ilgili \u00e7\u0131kan iddialara yan\u0131t verdi.<\/p>\n<div style=\"width: 640px;\" class=\"wp-video\"><!--[if lt IE 9]><script>document.createElement('video');<\/script><![endif]-->\n<video class=\"wp-video-shortcode\" id=\"video-119257-1\" width=\"640\" height=\"1138\" preload=\"metadata\" controls=\"controls\"><source type=\"video\/mp4\" src=\"https:\/\/www.tgrthaber.com\/mavikadin\/wp-content\/uploads\/serenay.mp4?_=1\" \/><a href=\"https:\/\/www.tgrthaber.com\/mavikadin\/wp-content\/uploads\/serenay.mp4\">https:\/\/www.tgrthaber.com\/mavikadin\/wp-content\/uploads\/serenay.mp4<\/a><\/video><\/div>\n<hr \/>\n<h3>AY\u015eE BARIM&#8217;DAN \u0130LK A\u00c7IKLAMA<\/h3>\n<p>Konuyla ilgili konular\u0131n oda\u011f\u0131ndaki isim Ay\u015fe Bar\u0131m&#8217;dan ilk a\u00e7\u0131klama geldi. Bar\u0131m, magazin gazetecilerinin \u00f6n\u00fcne \u00e7\u0131karak \u00e7\u0131kan haberler ve hakk\u0131nda ba\u015flat\u0131lan yarg\u0131 s\u011freciyle ilgili konu\u015ftu.<\/p>\n<div style=\"width: 640px;\" class=\"wp-video\"><video class=\"wp-video-shortcode\" id=\"video-119257-2\" width=\"640\" height=\"1138\" preload=\"metadata\" controls=\"controls\"><source type=\"video\/mp4\" src=\"https:\/\/www.tgrthaber.com\/mavikadin\/wp-content\/uploads\/ayse.mp4?_=2\" \/><a href=\"https:\/\/www.tgrthaber.com\/mavikadin\/wp-content\/uploads\/ayse.mp4\">https:\/\/www.tgrthaber.com\/mavikadin\/wp-content\/uploads\/ayse.mp4<\/a><\/video><\/div>\n<h3><\/h3>\n<h3>\u00dcNL\u00dc \u0130S\u0130MLER OLAYA TEPK\u0130 G\u00d6STERD\u0130<\/h3>\n<p>Son g\u00fcnlerde magazin g\u00fcndemini, ID \u0130leti\u015fim ve \u00fcnl\u00fc isimlerin menajerli\u011fini \u00fcstlenen ki\u015filerle ilgili ortaya at\u0131lan s\u00f6ylentiler sars\u0131yor. Ge\u00e7ti\u011fimiz g\u00fcnlerde ID \u0130leti\u015fim, bu ger\u00e7ek d\u0131\u015f\u0131 iddialar\u0131 resmi bir a\u00e7\u0131klama yaparak reddetti. Ard\u0131ndan Hazal Kaya ba\u015fta olmak \u00fczere, Ezgi Mola, Mert Yaz\u0131c\u0131o\u011flu, Sinem Kobal gibi \u00fcnl\u00fc isimlerden de konuya ili\u015fkin tepkiler pe\u015f pe\u015fe geldi.<\/p>\n<p><img loading=\"lazy\" decoding=\"async\" class=\"alignnone size-full wp-image-119259\" src=\"https:\/\/www.tgrthaber.com\/mavikadin\/wp-content\/uploads\/ujwq.jpg\" alt=\"\" width=\"1280\" height=\"680\" title=\"\" srcset=\"https:\/\/www.tgrthaber.com\/mavikadin\/wp-content\/uploads\/ujwq.jpg 1280w, https:\/\/www.tgrthaber.com\/mavikadin\/wp-content\/uploads\/ujwq-300x159.jpg 300w, https:\/\/www.tgrthaber.com\/mavikadin\/wp-content\/uploads\/ujwq-1024x544.jpg 1024w, https:\/\/www.tgrthaber.com\/mavikadin\/wp-content\/uploads\/ujwq-768x408.jpg 768w\" sizes=\"(max-width: 1280px) 100vw, 1280px\" \/><\/p>\n<hr \/>\n<p>Burcu Biricik ve Afra Sara\u00e7o\u011flu, konunun magazin d\u00fcnyas\u0131nda geni\u015f yank\u0131 uyand\u0131rmas\u0131ndan \u015fikayet ederken, Metin Akd\u00fclger de sosyal medya platformunda olaya ili\u015fkin g\u00f6r\u00fc\u015flerini takip\u00e7ileriyle payla\u015fm\u0131\u015ft\u0131.<\/p>\n<p><img loading=\"lazy\" decoding=\"async\" class=\"alignnone size-full wp-image-119260\" src=\"https:\/\/www.tgrthaber.com\/mavikadin\/wp-content\/uploads\/ujy.jpg\" alt=\"\" width=\"1280\" height=\"680\" title=\"\" srcset=\"https:\/\/www.tgrthaber.com\/mavikadin\/wp-content\/uploads\/ujy.jpg 1280w, https:\/\/www.tgrthaber.com\/mavikadin\/wp-content\/uploads\/ujy-300x159.jpg 300w, https:\/\/www.tgrthaber.com\/mavikadin\/wp-content\/uploads\/ujy-1024x544.jpg 1024w, https:\/\/www.tgrthaber.com\/mavikadin\/wp-content\/uploads\/ujy-768x408.jpg 768w\" sizes=\"(max-width: 1280px) 100vw, 1280px\" \/><\/p>\n<p>Serenay Sar\u0131kaya da herkesi \u015fa\u015fk\u0131na \u00e7eviren olayla ilgili yan\u0131t\u0131n\u0131, ID \u0130leti\u015fim taraf\u0131ndan yap\u0131lan resmi a\u00e7\u0131klamay\u0131 Instagram hesab\u0131nda payla\u015farak vermi\u015fti.<\/p>\n","protected":false},"excerpt":{"rendered":"<p>Serenay Sar\u0131kaya, hakk\u0131nda \u00e7\u0131kan iddialara bir kez de kameralar \u00f6n\u00fcnde a\u00e7\u0131klama getirdi. Daha \u00f6nce Instagram hesab\u0131ndan bir payla\u015f\u0131mda bulunan Sar\u0131kaya, su\u00e7lamalar\u0131 kabul etmedi.<\/p>\n","protected":false},"author":2,"featured_media":119286,"comment_status":"closed","ping_status":"closed","sticky":false,"template":"","format":"standard","meta":{"rank_math_lock_modified_date":false,"footnotes":""},"categories":[76],"tags":[7518,133,2218,2688],"class_list":["post-119257","post","type-post","status-publish","format-standard","has-post-thumbnail","hentry","category-magazin","tag-id-iletisim","tag-magazin","tag-magazin-haberleri","tag-serenay-sarikaya"],"_links":{"self":[{"href":"https:\/\/www.tgrthaber.com\/mavikadin\/wp-json\/wp\/v2\/posts\/119257"}],"collection":[{"href":"https:\/\/www.tgrthaber.com\/mavikadin\/wp-json\/wp\/v2\/posts"}],"about":[{"href":"https:\/\/www.tgrthaber.com\/mavikadin\/wp-json\/wp\/v2\/types\/post"}],"author":[{"embeddable":true,"href":"https:\/\/www.tgrthaber.com\/mavikadin\/wp-json\/wp\/v2\/users\/2"}],"replies":[{"embeddable":true,"href":"https:\/\/www.tgrthaber.com\/mavikadin\/wp-json\/wp\/v2\/comments?post=119257"}],"version-history":[{"count":4,"href":"https:\/\/www.tgrthaber.com\/mavikadin\/wp-json\/wp\/v2\/posts\/119257\/revisions"}],"predecessor-version":[{"id":119271,"href":"https:\/\/www.tgrthaber.com\/mavikadin\/wp-json\/wp\/v2\/posts\/119257\/revisions\/119271"}],"wp:featuredmedia":[{"embeddable":true,"href":"https:\/\/www.tgrthaber.com\/mavikadin\/wp-json\/wp\/v2\/media\/119286"}],"wp:attachment":[{"href":"https:\/\/www.tgrthaber.com\/mavikadin\/wp-json\/wp\/v2\/media?parent=119257"}],"wp:term":[{"taxonomy":"category","embeddable":true,"href":"https:\/\/www.tgrthaber.com\/mavikadin\/wp-json\/wp\/v2\/categories?post=119257"},{"taxonomy":"post_tag","embeddable":true,"href":"https:\/\/www.tgrthaber.com\/mavikadin\/wp-json\/wp\/v2\/tags?post=119257"}],"curies":[{"name":"wp","href":"https:\/\/api.w.org\/{rel}","templated":true}]}}