{"id":119264,"date":"2025-01-09T20:52:23","date_gmt":"2025-01-09T17:52:23","guid":{"rendered":"https:\/\/www.tgrthaber.com\/mavikadin\/?p=119264"},"modified":"2025-01-09T20:52:23","modified_gmt":"2025-01-09T17:52:23","slug":"oyuncu-deniz-isindan-ayse-barim-olayi-ile-ilgili-zehir-zemberek-aciklama-kac-tane-kadinin-hakkina-girdiniz","status":"publish","type":"post","link":"https:\/\/www.tgrthaber.com\/mavikadin\/oyuncu-deniz-isindan-ayse-barim-olayi-ile-ilgili-zehir-zemberek-aciklama-kac-tane-kadinin-hakkina-girdiniz\/","title":{"rendered":"Oyuncu Deniz I\u015f\u0131n&#8217;dan Ay\u015fe Bar\u0131m olay\u0131 ile ilgili zehir zemberek a\u00e7\u0131klama: &#8216;Ka\u00e7 tane kad\u0131n\u0131n hakk\u0131na girdiniz!&#8217;"},"content":{"rendered":"<p>Pek \u00e7ok \u00fcnl\u00fc ismin menajerli\u011fini \u00fcstlenen ID \u0130leti\u015fim&#8217;in orta\u011f\u0131 ve y\u00f6neticisi Ay\u015fe Bar\u0131m hakk\u0131nda ortaya at\u0131lan iddialar b\u00fcy\u00fck yank\u0131 uyand\u0131rd\u0131. Rekabet Kurumu, ID \u0130leti\u015fim&#8217;in de i\u00e7inde yer ald\u0131\u011f\u0131 bir\u00e7ok ajans hakk\u0131nda soru\u015fturma ba\u015flatt\u0131. Bu geli\u015fmenin ard\u0131ndan \u00fcnl\u00fc isimler sessiz kalmad\u0131; Hazal Kaya ve Berg\u00fczar Korel sosyal medyada destek mesajlar\u0131 payla\u015f\u0131rken, Burcu Biricik tekelle\u015fmeye dair dikkat \u00e7eken bir payla\u015f\u0131mda bulundu. Bunlar\u0131n en \u00e7arp\u0131c\u0131s\u0131 oyuncu Deniz I\u015f\u0131n&#8217;dan geldi. I\u015f\u0131n, zehir zemberek s\u00f6zlerle \u00fcnl\u00fc menajere y\u00fcklendi.<\/p>\n<h3>OYUNCU DEN\u0130Z I\u015eIN&#8217;DAN AY\u015eE BARIM OLAYI \u0130LE \u0130LG\u0130L\u0130 ZEH\u0130R ZEMBEREK A\u00c7IKLAMA<\/h3>\n<p>Olaylar\u0131n g\u00f6be\u011findeki Ay\u015fe Bar\u0131m hakk\u0131nda bir a\u00e7\u0131klamada oyuncu Deniz I\u015f\u0131n&#8217;dan geldi. I\u015f\u0131n, sosyal medya hesab\u0131nda yapt\u0131\u011f\u0131 zehir zemberek a\u00e7\u0131klamalarla \u015funlar\u0131 s\u00f6yledi;<\/p>\n<hr \/>\n<p>&#8220;Kad\u0131n dayan\u0131\u015fmas\u0131 istedi\u011finiz kad\u0131n y\u00fcz\u00fcnden ka\u00e7 tane kad\u0131n oyuncunun hakk\u0131na girildi d\u00fc\u015f\u00fcnd\u00fcn\u00fcz m\u00fc hi\u00e7? Kendisi bizzat i\u015fime engel olmaya kalkt\u0131, tan\u0131d\u0131\u011f\u0131m \u00e7ok yetenekli kad\u0131n oyuncular\u0131n \u00f6n\u00fcn\u00fc kesti. E\u011fer bir mafyala\u015fma varsa kad\u0131na insan haklar\u0131 savunucusu olarak en \u00e7ok sizin ses \u00e7\u0131karman\u0131z gerek. Kime kimi pe\u015fke\u015f \u00e7ekti bilemem ama \u015fa\u015f\u0131rmam. S\u0131ras\u0131 geldi diye delirmeyin elbet kokusu \u00e7\u0131kacakt\u0131.&#8221;<\/p>\n<figure id=\"attachment_119274\" aria-describedby=\"caption-attachment-119274\" style=\"width: 1280px\" class=\"wp-caption alignnone\"><img loading=\"lazy\" decoding=\"async\" class=\"size-full wp-image-119274\" src=\"https:\/\/www.tgrthaber.com\/mavikadin\/wp-content\/uploads\/ujWW.jpg\" alt=\"Ay\u015fe Bar\u0131m Deniz I\u015f\u0131n\" width=\"1280\" height=\"680\" title=\"\" srcset=\"https:\/\/www.tgrthaber.com\/mavikadin\/wp-content\/uploads\/ujWW.jpg 1280w, https:\/\/www.tgrthaber.com\/mavikadin\/wp-content\/uploads\/ujWW-300x159.jpg 300w, https:\/\/www.tgrthaber.com\/mavikadin\/wp-content\/uploads\/ujWW-1024x544.jpg 1024w, https:\/\/www.tgrthaber.com\/mavikadin\/wp-content\/uploads\/ujWW-768x408.jpg 768w\" sizes=\"(max-width: 1280px) 100vw, 1280px\" \/><figcaption id=\"caption-attachment-119274\" class=\"wp-caption-text\">Ay\u015fe Bar\u0131m Deniz I\u015f\u0131n<\/figcaption><\/figure>\n<h3>&#8216;TEKELLE\u015eME&#8217; \u0130FADES\u0130 D\u0130KKAT \u00c7EKT\u0130<\/h3>\n<p>Rekabet Kurumu&#8217;nun &#8220;ID \u0130leti\u015fim&#8221; hakk\u0131nda ba\u015flatt\u0131\u011f\u0131 tekelle\u015fme soru\u015fturmas\u0131 giderek geni\u015fliyor. Ay\u015fe Bar\u0131m&#8217;\u0131n ad\u0131 X platformunda konu\u015fulurken, \u00fcnl\u00fc isimlerin de olaya dahil olmas\u0131yla ID \u0130leti\u015fim hakk\u0131nda pek \u00e7ok yeni iddia g\u00fcndeme geldi. Konuyu ilk g\u00fcndeme getiren isimlerden biri Gazeteci Fuat U\u011fur oldu. Dizi ve sinema sekt\u00f6r\u00fcndeki tekelle\u015fmeye dair yaz\u0131s\u0131nda \u015fu ifadeleri kulland\u0131:<\/p>\n<hr \/>\n<p>&#8220;Bu sekt\u00f6r\u00fc elinde tutan ve \u00f6ne \u00e7\u0131kan birka\u00e7 ki\u015fi var. Aralar\u0131ndaki en g\u00fc\u00e7l\u00fc isim ise oyuncu maskesi alt\u0131ndaki yeteneksiz ve vas\u0131fs\u0131z gen\u00e7 kad\u0131nlar\u0131 adeta pazarlayan i\u015f kad\u0131n\u0131. \u00d6rne\u011fin, bu kad\u0131nlardan birinin neredeyse izlenmeyen bir dizisinin \u00fc\u00e7\u00fcnc\u00fc sezonunu dijital platformlara yapt\u0131racak kadar etkili. Bir ba\u015fka kad\u0131n\u0131 ise, bir e\u015fcinsel \u015fark\u0131c\u0131yla sevgili gibi g\u00f6sterip, \u015fark\u0131c\u0131n\u0131n i\u015fadam\u0131 sevgilisinden (g\u00f6r\u00fcnt\u00fcy\u00fc kurtarmak ad\u0131na) 5 milyon dolar \u00e7alan da o.&#8221;<\/p>\n<p><img loading=\"lazy\" decoding=\"async\" class=\"alignnone size-full wp-image-119275\" src=\"https:\/\/www.tgrthaber.com\/mavikadin\/wp-content\/uploads\/ujdd.jpg\" alt=\"\" width=\"1280\" height=\"680\" title=\"\" srcset=\"https:\/\/www.tgrthaber.com\/mavikadin\/wp-content\/uploads\/ujdd.jpg 1280w, https:\/\/www.tgrthaber.com\/mavikadin\/wp-content\/uploads\/ujdd-300x159.jpg 300w, https:\/\/www.tgrthaber.com\/mavikadin\/wp-content\/uploads\/ujdd-1024x544.jpg 1024w, https:\/\/www.tgrthaber.com\/mavikadin\/wp-content\/uploads\/ujdd-768x408.jpg 768w\" sizes=\"(max-width: 1280px) 100vw, 1280px\" \/><\/p>\n<hr \/>\n<h3>SORU\u015eTURMA BA\u015eLATILDI<\/h3>\n<p>Rekabet Kurumu, Kast Ajanslar\u0131 Derne\u011fi ve menajerler taraf\u0131ndan &#8220;Rekabetin Korunmas\u0131 Hakk\u0131nda Kanun&#8221;un ihlaliyle ilgili y\u00fcr\u00fct\u00fclen \u00f6n ara\u015ft\u0131rmay\u0131 tamamlad\u0131. Yap\u0131lan tespitler ve toplanan belgeler sonras\u0131nda Kurul, 21 kuruma soru\u015fturma a\u00e7\u0131lmas\u0131na karar verdi.<\/p>\n","protected":false},"excerpt":{"rendered":"<p>Oyuncu Deniz I\u015f\u0131n, hakk\u0131nda soru\u015fturma a\u00e7\u0131lan ve ayn\u0131 zamanda sekt\u00f6rde baz\u0131 oyuncular\u0131n \u00f6n\u00fcn\u00fc kesti\u011fi y\u00f6n\u00fcndeki haberlerle g\u00fcndeme oturan Ay\u015fe Bar\u0131m hakk\u0131nda zehir zemberek a\u00e7\u0131klamalarda bulundu.<\/p>\n","protected":false},"author":2,"featured_media":119276,"comment_status":"closed","ping_status":"closed","sticky":false,"template":"","format":"standard","meta":{"rank_math_lock_modified_date":false,"footnotes":""},"categories":[76],"tags":[7462,7579,133,2218],"class_list":["post-119264","post","type-post","status-publish","format-standard","has-post-thumbnail","hentry","category-magazin","tag-ayse-barim","tag-deniz-isin","tag-magazin","tag-magazin-haberleri"],"_links":{"self":[{"href":"https:\/\/www.tgrthaber.com\/mavikadin\/wp-json\/wp\/v2\/posts\/119264"}],"collection":[{"href":"https:\/\/www.tgrthaber.com\/mavikadin\/wp-json\/wp\/v2\/posts"}],"about":[{"href":"https:\/\/www.tgrthaber.com\/mavikadin\/wp-json\/wp\/v2\/types\/post"}],"author":[{"embeddable":true,"href":"https:\/\/www.tgrthaber.com\/mavikadin\/wp-json\/wp\/v2\/users\/2"}],"replies":[{"embeddable":true,"href":"https:\/\/www.tgrthaber.com\/mavikadin\/wp-json\/wp\/v2\/comments?post=119264"}],"version-history":[{"count":1,"href":"https:\/\/www.tgrthaber.com\/mavikadin\/wp-json\/wp\/v2\/posts\/119264\/revisions"}],"predecessor-version":[{"id":119277,"href":"https:\/\/www.tgrthaber.com\/mavikadin\/wp-json\/wp\/v2\/posts\/119264\/revisions\/119277"}],"wp:featuredmedia":[{"embeddable":true,"href":"https:\/\/www.tgrthaber.com\/mavikadin\/wp-json\/wp\/v2\/media\/119276"}],"wp:attachment":[{"href":"https:\/\/www.tgrthaber.com\/mavikadin\/wp-json\/wp\/v2\/media?parent=119264"}],"wp:term":[{"taxonomy":"category","embeddable":true,"href":"https:\/\/www.tgrthaber.com\/mavikadin\/wp-json\/wp\/v2\/categories?post=119264"},{"taxonomy":"post_tag","embeddable":true,"href":"https:\/\/www.tgrthaber.com\/mavikadin\/wp-json\/wp\/v2\/tags?post=119264"}],"curies":[{"name":"wp","href":"https:\/\/api.w.org\/{rel}","templated":true}]}}