{"id":119296,"date":"2025-01-09T21:26:37","date_gmt":"2025-01-09T18:26:37","guid":{"rendered":"https:\/\/www.tgrthaber.com\/mavikadin\/?p=119296"},"modified":"2025-01-09T21:26:37","modified_gmt":"2025-01-09T18:26:37","slug":"masterchef-turkiye-buyuk-final-heyecani-basladi-jurilerden-carpici-aciklamalar","status":"publish","type":"post","link":"https:\/\/www.tgrthaber.com\/mavikadin\/masterchef-turkiye-buyuk-final-heyecani-basladi-jurilerden-carpici-aciklamalar\/","title":{"rendered":"MasterChef T\u00fcrkiye b\u00fcy\u00fck final heyecan\u0131 ba\u015flad\u0131! J\u00fcrilerden \u00e7arp\u0131c\u0131 a\u00e7\u0131klamalar"},"content":{"rendered":"<p>MasterChef T\u00fcrkiye 2024\u2019te final heyecan\u0131 doruk noktas\u0131na ula\u015ft\u0131! TV8 ekranlar\u0131nda yay\u0131nlanan yar\u0131\u015fman\u0131n \u015fampiyonu, 11 Ocak 2025 Cumartesi ak\u015fam\u0131 canl\u0131 yay\u0131nda belli olacak. Finale kalan yar\u0131\u015fmac\u0131lar Kerem, Eda, Onur ve Semih, \u015fampiyonluk i\u00e7in son tariflerini haz\u0131rlarken, j\u00fcri \u00fcyeleri Mehmet Yal\u00e7\u0131nkaya, Danilo Zanna ve Somer Sivrio\u011flu&#8217;nun final haftas\u0131na dair a\u00e7\u0131klamalar\u0131 dikkat \u00e7ekti.<\/p>\n<h3>F\u0130NALE SAYILI G\u00dcNLER KALDI<\/h3>\n<p>MasterChef T\u00fcrkiye\u2019nin bu sezonunda rekabet ve heyecan dolu anlar izleyicileri ekran ba\u015f\u0131na kilitledi. J\u00fcri \u00fcyeleri, \u201cBu sezon \u015fampiyonu belirleyen fakt\u00f6r sadece yemek becerisi de\u011fil, ayn\u0131 zamanda karakter, stres y\u00f6netimi ve mental g\u00fc\u00e7 olacak\u201d diyerek, finalistlerin zorlu bir s\u0131navdan ge\u00e7ti\u011fini belirtti.<\/p>\n<p><img loading=\"lazy\" decoding=\"async\" class=\"alignnone size-full wp-image-119299\" src=\"https:\/\/www.tgrthaber.com\/mavikadin\/wp-content\/uploads\/Yeni-Proje-7-8.jpg\" alt=\"\" width=\"1208\" height=\"680\" title=\"\" srcset=\"https:\/\/www.tgrthaber.com\/mavikadin\/wp-content\/uploads\/Yeni-Proje-7-8.jpg 1208w, https:\/\/www.tgrthaber.com\/mavikadin\/wp-content\/uploads\/Yeni-Proje-7-8-300x169.jpg 300w, https:\/\/www.tgrthaber.com\/mavikadin\/wp-content\/uploads\/Yeni-Proje-7-8-1024x576.jpg 1024w, https:\/\/www.tgrthaber.com\/mavikadin\/wp-content\/uploads\/Yeni-Proje-7-8-768x432.jpg 768w\" sizes=\"(max-width: 1208px) 100vw, 1208px\" \/><\/p>\n<hr \/>\n<h3>EN UNUTULMAZ MASTERCHEF ANLARINI ANLATTILAR<\/h3>\n<p>\u00dcnl\u00fc \u015fefler, TV8\u2019de konuk olduklar\u0131 Gel Konu\u015fal\u0131m program\u0131nda, yar\u0131\u015fma boyunca ya\u015fad\u0131klar\u0131 unutulmaz anlar\u0131 payla\u015ft\u0131. Mehmet \u015eef, yar\u0131\u015fman\u0131n en \u015fa\u015f\u0131rt\u0131c\u0131 anlar\u0131ndan birini \u015f\u00f6yle anlatt\u0131:<br \/>\n\u201cSerhat\u2019\u0131n erken elenmesi ger\u00e7ekten b\u00fcy\u00fck bir s\u00fcrprizdi. Ayr\u0131ca Beyza\u2019n\u0131n ya\u015fad\u0131\u011f\u0131 talihsiz kaza hepimizi \u015foke etti. B\u00f6yle bir \u015feyin olaca\u011f\u0131n\u0131 asla tahmin etmezdik.\u201d<\/p>\n<p><img loading=\"lazy\" decoding=\"async\" class=\"alignnone size-full wp-image-119300\" src=\"https:\/\/www.tgrthaber.com\/mavikadin\/wp-content\/uploads\/Yeni-Proje-8-10.jpg\" alt=\"\" width=\"1208\" height=\"680\" title=\"\" srcset=\"https:\/\/www.tgrthaber.com\/mavikadin\/wp-content\/uploads\/Yeni-Proje-8-10.jpg 1208w, https:\/\/www.tgrthaber.com\/mavikadin\/wp-content\/uploads\/Yeni-Proje-8-10-300x169.jpg 300w, https:\/\/www.tgrthaber.com\/mavikadin\/wp-content\/uploads\/Yeni-Proje-8-10-1024x576.jpg 1024w, https:\/\/www.tgrthaber.com\/mavikadin\/wp-content\/uploads\/Yeni-Proje-8-10-768x432.jpg 768w\" sizes=\"(max-width: 1208px) 100vw, 1208px\" \/><\/p>\n<hr \/>\n<p>Finalistlerle ilgili de\u011ferlendirmelerde bulunan Danilo \u015eef, yar\u0131\u015fmac\u0131lara duydu\u011fu sevgiyi dile getirerek, \u201cHer g\u00fcn 14 saat birlikteyiz. Hepsi \u00e7ok farkl\u0131 yeteneklere sahip. Ancak bu sezon \u015fampiyonu belirleyen \u015fey karakter ve stres y\u00f6netimi olacak. Final gecesi sakin kalan kazanacak,\u201d dedi.<\/p>\n<p>Somer \u015eef ise, \u201cD\u00f6rd\u00fc de buraya kadar hak ederek geldi. Finale \u00e7\u0131kan her yar\u0131\u015fmac\u0131 \u015fampiyonlu\u011fu hak ediyor, ancak bu i\u015fin mental k\u0131sm\u0131 d\u00fc\u015f\u00fcnd\u00fc\u011f\u00fcm\u00fczden daha \u00f6nemli. Her g\u00fcn rekabetin i\u00e7inde olmak kolay de\u011fil,\u201d ifadelerini kulland\u0131.<\/p>\n<p><img loading=\"lazy\" decoding=\"async\" class=\"alignnone size-full wp-image-119301\" src=\"https:\/\/www.tgrthaber.com\/mavikadin\/wp-content\/uploads\/Yeni-Proje-10-8.jpg\" alt=\"\" width=\"1208\" height=\"680\" title=\"\" srcset=\"https:\/\/www.tgrthaber.com\/mavikadin\/wp-content\/uploads\/Yeni-Proje-10-8.jpg 1208w, https:\/\/www.tgrthaber.com\/mavikadin\/wp-content\/uploads\/Yeni-Proje-10-8-300x169.jpg 300w, https:\/\/www.tgrthaber.com\/mavikadin\/wp-content\/uploads\/Yeni-Proje-10-8-1024x576.jpg 1024w, https:\/\/www.tgrthaber.com\/mavikadin\/wp-content\/uploads\/Yeni-Proje-10-8-768x432.jpg 768w\" sizes=\"(max-width: 1208px) 100vw, 1208px\" \/><\/p>\n<hr \/>\n<h3>MASTERCHEF T\u00dcRK\u0130YE 2024 \u015eAMP\u0130YONU NE ZAMAN A\u00c7IKLANACAK?<\/h3>\n<p>Final haftas\u0131nda, 9 Ocak 2025 ak\u015fam\u0131 ilk finalist, 10 Ocak Cuma g\u00fcn\u00fc ise ikinci finalist belli olacak. B\u00fcy\u00fck final ise 11 Ocak Cumartesi g\u00fcn\u00fc canl\u0131 yay\u0131nda ger\u00e7ekle\u015fecek ve MasterChef T\u00fcrkiye 2024\u2019\u00fcn \u015fampiyonu kupay\u0131 kald\u0131racak.<\/p>\n<p><img loading=\"lazy\" decoding=\"async\" class=\"alignnone size-full wp-image-119298\" src=\"https:\/\/www.tgrthaber.com\/mavikadin\/wp-content\/uploads\/Yeni-Proje-6-10.jpg\" alt=\"\" width=\"1208\" height=\"680\" title=\"\" srcset=\"https:\/\/www.tgrthaber.com\/mavikadin\/wp-content\/uploads\/Yeni-Proje-6-10.jpg 1208w, https:\/\/www.tgrthaber.com\/mavikadin\/wp-content\/uploads\/Yeni-Proje-6-10-300x169.jpg 300w, https:\/\/www.tgrthaber.com\/mavikadin\/wp-content\/uploads\/Yeni-Proje-6-10-1024x576.jpg 1024w, https:\/\/www.tgrthaber.com\/mavikadin\/wp-content\/uploads\/Yeni-Proje-6-10-768x432.jpg 768w\" sizes=\"(max-width: 1208px) 100vw, 1208px\" \/><\/p>\n<hr \/>\n<p>BluTV ekranlar\u0131nda \u00f6d\u00fcll\u00fc dizilerden sonra, MasterChef\u2019in bu sezonu da TV8\u2019in en \u00e7ok izlenen programlar\u0131ndan biri oldu. MasterChef T\u00fcrkiye 2024 finali, hem yar\u0131\u015fmac\u0131lar hem de j\u00fcri \u00fcyeleri i\u00e7in unutulmaz anlara sahne olacak.<\/p>\n","protected":false},"excerpt":{"rendered":"<p>MasterChef T\u00fcrkiye 2024&#8217;te final heyecan\u0131 ba\u015flad\u0131! Finale kalan d\u00f6rt yar\u0131\u015fmac\u0131, 11 Ocak&#8217;taki b\u00fcy\u00fck g\u00fcnde \u015fampiyonluk i\u00e7in ter d\u00f6kecek. J\u00fcri \u00fcyeleri Mehmet Yal\u00e7\u0131nkaya, Danilo Zanna ve Somer Sivrio\u011flu yar\u0131\u015fman\u0131n unutulmaz anlar\u0131yla ilgili \u00e7arp\u0131c\u0131 a\u00e7\u0131klamalar yapt\u0131.<\/p>\n","protected":false},"author":4,"featured_media":119297,"comment_status":"closed","ping_status":"closed","sticky":false,"template":"","format":"standard","meta":{"rank_math_lock_modified_date":false,"footnotes":""},"categories":[76],"tags":[322,1120],"class_list":["post-119296","post","type-post","status-publish","format-standard","has-post-thumbnail","hentry","category-magazin","tag-final","tag-masterchef"],"_links":{"self":[{"href":"https:\/\/www.tgrthaber.com\/mavikadin\/wp-json\/wp\/v2\/posts\/119296"}],"collection":[{"href":"https:\/\/www.tgrthaber.com\/mavikadin\/wp-json\/wp\/v2\/posts"}],"about":[{"href":"https:\/\/www.tgrthaber.com\/mavikadin\/wp-json\/wp\/v2\/types\/post"}],"author":[{"embeddable":true,"href":"https:\/\/www.tgrthaber.com\/mavikadin\/wp-json\/wp\/v2\/users\/4"}],"replies":[{"embeddable":true,"href":"https:\/\/www.tgrthaber.com\/mavikadin\/wp-json\/wp\/v2\/comments?post=119296"}],"version-history":[{"count":2,"href":"https:\/\/www.tgrthaber.com\/mavikadin\/wp-json\/wp\/v2\/posts\/119296\/revisions"}],"predecessor-version":[{"id":119303,"href":"https:\/\/www.tgrthaber.com\/mavikadin\/wp-json\/wp\/v2\/posts\/119296\/revisions\/119303"}],"wp:featuredmedia":[{"embeddable":true,"href":"https:\/\/www.tgrthaber.com\/mavikadin\/wp-json\/wp\/v2\/media\/119297"}],"wp:attachment":[{"href":"https:\/\/www.tgrthaber.com\/mavikadin\/wp-json\/wp\/v2\/media?parent=119296"}],"wp:term":[{"taxonomy":"category","embeddable":true,"href":"https:\/\/www.tgrthaber.com\/mavikadin\/wp-json\/wp\/v2\/categories?post=119296"},{"taxonomy":"post_tag","embeddable":true,"href":"https:\/\/www.tgrthaber.com\/mavikadin\/wp-json\/wp\/v2\/tags?post=119296"}],"curies":[{"name":"wp","href":"https:\/\/api.w.org\/{rel}","templated":true}]}}