{"id":119304,"date":"2025-01-09T21:45:59","date_gmt":"2025-01-09T18:45:59","guid":{"rendered":"https:\/\/www.tgrthaber.com\/mavikadin\/?p=119304"},"modified":"2025-01-09T21:46:28","modified_gmt":"2025-01-09T18:46:28","slug":"hudutsuz-sevda-final-mi-yapacak-zeynep-oldu-mu","status":"publish","type":"post","link":"https:\/\/www.tgrthaber.com\/mavikadin\/hudutsuz-sevda-final-mi-yapacak-zeynep-oldu-mu\/","title":{"rendered":"Hudutsuz sevda final mi yapacak? Zeynep \u00f6ld\u00fc m\u00fc?"},"content":{"rendered":"<p>Televizyon sekt\u00f6r\u00fcndeki ekonomik kriz, pek \u00e7ok dizinin kaderini belirliyor. 2024 y\u0131l\u0131nda reklam gelirlerinin \u00f6nemli \u00f6l\u00e7\u00fcde d\u00fc\u015fmesi, bir\u00e7ok dizinin final yapmas\u0131na neden oldu. Peki, bu geli\u015fmeler Hudutsuz Sevda&#8217;n\u0131n gelece\u011fini nas\u0131l etkiledi? Hudutsuz Sevda final mi yapacak? Hudutsuz Sevda Zeynep \u00f6ld\u00fc m\u00fc?<\/p>\n<h3>HUDUTSUZ SEVDA F\u0130NAL M\u0130 YAPACAK?<\/h3>\n<p>Gazeteci Birsen Altunta\u015f&#8217;\u0131n haberine g\u00f6re, bu sezon 13 dizi ekrana veda etti. 8&#8217;i yeni ba\u015flayan, 5&#8217;i ise ge\u00e7en sezon devam eden dizilerden olu\u015fan bu final kararlar\u0131, sekt\u00f6rde b\u00fcy\u00fck yank\u0131 uyand\u0131rd\u0131. &#8220;Hudutsuz Sevda&#8221; da bu diziler aras\u0131nda yer alacak m\u0131? \u015eu an i\u00e7in dizinin final karar\u0131 ile ilgili resmi bir a\u00e7\u0131klama yap\u0131lmam\u0131\u015f olsa da, izleyiciler dizinin ak\u0131betini b\u00fcy\u00fck bir merakla bekliyor. Reklam gelirlerindeki d\u00fc\u015f\u00fc\u015f nedeniyle, dizinin gelece\u011fi konusunda belirsizlik s\u00fcrse de net bir bilgi bulunmuyor.<\/p>\n<p><img loading=\"lazy\" decoding=\"async\" class=\"alignnone size-full wp-image-119305\" src=\"https:\/\/www.tgrthaber.com\/mavikadin\/wp-content\/uploads\/Yeni-Proje-11-7.jpg\" alt=\"\" width=\"1208\" height=\"680\" title=\"\" srcset=\"https:\/\/www.tgrthaber.com\/mavikadin\/wp-content\/uploads\/Yeni-Proje-11-7.jpg 1208w, https:\/\/www.tgrthaber.com\/mavikadin\/wp-content\/uploads\/Yeni-Proje-11-7-300x169.jpg 300w, https:\/\/www.tgrthaber.com\/mavikadin\/wp-content\/uploads\/Yeni-Proje-11-7-1024x576.jpg 1024w, https:\/\/www.tgrthaber.com\/mavikadin\/wp-content\/uploads\/Yeni-Proje-11-7-768x432.jpg 768w\" sizes=\"(max-width: 1208px) 100vw, 1208px\" \/><\/p>\n<hr \/>\n<h3>HUDUTSUZ SEVDA ZEYNEP \u00d6LD\u00dc M\u00dc?<\/h3>\n<p>Son b\u00f6l\u00fcmde Halil \u0130brahim ve Zeynep&#8217;in ge\u00e7irdi\u011fi trafik kazas\u0131, izleyicileri derinden sarst\u0131. Halil \u0130brahim&#8217;in &#8220;Zeynep gitti, benim kollar\u0131mda \u00f6ld\u00fc&#8221; s\u00f6zleri, Miray Daner&#8217;in oynad\u0131\u011f\u0131 Zeynep \u00f6ld\u00fc m\u00fc? sorusunu ak\u0131llara getirdi. Sosyal medyada Zeynep karakterinin diziden ayr\u0131laca\u011f\u0131 y\u00f6n\u00fcnde iddialar yay\u0131lsa da, Miray Daner&#8217;in diziden ayr\u0131l\u0131p ayr\u0131lmad\u0131\u011f\u0131na dair hen\u00fcz kesin bir a\u00e7\u0131klama yap\u0131lmad\u0131. Zeynep\u2019in hayatta olup olmad\u0131\u011f\u0131 konusu ise h\u00e2l\u00e2 belirsizli\u011fini koruyor.<\/p>\n<p><img loading=\"lazy\" decoding=\"async\" class=\"alignnone size-full wp-image-119307\" src=\"https:\/\/www.tgrthaber.com\/mavikadin\/wp-content\/uploads\/Yeni-Proje-12-10.jpg\" alt=\"\" width=\"1208\" height=\"680\" title=\"\" srcset=\"https:\/\/www.tgrthaber.com\/mavikadin\/wp-content\/uploads\/Yeni-Proje-12-10.jpg 1208w, https:\/\/www.tgrthaber.com\/mavikadin\/wp-content\/uploads\/Yeni-Proje-12-10-300x169.jpg 300w, https:\/\/www.tgrthaber.com\/mavikadin\/wp-content\/uploads\/Yeni-Proje-12-10-1024x576.jpg 1024w, https:\/\/www.tgrthaber.com\/mavikadin\/wp-content\/uploads\/Yeni-Proje-12-10-768x432.jpg 768w\" sizes=\"(max-width: 1208px) 100vw, 1208px\" \/><\/p>\n<hr \/>\n<h3>HUDUTSUZ SEVDA 47. B\u00d6L\u00dcMDE NELER OLDU?<\/h3>\n<p>b\u00f6l\u00fcmde Halil \u0130brahim, Zeynep\u2019i kurtarmak i\u00e7in b\u00fcy\u00fck bir fedakarl\u0131k yaparak \u00f6l\u00fcmc\u00fcl bir m\u00fccadeleye giri\u015fiyor. \u0130skender\u2019in korkun\u00e7 planlar\u0131na kar\u015f\u0131 koymaya \u00e7al\u0131\u015fan Halil \u0130brahim, b\u00fcy\u00fck bir tehlike ile y\u00fczle\u015fiyor. Bu b\u00f6l\u00fcmde \u015eeref ve \u0130skender&#8217;in i\u015f birli\u011fiyle kurduklar\u0131 \u00f6l\u00fcmc\u00fcl tuzaklar, olaylar\u0131 daha da karma\u015f\u0131kla\u015ft\u0131r\u0131yor. \u0130zleyiciler her ge\u00e7en dakika, dizinin ne y\u00f6nde ilerleyece\u011fini ve Halil \u0130brahim\u2019in Zeynep\u2019i kurtar\u0131p kurtaramayaca\u011f\u0131n\u0131 merakla izliyor.<\/p>\n<p><img loading=\"lazy\" decoding=\"async\" class=\"alignnone size-full wp-image-119308\" src=\"https:\/\/www.tgrthaber.com\/mavikadin\/wp-content\/uploads\/Yeni-Proje-13-9.jpg\" alt=\"\" width=\"1208\" height=\"680\" title=\"\" srcset=\"https:\/\/www.tgrthaber.com\/mavikadin\/wp-content\/uploads\/Yeni-Proje-13-9.jpg 1208w, https:\/\/www.tgrthaber.com\/mavikadin\/wp-content\/uploads\/Yeni-Proje-13-9-300x169.jpg 300w, https:\/\/www.tgrthaber.com\/mavikadin\/wp-content\/uploads\/Yeni-Proje-13-9-1024x576.jpg 1024w, https:\/\/www.tgrthaber.com\/mavikadin\/wp-content\/uploads\/Yeni-Proje-13-9-768x432.jpg 768w\" sizes=\"(max-width: 1208px) 100vw, 1208px\" \/><\/p>\n","protected":false},"excerpt":{"rendered":"<p>\u00c7ar\u015famba ak\u015famlar\u0131n\u0131 sevilen dizisi Hudutsuz Sevda izleyicileri \u015fa\u015f\u0131rtmaya devam ediyor. \u0130zleyiciyi ekran ba\u015f\u0131na kilitleyen Hudutsuz sevda final mi yapacak? Dizide Zeynep \u00f6ld\u00fc m\u00fc? sorular\u0131n\u0131n cevab\u0131 merak ediliyor.<\/p>\n","protected":false},"author":4,"featured_media":119306,"comment_status":"closed","ping_status":"closed","sticky":false,"template":"","format":"standard","meta":{"rank_math_lock_modified_date":false,"footnotes":""},"categories":[602],"tags":[322,4119,7583,7584,433],"class_list":["post-119304","post","type-post","status-publish","format-standard","has-post-thumbnail","hentry","category-diziler","tag-final","tag-hudutsuz-sevda","tag-hudutsuz-sevda-final","tag-miray-daner","tag-zeynep"],"_links":{"self":[{"href":"https:\/\/www.tgrthaber.com\/mavikadin\/wp-json\/wp\/v2\/posts\/119304"}],"collection":[{"href":"https:\/\/www.tgrthaber.com\/mavikadin\/wp-json\/wp\/v2\/posts"}],"about":[{"href":"https:\/\/www.tgrthaber.com\/mavikadin\/wp-json\/wp\/v2\/types\/post"}],"author":[{"embeddable":true,"href":"https:\/\/www.tgrthaber.com\/mavikadin\/wp-json\/wp\/v2\/users\/4"}],"replies":[{"embeddable":true,"href":"https:\/\/www.tgrthaber.com\/mavikadin\/wp-json\/wp\/v2\/comments?post=119304"}],"version-history":[{"count":2,"href":"https:\/\/www.tgrthaber.com\/mavikadin\/wp-json\/wp\/v2\/posts\/119304\/revisions"}],"predecessor-version":[{"id":119310,"href":"https:\/\/www.tgrthaber.com\/mavikadin\/wp-json\/wp\/v2\/posts\/119304\/revisions\/119310"}],"wp:featuredmedia":[{"embeddable":true,"href":"https:\/\/www.tgrthaber.com\/mavikadin\/wp-json\/wp\/v2\/media\/119306"}],"wp:attachment":[{"href":"https:\/\/www.tgrthaber.com\/mavikadin\/wp-json\/wp\/v2\/media?parent=119304"}],"wp:term":[{"taxonomy":"category","embeddable":true,"href":"https:\/\/www.tgrthaber.com\/mavikadin\/wp-json\/wp\/v2\/categories?post=119304"},{"taxonomy":"post_tag","embeddable":true,"href":"https:\/\/www.tgrthaber.com\/mavikadin\/wp-json\/wp\/v2\/tags?post=119304"}],"curies":[{"name":"wp","href":"https:\/\/api.w.org\/{rel}","templated":true}]}}