{"id":119320,"date":"2025-01-09T22:14:42","date_gmt":"2025-01-09T19:14:42","guid":{"rendered":"https:\/\/www.tgrthaber.com\/mavikadin\/?p=119320"},"modified":"2025-01-09T22:14:43","modified_gmt":"2025-01-09T19:14:43","slug":"devrim-ozkan-ayrilik-sonrasi-ilk-defa-bu-kadar-net-konustu-herkesin-gozu-onunde-yasandi","status":"publish","type":"post","link":"https:\/\/www.tgrthaber.com\/mavikadin\/devrim-ozkan-ayrilik-sonrasi-ilk-defa-bu-kadar-net-konustu-herkesin-gozu-onunde-yasandi\/","title":{"rendered":"Devrim \u00d6zkan ayr\u0131l\u0131k sonras\u0131 ilk defa bu kadar net konu\u015ftu: Herkesin g\u00f6z\u00fc \u00f6n\u00fcnde ya\u015fand\u0131&#8230;"},"content":{"rendered":"<p>A\u015fk hayatlar\u0131 ile 2024 y\u0131l\u0131n\u0131n en \u00e7ok konu\u015fulan favori \u00e7iftlerinden olan g\u00fczel oyuncu Devrim \u00d6zkan ile futbolcu Lucas Torreira&#8217;n\u0131n ayr\u0131l\u0131k haberi g\u00fcndeme bomba gibi d\u00fc\u015fm\u00fc\u015ft\u00fc.<\/p>\n<p>\u00d6zel hayatlar\u0131n\u0131 en ve an sosyal medya hesaplar\u0131ndan herkesin g\u00f6z\u00fc \u00f6n\u00fcnde ya\u015fayan \u00fcnl\u00fc ikilinin hayranlar\u0131 taraf\u0131ndan yak\u0131n zamanda evlenece\u011fi haberi beklenir iken ans\u0131z\u0131n gelen ayr\u0131l\u0131k haberi duyanlar\u0131 \u015foka u\u011fratm\u0131\u015ft\u0131.<\/p>\n<h3>AYRILIK HABER\u0130 EN \u00c7OK HAYRANLARINI \u00dcZM\u00dc\u015eT\u00dc&#8230;<\/h3>\n<p>Eski sevgilisi Lucas Torreira ile yollar\u0131n\u0131 ay\u0131rma karar\u0131 ald\u0131ktan sonra t\u0131pk\u0131 di\u011fer \u00fcnl\u00fcler gibi yap\u0131p sosyal medya payla\u015f\u0131mlar\u0131n\u0131 rafa kald\u0131ran \u00d6zkan da bu kervana kat\u0131lm\u0131\u015ft\u0131.<\/p>\n<p><img loading=\"lazy\" decoding=\"async\" class=\"alignnone wp-image-114330 size-full\" src=\"https:\/\/www.tgrthaber.com\/mavikadin\/wp-content\/uploads\/Yeni-Proje-69.jpg\" alt=\"\" width=\"1208\" height=\"680\" title=\"\" srcset=\"https:\/\/www.tgrthaber.com\/mavikadin\/wp-content\/uploads\/Yeni-Proje-69.jpg 1208w, https:\/\/www.tgrthaber.com\/mavikadin\/wp-content\/uploads\/Yeni-Proje-69-300x169.jpg 300w, https:\/\/www.tgrthaber.com\/mavikadin\/wp-content\/uploads\/Yeni-Proje-69-1024x576.jpg 1024w, https:\/\/www.tgrthaber.com\/mavikadin\/wp-content\/uploads\/Yeni-Proje-69-768x432.jpg 768w\" sizes=\"(max-width: 1208px) 100vw, 1208px\" \/><\/p>\n<hr \/>\n<h3>ESK\u0130 SEVG\u0130L\u0130S\u0130 LUCAS \u0130LE YOLUNU AYIRAN DEVR\u0130M \u00d6ZKAN&#8217;IN A\u00c7IKLAMASI:<\/h3>\n<p>Birbirlerini takipten \u00e7\u0131karak ili\u015fkiyi bitirdiklerini herkese resmen ilan eden \u00d6zkan ile Torreira \u00e7iftinde \u00d6zkan, konuk oldu\u011fu bir programda sunucunun kendisine sordu\u011fu &#8216;Son ili\u015fkin sana ne \u00f6\u011fretti sorusuna&#8217; verdi\u011fi cevap ile dikkat \u00e7ekmi\u015fti.<\/p>\n<p><img loading=\"lazy\" decoding=\"async\" class=\"alignnone wp-image-111652\" src=\"https:\/\/www.tgrthaber.com\/mavikadin\/wp-content\/uploads\/DEVRIM-OZKAN-\u2013-LUCAS-TORREIRA.jpg\" alt=\"DEVR\u0130M \u00d6ZKAN \u2013 \u00a0LUCAS TORRE\u0130RA\" width=\"1208\" height=\"680\" title=\"\" srcset=\"https:\/\/www.tgrthaber.com\/mavikadin\/wp-content\/uploads\/DEVRIM-OZKAN-\u2013-LUCAS-TORREIRA.jpg 1920w, https:\/\/www.tgrthaber.com\/mavikadin\/wp-content\/uploads\/DEVRIM-OZKAN-\u2013-LUCAS-TORREIRA-300x169.jpg 300w, https:\/\/www.tgrthaber.com\/mavikadin\/wp-content\/uploads\/DEVRIM-OZKAN-\u2013-LUCAS-TORREIRA-1024x576.jpg 1024w, https:\/\/www.tgrthaber.com\/mavikadin\/wp-content\/uploads\/DEVRIM-OZKAN-\u2013-LUCAS-TORREIRA-768x432.jpg 768w, https:\/\/www.tgrthaber.com\/mavikadin\/wp-content\/uploads\/DEVRIM-OZKAN-\u2013-LUCAS-TORREIRA-1536x864.jpg 1536w\" sizes=\"(max-width: 1208px) 100vw, 1208px\" \/><\/p>\n<hr \/>\n<p>G\u00fczel oyuncu Devrim \u00d6zkan, &#8221;Hayat\u0131nda ne kadar \u00e7ok seversen sev bir insan\u0131, ne seviyede seversen sev, hi\u00e7bir zaman o durumun, o ki\u015finin, o ili\u015fkinin senin hayallerinden vazge\u00e7ecek seviyeye gelme haddini kimseye verme derdim&#8221; demi\u015fti.<\/p>\n<h3>OYUNCU DEVR\u0130M \u00d6ZKAN B\u0130TEN \u0130L\u0130\u015eK\u0130S\u0130 HAKKINDA \u0130LK KEZ BU KADAR NET KONU\u015eTU!<\/h3>\n<p>G\u00fczel oyuncu Devrim \u00d6zkan&#8217;\u0131n futbolcu Lucas Torreira ile yollar\u0131n\u0131 ay\u0131rmas\u0131 hala magazin g\u00fcndeminde \u00e7ok konu\u015fulan konulardan biriydi. \u00dcnl\u00fc oyuncu \u00d6zkan&#8217;\u0131n biten ili\u015fki sonras\u0131nda yapt\u0131\u011f\u0131 konu\u015fma ise her \u015feyi bir kez daha ortaya koydu.<\/p>\n<p><img loading=\"lazy\" decoding=\"async\" class=\"alignnone wp-image-110808\" src=\"https:\/\/www.tgrthaber.com\/mavikadin\/wp-content\/uploads\/Intro-1600-Devrim-Ozkan.jpg\" alt=\"\" width=\"1208\" height=\"680\" title=\"\" srcset=\"https:\/\/www.tgrthaber.com\/mavikadin\/wp-content\/uploads\/Intro-1600-Devrim-Ozkan.jpg 1600w, https:\/\/www.tgrthaber.com\/mavikadin\/wp-content\/uploads\/Intro-1600-Devrim-Ozkan-300x169.jpg 300w, https:\/\/www.tgrthaber.com\/mavikadin\/wp-content\/uploads\/Intro-1600-Devrim-Ozkan-1024x576.jpg 1024w, https:\/\/www.tgrthaber.com\/mavikadin\/wp-content\/uploads\/Intro-1600-Devrim-Ozkan-768x432.jpg 768w, https:\/\/www.tgrthaber.com\/mavikadin\/wp-content\/uploads\/Intro-1600-Devrim-Ozkan-1536x864.jpg 1536w\" sizes=\"(max-width: 1208px) 100vw, 1208px\" \/><\/p>\n<hr \/>\n<p>Ayr\u0131l\u0131\u011f\u0131 do\u011frulayan oyuncu Devrim \u00d6zkan, magazin muhabirleriyle ayak\u00fcst\u00fc bir konu\u015fmada ili\u015fkisinin bitti\u011fini \u015fu s\u00f6zlerle a\u00e7\u0131\u011fa kavu\u015fturdu:<\/p>\n<p>&#8220;Hayat&#8230; \u0130li\u015fki bitti evet bunu do\u011frulayabilirim. \u00c7\u00fcnk\u00fc herkesin g\u00f6z\u00fc \u00f6n\u00fcnde ya\u015fand\u0131. Ama dedi\u011fim gibi hayat i\u015fte, herkes kendi hayat\u0131na bak\u0131yor \u015fuanda. B\u00f6ylesi daha iyi oldu \u015fuanda bizim i\u00e7in, kar\u015f\u0131l\u0131kl\u0131 konu\u015farak yollar\u0131m\u0131z\u0131 ay\u0131rma karar\u0131 ald\u0131k, te\u015fekk\u00fcr ederim.&#8221; ifadesinde bulundu.<\/p>\n","protected":false},"excerpt":{"rendered":"<p>\u00dcnl\u00fc futbolcu Lucas Torreira ile ili\u015fkisini noktalayan g\u00fczel oyuncu Devrim \u00d6zkan, ayr\u0131l\u0131k sonras\u0131 ilk defa a\u00e7\u0131klama yapt\u0131.<\/p>\n","protected":false},"author":27,"featured_media":119328,"comment_status":"closed","ping_status":"closed","sticky":false,"template":"","format":"standard","meta":{"rank_math_lock_modified_date":false,"footnotes":""},"categories":[76],"tags":[159,7586,2874,133],"class_list":["post-119320","post","type-post","status-publish","format-standard","has-post-thumbnail","hentry","category-magazin","tag-devrim-ozkan","tag-devrim-ozkandan-ayrilik-aciklamasi","tag-lucas-torreira","tag-magazin"],"_links":{"self":[{"href":"https:\/\/www.tgrthaber.com\/mavikadin\/wp-json\/wp\/v2\/posts\/119320"}],"collection":[{"href":"https:\/\/www.tgrthaber.com\/mavikadin\/wp-json\/wp\/v2\/posts"}],"about":[{"href":"https:\/\/www.tgrthaber.com\/mavikadin\/wp-json\/wp\/v2\/types\/post"}],"author":[{"embeddable":true,"href":"https:\/\/www.tgrthaber.com\/mavikadin\/wp-json\/wp\/v2\/users\/27"}],"replies":[{"embeddable":true,"href":"https:\/\/www.tgrthaber.com\/mavikadin\/wp-json\/wp\/v2\/comments?post=119320"}],"version-history":[{"count":1,"href":"https:\/\/www.tgrthaber.com\/mavikadin\/wp-json\/wp\/v2\/posts\/119320\/revisions"}],"predecessor-version":[{"id":119329,"href":"https:\/\/www.tgrthaber.com\/mavikadin\/wp-json\/wp\/v2\/posts\/119320\/revisions\/119329"}],"wp:featuredmedia":[{"embeddable":true,"href":"https:\/\/www.tgrthaber.com\/mavikadin\/wp-json\/wp\/v2\/media\/119328"}],"wp:attachment":[{"href":"https:\/\/www.tgrthaber.com\/mavikadin\/wp-json\/wp\/v2\/media?parent=119320"}],"wp:term":[{"taxonomy":"category","embeddable":true,"href":"https:\/\/www.tgrthaber.com\/mavikadin\/wp-json\/wp\/v2\/categories?post=119320"},{"taxonomy":"post_tag","embeddable":true,"href":"https:\/\/www.tgrthaber.com\/mavikadin\/wp-json\/wp\/v2\/tags?post=119320"}],"curies":[{"name":"wp","href":"https:\/\/api.w.org\/{rel}","templated":true}]}}