{"id":119331,"date":"2025-01-09T23:15:22","date_gmt":"2025-01-09T20:15:22","guid":{"rendered":"https:\/\/www.tgrthaber.com\/mavikadin\/?p=119331"},"modified":"2025-01-10T23:29:19","modified_gmt":"2025-01-10T20:29:19","slug":"yali-capkini-karan-kimdir-armagan-oguz-kim-kac-yasinda-ve-hangi-dizilerde-oynadi","status":"publish","type":"post","link":"https:\/\/www.tgrthaber.com\/mavikadin\/yali-capkini-karan-kimdir-armagan-oguz-kim-kac-yasinda-ve-hangi-dizilerde-oynadi\/","title":{"rendered":"Yal\u0131 \u00c7apk\u0131n\u0131 Karan Kimdir? Arma\u011fan O\u011fuz kim, ka\u00e7 ya\u015f\u0131nda ve hangi dizilerde oynad\u0131?"},"content":{"rendered":"<p>Yal\u0131 \u00c7apk\u0131n\u0131, T\u00fcrkiye&#8217;nin en \u00e7ok konu\u015fulan dizilerinden biri olmaya devam ederken, yeni b\u00f6l\u00fcmde diziye kat\u0131lan Karan karakteri b\u00fcy\u00fck merak uyand\u0131rd\u0131. \u00dcnl\u00fc oyuncu Arma\u011fan O\u011fuz&#8217;un canland\u0131rd\u0131\u011f\u0131 Karan, Korhan ailesinin ge\u00e7mi\u015fiyle ilgili s\u0131rlar\u0131 ortaya \u00e7\u0131karacak ve dizide dengeleri alt \u00fcst edecek. Arma\u011fan O\u011fuz, daha \u00f6nce Fi dizisinde G\u00f6ksel karakteri ile dikkat \u00e7ekmi\u015fti.<\/p>\n<p>Star TV\u2019nin sevilen dizisi Yal\u0131 \u00c7apk\u0131n\u0131, \u00fc\u00e7 sezondur izleyicileri ekran ba\u015f\u0131na kilitlemeye devam ediyor. Bu hafta yay\u0131nlanacak yeni b\u00f6l\u00fcmde diziye s\u00fcrpriz bir karakter daha kat\u0131l\u0131yor. Ferit&#8217;in yeni d\u00fc\u015fman\u0131 olarak kadroya dahil olan Karan karakterini Arma\u011fan O\u011fuz oynayacak. \u0130\u015fte Yal\u0131 \u00c7apk\u0131n\u0131 Karan kimdir? ve Arma\u011fan O\u011fuz kimdir? sorular\u0131n\u0131n yan\u0131tlar\u0131\u2026<\/p>\n<h3>YALI \u00c7APKINI&#8217;NA YEN\u0130 B\u0130R D\u00dc\u015eMAN GELD\u0130! KARAN K\u0130MD\u0130R?<\/h3>\n<p>Yal\u0131 \u00c7apk\u0131n\u0131 son b\u00f6l\u00fcmde sezon final sahnesinde Ferit (Mert Ramazan Demir) ve Suna (Beril Pozam) aras\u0131nda ya\u015fanan yak\u0131nla\u015fma izleyiciyi \u015fa\u015f\u0131rtm\u0131\u015f, bu olay\u0131n r\u00fcya m\u0131 ger\u00e7ek mi oldu\u011fu tart\u0131\u015fmalara neden olmu\u015ftu. Yeni b\u00f6l\u00fcmde Ferit\u2019in bu hatas\u0131ndan dolay\u0131 pi\u015fmanl\u0131k ya\u015fayaca\u011f\u0131 ortaya \u00e7\u0131karken, diziye tehlikeli bir karakter olan Karan dahil oldu.<\/p>\n<p><img loading=\"lazy\" decoding=\"async\" class=\"alignnone size-full wp-image-119333\" src=\"https:\/\/www.tgrthaber.com\/mavikadin\/wp-content\/uploads\/Yeni-Proje-19-7.jpg\" alt=\"\" width=\"1208\" height=\"680\" title=\"\" srcset=\"https:\/\/www.tgrthaber.com\/mavikadin\/wp-content\/uploads\/Yeni-Proje-19-7.jpg 1208w, https:\/\/www.tgrthaber.com\/mavikadin\/wp-content\/uploads\/Yeni-Proje-19-7-300x169.jpg 300w, https:\/\/www.tgrthaber.com\/mavikadin\/wp-content\/uploads\/Yeni-Proje-19-7-1024x576.jpg 1024w, https:\/\/www.tgrthaber.com\/mavikadin\/wp-content\/uploads\/Yeni-Proje-19-7-768x432.jpg 768w\" sizes=\"(max-width: 1208px) 100vw, 1208px\" \/><\/p>\n<hr \/>\n<p>Karan, Abidin\u2019in annesi ve Korhan ailesiyle ge\u00e7mi\u015ften gelen ba\u011flant\u0131lar\u0131yla dikkat \u00e7eken B\u00fcy\u00fck Han\u0131m\u2019\u0131n o\u011fludur. Arma\u011fan O\u011fuz\u2019un hayat verdi\u011fi Karan karakteri, Korhan ailesine kar\u015f\u0131 d\u00fc\u015fmanl\u0131k besleyen ve diziye yepyeni bir hikaye kazand\u0131racak g\u00fc\u00e7l\u00fc bir karakter olarak izleyici kar\u015f\u0131s\u0131na \u00e7\u0131kacak.<\/p>\n<p><img loading=\"lazy\" decoding=\"async\" class=\"alignnone size-full wp-image-119794\" src=\"https:\/\/www.tgrthaber.com\/mavikadin\/wp-content\/uploads\/99-scaled.jpeg\" alt=\"\" width=\"2560\" height=\"1707\" title=\"\" srcset=\"https:\/\/www.tgrthaber.com\/mavikadin\/wp-content\/uploads\/99-scaled.jpeg 2560w, https:\/\/www.tgrthaber.com\/mavikadin\/wp-content\/uploads\/99-300x200.jpeg 300w, https:\/\/www.tgrthaber.com\/mavikadin\/wp-content\/uploads\/99-1024x683.jpeg 1024w, https:\/\/www.tgrthaber.com\/mavikadin\/wp-content\/uploads\/99-768x512.jpeg 768w, https:\/\/www.tgrthaber.com\/mavikadin\/wp-content\/uploads\/99-1536x1024.jpeg 1536w, https:\/\/www.tgrthaber.com\/mavikadin\/wp-content\/uploads\/99-2048x1365.jpeg 2048w\" sizes=\"(max-width: 2560px) 100vw, 2560px\" \/><\/p>\n<hr \/>\n<h3>ARMA\u011eAN O\u011eUZ K\u0130MD\u0130R?<\/h3>\n<p>Yal\u0131 \u00c7apk\u0131n\u0131 Karan karakteri ile diziye kat\u0131lan Arma\u011fan O\u011fuz, yetenekleri ve karizmas\u0131yla dikkat \u00e7eken bir isim. \u0130stanbul\u2019da d\u00fcnyaya gelen oyuncu 11 \u015eubat 1984 do\u011fumludur. Lise e\u011fitimini \u0130stanbul Erkek Lisesi&#8217;nde tamamlayan O\u011fuz, Mimar Sinan \u00dcniversitesi \u0130statistik B\u00f6l\u00fcm\u00fc\u2019nden 2008 y\u0131l\u0131nda mezun oldu.<\/p>\n<p><img loading=\"lazy\" decoding=\"async\" class=\"alignnone size-full wp-image-119334\" src=\"https:\/\/www.tgrthaber.com\/mavikadin\/wp-content\/uploads\/Yeni-Proje-22-7.jpg\" alt=\"\" width=\"1208\" height=\"680\" title=\"\" srcset=\"https:\/\/www.tgrthaber.com\/mavikadin\/wp-content\/uploads\/Yeni-Proje-22-7.jpg 1208w, https:\/\/www.tgrthaber.com\/mavikadin\/wp-content\/uploads\/Yeni-Proje-22-7-300x169.jpg 300w, https:\/\/www.tgrthaber.com\/mavikadin\/wp-content\/uploads\/Yeni-Proje-22-7-1024x576.jpg 1024w, https:\/\/www.tgrthaber.com\/mavikadin\/wp-content\/uploads\/Yeni-Proje-22-7-768x432.jpg 768w\" sizes=\"(max-width: 1208px) 100vw, 1208px\" \/><\/p>\n<hr \/>\n<p>Oyunculuk kariyerine ba\u015flamadan \u00f6nce modellikte de b\u00fcy\u00fck ba\u015far\u0131lara imza atan O\u011fuz, 2008 Best Model of T\u00fcrkiye yar\u0131\u015fmas\u0131nda birinci, ard\u0131ndan Best Model of the World yar\u0131\u015fmas\u0131nda ikinci oldu. Daha sonra oyunculuk e\u011fitimi almak i\u00e7in Amerika\u2019ya yerle\u015fen O\u011fuz, New York Film Akademisi ve Hollywood Film Akademisi&#8217;nde e\u011fitim ald\u0131.<\/p>\n<p>Hollywood&#8217;daki oyunculuk kariyerinde dikkat \u00e7eken projelerde yer alan Arma\u011fan O\u011fuz, 2011 y\u0131l\u0131nda Men in Black 3 filminde rol ald\u0131. Filmde makyaj ve \u00f6zel efektlerle bir canavara d\u00f6n\u00fc\u015fen \u00fcnl\u00fc bir fig\u00fcr\u00fc canland\u0131rd\u0131. Bu deneyimin ard\u0131ndan T\u00fcrkiye\u2019ye d\u00f6nen O\u011fuz, televizyon ve sinema projelerinde yer almaya ba\u015flad\u0131.<\/p>\n<p><img loading=\"lazy\" decoding=\"async\" class=\"alignnone size-full wp-image-119335\" src=\"https:\/\/www.tgrthaber.com\/mavikadin\/wp-content\/uploads\/Yeni-Proje-24-6.jpg\" alt=\"\" width=\"1208\" height=\"680\" title=\"\" srcset=\"https:\/\/www.tgrthaber.com\/mavikadin\/wp-content\/uploads\/Yeni-Proje-24-6.jpg 1208w, https:\/\/www.tgrthaber.com\/mavikadin\/wp-content\/uploads\/Yeni-Proje-24-6-300x169.jpg 300w, https:\/\/www.tgrthaber.com\/mavikadin\/wp-content\/uploads\/Yeni-Proje-24-6-1024x576.jpg 1024w, https:\/\/www.tgrthaber.com\/mavikadin\/wp-content\/uploads\/Yeni-Proje-24-6-768x432.jpg 768w\" sizes=\"(max-width: 1208px) 100vw, 1208px\" \/><\/p>\n<hr \/>\n<p>Arma\u011fan O\u011fuz, T\u00fcrkiye\u2019de de bir\u00e7ok dikkat \u00e7ekici projede yer ald\u0131. \u0130lk olarak 2014 y\u0131l\u0131nda yay\u0131nlanan Ah Neriman dizisiyle televizyon izleyicisinin kar\u015f\u0131s\u0131na \u00e7\u0131kt\u0131. Ard\u0131ndan 2016 yap\u0131m\u0131 Da\u011f 2 filminde yer alarak oyunculu\u011funu peki\u015ftirdi.<\/p>\n<p>2017 y\u0131l\u0131nda, Azra Kohen\u2019in \u00fcnl\u00fc roman serisinden uyarlanan ve Puhu TV\u2019de yay\u0131nlanan Fi dizisinde rol ald\u0131. Ayn\u0131 y\u0131l, Star TV\u2019de k\u0131sa s\u00fcreli yay\u0131nlanan aksiyon dolu B\u00f6r\u00fc dizisinde de oyunculu\u011funu sergiledi.<\/p>\n<p><img loading=\"lazy\" decoding=\"async\" class=\"alignnone size-full wp-image-119336\" src=\"https:\/\/www.tgrthaber.com\/mavikadin\/wp-content\/uploads\/Yeni-Proje-25-4.jpg\" alt=\"\" width=\"1208\" height=\"680\" title=\"\" srcset=\"https:\/\/www.tgrthaber.com\/mavikadin\/wp-content\/uploads\/Yeni-Proje-25-4.jpg 1208w, https:\/\/www.tgrthaber.com\/mavikadin\/wp-content\/uploads\/Yeni-Proje-25-4-300x169.jpg 300w, https:\/\/www.tgrthaber.com\/mavikadin\/wp-content\/uploads\/Yeni-Proje-25-4-1024x576.jpg 1024w, https:\/\/www.tgrthaber.com\/mavikadin\/wp-content\/uploads\/Yeni-Proje-25-4-768x432.jpg 768w\" sizes=\"(max-width: 1208px) 100vw, 1208px\" \/><\/p>\n","protected":false},"excerpt":{"rendered":"<p>\u00dc\u00e7 sezondur ekranlarda f\u0131rt\u0131na gibi esen Yal\u0131 \u00c7apk\u0131n\u0131 dizisine bomba bir isim dahil oldu.. Dizide Ferit&#8217;e d\u00fc\u015fman olan Karan karakterine \u00fcnl\u00fc oyuncu Arma\u011fan O\u011fuz hayat verecek. Peki, Yal\u0131 \u00c7apk\u0131n\u0131 Karan kimdir? Arma\u011fan O\u011fuz kimdir?<\/p>\n","protected":false},"author":4,"featured_media":119332,"comment_status":"closed","ping_status":"closed","sticky":false,"template":"","format":"standard","meta":{"rank_math_lock_modified_date":false,"footnotes":""},"categories":[491],"tags":[7589,7588,2505,7587],"class_list":["post-119331","post","type-post","status-publish","format-standard","has-post-thumbnail","hentry","category-biyografi","tag-armagan-oguz","tag-karan","tag-yali-capkini","tag-yali-capkini-karan"],"_links":{"self":[{"href":"https:\/\/www.tgrthaber.com\/mavikadin\/wp-json\/wp\/v2\/posts\/119331"}],"collection":[{"href":"https:\/\/www.tgrthaber.com\/mavikadin\/wp-json\/wp\/v2\/posts"}],"about":[{"href":"https:\/\/www.tgrthaber.com\/mavikadin\/wp-json\/wp\/v2\/types\/post"}],"author":[{"embeddable":true,"href":"https:\/\/www.tgrthaber.com\/mavikadin\/wp-json\/wp\/v2\/users\/4"}],"replies":[{"embeddable":true,"href":"https:\/\/www.tgrthaber.com\/mavikadin\/wp-json\/wp\/v2\/comments?post=119331"}],"version-history":[{"count":4,"href":"https:\/\/www.tgrthaber.com\/mavikadin\/wp-json\/wp\/v2\/posts\/119331\/revisions"}],"predecessor-version":[{"id":119795,"href":"https:\/\/www.tgrthaber.com\/mavikadin\/wp-json\/wp\/v2\/posts\/119331\/revisions\/119795"}],"wp:featuredmedia":[{"embeddable":true,"href":"https:\/\/www.tgrthaber.com\/mavikadin\/wp-json\/wp\/v2\/media\/119332"}],"wp:attachment":[{"href":"https:\/\/www.tgrthaber.com\/mavikadin\/wp-json\/wp\/v2\/media?parent=119331"}],"wp:term":[{"taxonomy":"category","embeddable":true,"href":"https:\/\/www.tgrthaber.com\/mavikadin\/wp-json\/wp\/v2\/categories?post=119331"},{"taxonomy":"post_tag","embeddable":true,"href":"https:\/\/www.tgrthaber.com\/mavikadin\/wp-json\/wp\/v2\/tags?post=119331"}],"curies":[{"name":"wp","href":"https:\/\/api.w.org\/{rel}","templated":true}]}}