{"id":119349,"date":"2025-01-09T23:55:26","date_gmt":"2025-01-09T20:55:26","guid":{"rendered":"https:\/\/www.tgrthaber.com\/mavikadin\/?p=119349"},"modified":"2025-01-09T23:55:26","modified_gmt":"2025-01-09T20:55:26","slug":"hafsanur-sancaktutan-ve-kubilay-aka-aski-1-gunluk-ayriligin-ardindan-hiz-kesmeden-devam","status":"publish","type":"post","link":"https:\/\/www.tgrthaber.com\/mavikadin\/hafsanur-sancaktutan-ve-kubilay-aka-aski-1-gunluk-ayriligin-ardindan-hiz-kesmeden-devam\/","title":{"rendered":"Hafsanur Sancaktutan ve Kubilay Aka a\u015fk\u0131 1 g\u00fcnl\u00fck ayr\u0131l\u0131\u011f\u0131n ard\u0131ndan h\u0131z kesmeden devam!"},"content":{"rendered":"<p>Bir s\u00fcre \u00f6nce ayr\u0131lan ve ili\u015fkilerine bir s\u00fcre \u00f6nce yeniden \u015fans verdi\u011fi \u00f6\u011frenilen Hafsanur Sancaktutan, bu ak\u015fam Kubilay Aka ile birlikte \u00e7ekilmi\u015f bir foto\u011fraf\u0131n\u0131 payla\u015farak alt\u0131na \u201cne\u015feli ve huzurlu\u201d notunu d\u00fc\u015ft\u00fc ve mesaj\u0131n\u0131 bir kalp emojisiyle ta\u00e7land\u0131rd\u0131.<\/p>\n<h3>HAFSANUR SANCAKTUTAN VE KUB\u0130LAY AKA A\u015eKI 1 G\u00dcNL\u00dcK AYRILI\u011eIN ARDINDAN HIZ KESMEDEN DEVAM<\/h3>\n<p>Kubilay Aka ile yurt d\u0131\u015f\u0131 tatiline \u00e7\u0131kan Hafsanur Sancaktutan\u2019\u0131n payla\u015ft\u0131\u011f\u0131 kare, k\u0131sa s\u00fcrede 50 bin be\u011feni toplad\u0131. Bar\u0131\u015fmalar\u0131n\u0131n ard\u0131ndan \u00fcnl\u00fc oyuncunun keyifli halleri dikkat \u00e7ekti. Daha \u00f6nce sosyal medyada birbirlerini takip etmeyi b\u0131rak\u0131p, ortak foto\u011fraflar\u0131n\u0131 kald\u0131ran \u00e7iftin ayr\u0131l\u0131k iddialar\u0131 g\u00fcndeme gelmi\u015fti ancak sevindirici haber, gazeteci Birsen Altunta\u015f\u2019\u0131n aktard\u0131\u011f\u0131 bilgilere g\u00f6re geldi. Hafsanur Sancaktutan ve Kubilay Aka, aralar\u0131ndaki k\u00fc\u00e7\u00fck bir anla\u015fmazl\u0131\u011f\u0131 geride b\u0131rakarak ili\u015fkilerine kald\u0131klar\u0131 yerden devam etme karar\u0131 ald\u0131.<\/p>\n<hr \/>\n<h3><img loading=\"lazy\" decoding=\"async\" class=\"alignnone size-full wp-image-119350\" src=\"https:\/\/www.tgrthaber.com\/mavikadin\/wp-content\/uploads\/uj-3.jpg\" alt=\"\" width=\"1280\" height=\"680\" title=\"\" srcset=\"https:\/\/www.tgrthaber.com\/mavikadin\/wp-content\/uploads\/uj-3.jpg 1280w, https:\/\/www.tgrthaber.com\/mavikadin\/wp-content\/uploads\/uj-3-300x159.jpg 300w, https:\/\/www.tgrthaber.com\/mavikadin\/wp-content\/uploads\/uj-3-1024x544.jpg 1024w, https:\/\/www.tgrthaber.com\/mavikadin\/wp-content\/uploads\/uj-3-768x408.jpg 768w\" sizes=\"(max-width: 1280px) 100vw, 1280px\" \/><\/h3>\n<h3>HAFSANUR SANCAKTUTAN K\u0130MD\u0130R?<\/h3>\n<p>20 Mart 2000\u2019de \u0130stanbul\u2019da d\u00fcnyaya geldi. Babas\u0131 taraf\u0131ndan aslen Rizeli olan oyuncu, annesi taraf\u0131ndan ise Batum g\u00f6\u00e7meni bir aileye mensuptur. K\u00fc\u00e7\u00fck ya\u015flardan itibaren tiyatro ve oyunculu\u011fa ilgi duyan isim, sahne ald\u0131\u011f\u0131 tiyatro oyunlar\u0131nda \u00e7e\u015fitli dallarda \u00f6d\u00fcllere lay\u0131k g\u00f6r\u00fcld\u00fc.<\/p>\n<p>2018-2019 y\u0131llar\u0131nda yay\u0131mlanan G\u00fclperi dizisinde \u201cFidan\u201d karakteriyle izleyici kar\u015f\u0131s\u0131na \u00e7\u0131kt\u0131. 2019\u2019da A\u015fk A\u011flat\u0131r dizisinde \u201cAda Meryem Varl\u0131\u201d karakterini oynad\u0131. 2021\u2019de Son Yaz dizisinde \u201cYa\u011fmur Kara\u201d rol\u00fcyle ekranlarda yer ald\u0131. Bu projenin ard\u0131ndan bir\u00e7ok reklam filminde oynad\u0131 ve gen\u00e7lik uygulamas\u0131 Bana Bak\u2019\u0131n y\u00fcz\u00fc oldu.<\/p>\n<p>2022 y\u0131l\u0131nda, yay\u0131nlanan D\u00fcnyayla Benim Aramda dizisinde \u201cSinem\u201d karakterini oynad\u0131. 2023\u2019te ise Ya \u00c7ok Seversen adl\u0131 dizide rol ald\u0131. Son olarak, 2024 y\u0131l\u0131nda Siyah Kalp dizisiyle ekranlara d\u00f6nd\u00fc.<\/p>\n","protected":false},"excerpt":{"rendered":"<p>Hafsanur Sancaktutan ve Kubilay Aka\u2019n\u0131n a\u015fk\u0131 h\u0131z kesmeden devam ediyor. Ge\u00e7ti\u011fimiz g\u00fcnlerde ili\u015fkilerine bir \u015fans daha verdiklerini a\u00e7\u0131klayan \u00e7ift, romantik anlar\u0131n\u0131 sosyal medyada payla\u015fmay\u0131 s\u00fcrd\u00fcr\u00fcyor.<\/p>\n","protected":false},"author":2,"featured_media":119351,"comment_status":"closed","ping_status":"closed","sticky":false,"template":"","format":"standard","meta":{"rank_math_lock_modified_date":false,"footnotes":""},"categories":[76],"tags":[2581,4863,133,2218],"class_list":["post-119349","post","type-post","status-publish","format-standard","has-post-thumbnail","hentry","category-magazin","tag-hafsanur-sancaktutan","tag-kubilay-aka","tag-magazin","tag-magazin-haberleri"],"_links":{"self":[{"href":"https:\/\/www.tgrthaber.com\/mavikadin\/wp-json\/wp\/v2\/posts\/119349"}],"collection":[{"href":"https:\/\/www.tgrthaber.com\/mavikadin\/wp-json\/wp\/v2\/posts"}],"about":[{"href":"https:\/\/www.tgrthaber.com\/mavikadin\/wp-json\/wp\/v2\/types\/post"}],"author":[{"embeddable":true,"href":"https:\/\/www.tgrthaber.com\/mavikadin\/wp-json\/wp\/v2\/users\/2"}],"replies":[{"embeddable":true,"href":"https:\/\/www.tgrthaber.com\/mavikadin\/wp-json\/wp\/v2\/comments?post=119349"}],"version-history":[{"count":1,"href":"https:\/\/www.tgrthaber.com\/mavikadin\/wp-json\/wp\/v2\/posts\/119349\/revisions"}],"predecessor-version":[{"id":119352,"href":"https:\/\/www.tgrthaber.com\/mavikadin\/wp-json\/wp\/v2\/posts\/119349\/revisions\/119352"}],"wp:featuredmedia":[{"embeddable":true,"href":"https:\/\/www.tgrthaber.com\/mavikadin\/wp-json\/wp\/v2\/media\/119351"}],"wp:attachment":[{"href":"https:\/\/www.tgrthaber.com\/mavikadin\/wp-json\/wp\/v2\/media?parent=119349"}],"wp:term":[{"taxonomy":"category","embeddable":true,"href":"https:\/\/www.tgrthaber.com\/mavikadin\/wp-json\/wp\/v2\/categories?post=119349"},{"taxonomy":"post_tag","embeddable":true,"href":"https:\/\/www.tgrthaber.com\/mavikadin\/wp-json\/wp\/v2\/tags?post=119349"}],"curies":[{"name":"wp","href":"https:\/\/api.w.org\/{rel}","templated":true}]}}