{"id":119353,"date":"2025-01-10T00:52:56","date_gmt":"2025-01-09T21:52:56","guid":{"rendered":"https:\/\/www.tgrthaber.com\/mavikadin\/?p=119353"},"modified":"2025-01-10T00:52:57","modified_gmt":"2025-01-09T21:52:57","slug":"meryem-uzerli-vahide-percim-hayrani-cikti-cok-inanilmaz-boyutlu-bir-sanatci","status":"publish","type":"post","link":"https:\/\/www.tgrthaber.com\/mavikadin\/meryem-uzerli-vahide-percim-hayrani-cikti-cok-inanilmaz-boyutlu-bir-sanatci\/","title":{"rendered":"Meryem Uzerli &#8216;Vahide Per\u00e7im&#8217; hayran\u0131 \u00e7\u0131kt\u0131! &#8220;\u00c7ok inan\u0131lmaz boyutlu bir sanat\u00e7\u0131&#8230;&#8221;"},"content":{"rendered":"<p>Televizyon ekranlar\u0131nda son olarak ve halen NOW kanal\u0131nda yay\u0131nlanan yeni dizilerden olan &#8216;\u015eakir Pa\u015fa ve Ailesi&#8217; dizisinde ba\u015frolde olan Meryem Uzerli, kat\u0131ld\u0131\u011f\u0131 bir \u00f6d\u00fcl t\u00f6reni gecesinde \u015f\u0131kl\u0131\u011f\u0131yla b\u00fcy\u00fcledi.<\/p>\n<p>Magazin muhabirleri ile ayak\u00fcst\u00fc sohbette bulunur iken ba\u015far\u0131l\u0131 \u00fcnl\u00fc oyuncu Vahide Per\u00e7im i\u00e7in \u00f6vg\u00fc dolu s\u00f6zlerde bulunan Meryem Uzerli, \u00fcnl\u00fc ismi yere g\u00f6\u011fe s\u0131\u011fd\u0131ramad\u0131.<\/p>\n<h3>MERYEM UZERL\u0130&#8217;N\u0130N VAH\u0130DE PER\u00c7\u0130M HAYRANLI\u011eI! \u00d6VE \u00d6VE B\u0130T\u0130REMED\u0130&#8230;<\/h3>\n<p>Kat\u0131ld\u0131\u011f\u0131 bir \u00f6d\u00fcl t\u00f6reni gecesinde bas\u0131n mensubuna rop\u00f6rtaj veren oyuncu Meryem Uzerli, Vahide Per\u00e7im&#8217;i oyuncu olarak \u00e7ok ba\u015far\u0131l\u0131 oldu\u011funu s\u00f6yler iken kendisi ile aralar\u0131nda \u00e7ok da s\u0131cak bir ba\u011f kurdu\u011funu ifade etti.<\/p>\n<p><img loading=\"lazy\" decoding=\"async\" class=\"alignnone wp-image-119028 size-full\" src=\"https:\/\/www.tgrthaber.com\/mavikadin\/wp-content\/uploads\/Yeni-Proje-45-2.jpg\" alt=\"\" width=\"1208\" height=\"680\" title=\"\" srcset=\"https:\/\/www.tgrthaber.com\/mavikadin\/wp-content\/uploads\/Yeni-Proje-45-2.jpg 1208w, https:\/\/www.tgrthaber.com\/mavikadin\/wp-content\/uploads\/Yeni-Proje-45-2-300x169.jpg 300w, https:\/\/www.tgrthaber.com\/mavikadin\/wp-content\/uploads\/Yeni-Proje-45-2-1024x576.jpg 1024w, https:\/\/www.tgrthaber.com\/mavikadin\/wp-content\/uploads\/Yeni-Proje-45-2-768x432.jpg 768w\" sizes=\"(max-width: 1208px) 100vw, 1208px\" \/><\/p>\n<hr \/>\n<p>Meryem Uzerli, &#8220;Vahide inan\u0131lmaz bir insan, \u00e7ok \u00e7ok severim. Biz b\u00f6yle birbirimize inan\u0131lmaz s\u0131cak bir \u015fekilde sar\u0131ld\u0131k, konu\u015ftuk, sohbet ettik. Ruhsal anlamda \u00fcst seviyede. Bana zaten babam yar\u0131n ya da \u00f6b\u00fcr g\u00fcn \u00e7ekimlerde sen Vahideyi g\u00f6r\u00fcrsen l\u00fctfen s\u00f6yle ona, o ola\u011fan\u00fcst\u00fc bir oyuncu.<\/p>\n<p>Vahide zirvede ben hayat\u0131mda ufak ufak ona yakla\u015fabilsem ne mutlu bana. \u00c7ok inan\u0131lmaz boyutlu bir sanat\u00e7\u0131. \u00c7ok s\u00fcper bir insan, kalbi kocaman, \u00e7ok seviyorum onu&#8221; a\u00e7\u0131klamas\u0131nda bulundu.<\/p>\n<h3>VAH\u0130DE PER\u00c7\u0130N G\u00d6Z\u00dcNDEN &#8216;MERYEM UZERL\u0130&#8217; YORUMU!<\/h3>\n<p>Muhte\u015fem Y\u00fczy\u0131l dizisinde oynayan \u00fcnl\u00fc oyuncu Vahide Per\u00e7im de daha \u00f6nceden verdi\u011fi bir rop\u00f6rtajda Meryem Uzerli i\u00e7in \u015f\u00f6yle demi\u015fti:<\/p>\n<p><img loading=\"lazy\" decoding=\"async\" class=\"alignnone wp-image-118655\" src=\"https:\/\/www.tgrthaber.com\/mavikadin\/wp-content\/uploads\/Meryem-Vahide.jpg\" alt=\"\" width=\"1208\" height=\"680\" title=\"\" srcset=\"https:\/\/www.tgrthaber.com\/mavikadin\/wp-content\/uploads\/Meryem-Vahide.jpg 1600w, https:\/\/www.tgrthaber.com\/mavikadin\/wp-content\/uploads\/Meryem-Vahide-300x169.jpg 300w, https:\/\/www.tgrthaber.com\/mavikadin\/wp-content\/uploads\/Meryem-Vahide-1024x576.jpg 1024w, https:\/\/www.tgrthaber.com\/mavikadin\/wp-content\/uploads\/Meryem-Vahide-768x432.jpg 768w, https:\/\/www.tgrthaber.com\/mavikadin\/wp-content\/uploads\/Meryem-Vahide-1536x864.jpg 1536w\" sizes=\"(max-width: 1208px) 100vw, 1208px\" \/><\/p>\n<hr \/>\n<p>&#8220;Meryem&#8217;i uzun y\u0131llar \u00f6nce g\u00f6rm\u00fc\u015ft\u00fcm. Tekrar kar\u015f\u0131la\u015f\u0131nca ikimiz de sanki birbirimizi \u00e7ok \u00f6zlemi\u015fiz gibi sar\u0131ld\u0131k, \u00e7ok duygusald\u0131. \u00c7ok tatl\u0131 ve \u00e7al\u0131\u015fkan bir kad\u0131n. Onunla kar\u015f\u0131la\u015ft\u0131\u011f\u0131m i\u00e7in \u00e7ok mutluyum. \u00c7\u00fcnk\u00fc onu \u00e7ok g\u00f6rmek istiyordum, kendisine de s\u00f6yledim. Onu uzun y\u0131llard\u0131r bekliyordum&#8221; dedi.<\/p>\n<h3>PER\u00c7\u0130N: &#8216;MERYEM \u0130\u00c7\u0130N SONLANDIRMAM GEREK\u0130YORDU&#8217;<\/h3>\n<p>Oyuncu Per\u00e7in, &#8220;Muhte\u015fem Y\u00fczy\u0131l&#8217;\u0131 Timur (Savc\u0131) i\u00e7in de yapt\u0131m ama bir yandan asl\u0131nda Meryem i\u00e7in de yapt\u0131m. Meryem i\u00e7in sonland\u0131rmam gerekiyordu. Onu \u00e7ok seviyorum. Yolu a\u00e7\u0131k olsun, \u015fahane bir insan&#8221; ifadelerini kullanm\u0131\u015ft\u0131.<\/p>\n","protected":false},"excerpt":{"rendered":"<p>Kat\u0131ld\u0131\u011f\u0131 bir \u00f6d\u00fcl t\u00f6reninde tam bir Vahide Per\u00e7in hayran\u0131 oldu\u011funu itiraf eden oyuncu MEryem Uzerli, \u00fcnl\u00fc oyuncuya \u00f6vg\u00fcler ya\u011fd\u0131rd\u0131.<\/p>\n","protected":false},"author":27,"featured_media":119354,"comment_status":"closed","ping_status":"closed","sticky":false,"template":"","format":"standard","meta":{"rank_math_lock_modified_date":false,"footnotes":""},"categories":[76],"tags":[2323,7591],"class_list":["post-119353","post","type-post","status-publish","format-standard","has-post-thumbnail","hentry","category-magazin","tag-meryem-uzerli","tag-vahide-percim"],"_links":{"self":[{"href":"https:\/\/www.tgrthaber.com\/mavikadin\/wp-json\/wp\/v2\/posts\/119353"}],"collection":[{"href":"https:\/\/www.tgrthaber.com\/mavikadin\/wp-json\/wp\/v2\/posts"}],"about":[{"href":"https:\/\/www.tgrthaber.com\/mavikadin\/wp-json\/wp\/v2\/types\/post"}],"author":[{"embeddable":true,"href":"https:\/\/www.tgrthaber.com\/mavikadin\/wp-json\/wp\/v2\/users\/27"}],"replies":[{"embeddable":true,"href":"https:\/\/www.tgrthaber.com\/mavikadin\/wp-json\/wp\/v2\/comments?post=119353"}],"version-history":[{"count":2,"href":"https:\/\/www.tgrthaber.com\/mavikadin\/wp-json\/wp\/v2\/posts\/119353\/revisions"}],"predecessor-version":[{"id":119356,"href":"https:\/\/www.tgrthaber.com\/mavikadin\/wp-json\/wp\/v2\/posts\/119353\/revisions\/119356"}],"wp:featuredmedia":[{"embeddable":true,"href":"https:\/\/www.tgrthaber.com\/mavikadin\/wp-json\/wp\/v2\/media\/119354"}],"wp:attachment":[{"href":"https:\/\/www.tgrthaber.com\/mavikadin\/wp-json\/wp\/v2\/media?parent=119353"}],"wp:term":[{"taxonomy":"category","embeddable":true,"href":"https:\/\/www.tgrthaber.com\/mavikadin\/wp-json\/wp\/v2\/categories?post=119353"},{"taxonomy":"post_tag","embeddable":true,"href":"https:\/\/www.tgrthaber.com\/mavikadin\/wp-json\/wp\/v2\/tags?post=119353"}],"curies":[{"name":"wp","href":"https:\/\/api.w.org\/{rel}","templated":true}]}}