{"id":119358,"date":"2025-01-10T01:15:01","date_gmt":"2025-01-09T22:15:01","guid":{"rendered":"https:\/\/www.tgrthaber.com\/mavikadin\/?p=119358"},"modified":"2025-01-10T01:15:01","modified_gmt":"2025-01-09T22:15:01","slug":"bir-zamanlar-istanbulun-salihi-tezhan-tezcan-kimdir-kimin-oglu","status":"publish","type":"post","link":"https:\/\/www.tgrthaber.com\/mavikadin\/bir-zamanlar-istanbulun-salihi-tezhan-tezcan-kimdir-kimin-oglu\/","title":{"rendered":"Bir Zamanlar \u0130stanbul\u2019un Salih\u2019i Tezhan Tezcan Kimdir, kimin o\u011flu?"},"content":{"rendered":"<p>Bir Zamanlar \u0130stanbul, y\u0131ld\u0131z oyuncular\u0131yla g\u00f6z dolduruyor. Ba\u015frollerinde Alina Boz ve Cihangir Ceyhan\u2019\u0131n yer ald\u0131\u011f\u0131 diziye Tezhan Tezcan, Salih karakteriyle dahil oldu. Peki Bir Zamanlar \u0130stanbul Salih kimdir? Tezhan Tezcan kim, kimin o\u011flu?<\/p>\n<p>Bozda\u011f Film\u2019in b\u00fcy\u00fck bir \u00f6zenle haz\u0131rlad\u0131\u011f\u0131 yeni dizi Bir Zamanlar \u0130stanbul, y\u0131ld\u0131zlarla dolu kadrosuyla \u015fimdiden dikkatleri \u00fczerine \u00e7ekti. Ba\u015frollerinde Alina Boz ve Cihangir Ceyhan\u2019\u0131n yer ald\u0131\u011f\u0131 Bir Zamanlar \u0130stanbul dizisi kadrosuna, \u00fcnl\u00fc sanat\u00e7\u0131 M\u00fc\u015ferref Akay\u2019\u0131n o\u011flu Tezhan Tezcan da Salih karakteriyle dahil oldu.<\/p>\n<h3>B\u0130R ZAMANLAR \u0130STANBUL \u00c7EK\u0130MLER\u0130 BA\u015eLADI<\/h3>\n<p>\u00d6n haz\u0131rl\u0131klar\u0131 bir y\u0131ld\u0131r devam eden ve 90\u2019l\u0131 y\u0131llarda ge\u00e7en bir K\u00f6ro\u011flu hik\u00e2yesini modern bir anlat\u0131mla ekrana ta\u015f\u0131yacak olan dizinin \u00e7ekimleri 7 Ocak\u2019ta ba\u015flad\u0131. Metin G\u00fcnay\u2019\u0131n y\u00f6netmenli\u011fini \u00fcstlendi\u011fi dizi, etkileyici senaryosu ve geni\u015f oyuncu kadrosuyla yeni sezonun en iddial\u0131 yap\u0131mlar\u0131 aras\u0131nda yer al\u0131yor.<\/p>\n<p><img loading=\"lazy\" decoding=\"async\" class=\"alignnone size-full wp-image-119360\" src=\"https:\/\/www.tgrthaber.com\/mavikadin\/wp-content\/uploads\/Yeni-Proje-29-5.jpg\" alt=\"\" width=\"1208\" height=\"680\" title=\"\" srcset=\"https:\/\/www.tgrthaber.com\/mavikadin\/wp-content\/uploads\/Yeni-Proje-29-5.jpg 1208w, https:\/\/www.tgrthaber.com\/mavikadin\/wp-content\/uploads\/Yeni-Proje-29-5-300x169.jpg 300w, https:\/\/www.tgrthaber.com\/mavikadin\/wp-content\/uploads\/Yeni-Proje-29-5-1024x576.jpg 1024w, https:\/\/www.tgrthaber.com\/mavikadin\/wp-content\/uploads\/Yeni-Proje-29-5-768x432.jpg 768w\" sizes=\"(max-width: 1208px) 100vw, 1208px\" \/><\/p>\n<hr \/>\n<h3>TEZHAN TEZCAN SAL\u0130H KARAKTER\u0130YLE KADRODA<\/h3>\n<p>Tezhan Tezcan, dizide Salih karakterine hayat verecek. Salih, Mirza Bahattin Do\u011fan\u2019\u0131n oynad\u0131\u011f\u0131 K\u00fclhan karakterinin sa\u011f kolu olarak kar\u015f\u0131m\u0131za \u00e7\u0131kacak.<\/p>\n<p><img loading=\"lazy\" decoding=\"async\" class=\"alignnone size-full wp-image-119361\" src=\"https:\/\/www.tgrthaber.com\/mavikadin\/wp-content\/uploads\/Yeni-Proje-30-4.jpg\" alt=\"\" width=\"1208\" height=\"680\" title=\"\" srcset=\"https:\/\/www.tgrthaber.com\/mavikadin\/wp-content\/uploads\/Yeni-Proje-30-4.jpg 1208w, https:\/\/www.tgrthaber.com\/mavikadin\/wp-content\/uploads\/Yeni-Proje-30-4-300x169.jpg 300w, https:\/\/www.tgrthaber.com\/mavikadin\/wp-content\/uploads\/Yeni-Proje-30-4-1024x576.jpg 1024w, https:\/\/www.tgrthaber.com\/mavikadin\/wp-content\/uploads\/Yeni-Proje-30-4-768x432.jpg 768w\" sizes=\"(max-width: 1208px) 100vw, 1208px\" \/><\/p>\n<hr \/>\n<h3>B\u0130R ZAMANLAR \u0130STANBUL OYUNCULARI<\/h3>\n<p>Bir Zamanlar \u0130stanbul dizisinin oyuncu kadrosunda Alina Boz ve Cihangir Ceyhan\u2019\u0131n yan\u0131 s\u0131ra H\u00fcseyin Avni Danyal, Didem Bal\u00e7\u0131n, \u015eebnem D\u00f6nmez, Kaan Ta\u015faner, Deniz Celilo\u011flu, \u00d6zge \u00d6zder, \u00dcmit Kantarc\u0131lar, \u0130pek Karap\u0131nar, Murat Daltaban, Nihal Kolda\u015f, Mirza Bahattin Do\u011fan ve Serdar \u00d6zer gibi \u00fcnl\u00fc oyuncular yer al\u0131yor.<\/p>\n<p><img loading=\"lazy\" decoding=\"async\" class=\"alignnone size-full wp-image-119362\" src=\"https:\/\/www.tgrthaber.com\/mavikadin\/wp-content\/uploads\/Yeni-Proje-31-3.jpg\" alt=\"\" width=\"1208\" height=\"680\" title=\"\" srcset=\"https:\/\/www.tgrthaber.com\/mavikadin\/wp-content\/uploads\/Yeni-Proje-31-3.jpg 1208w, https:\/\/www.tgrthaber.com\/mavikadin\/wp-content\/uploads\/Yeni-Proje-31-3-300x169.jpg 300w, https:\/\/www.tgrthaber.com\/mavikadin\/wp-content\/uploads\/Yeni-Proje-31-3-1024x576.jpg 1024w, https:\/\/www.tgrthaber.com\/mavikadin\/wp-content\/uploads\/Yeni-Proje-31-3-768x432.jpg 768w\" sizes=\"(max-width: 1208px) 100vw, 1208px\" \/><\/p>\n<hr \/>\n<h3>TEZHAN TEZCAN K\u0130MD\u0130R, K\u0130M\u0130N O\u011eLU?<\/h3>\n<p>1978 y\u0131l\u0131n\u0131n Nisan ay\u0131nda d\u00fcnyaya gelen Tezhan Tezcan, \u00fcnl\u00fc sanat\u00e7\u0131 M\u00fc\u015ferref Akay ve Mahmut Tezcan\u2019\u0131n o\u011fludur. Hen\u00fcz d\u00f6rt ya\u015f\u0131ndayken m\u00fczikle ilgilenmeye ba\u015flayan Tezcan, 1990 y\u0131l\u0131nda \u0130stanbul Teknik \u00dcniversitesi Devlet Konservatuar\u0131\u2019na kabul edilmi\u015ftir. E\u011fitimine yurt d\u0131\u015f\u0131nda devam eden Tezcan, \u00f6nce Viyana\u2019da ard\u0131ndan Kanada\u2019n\u0131n Montreal \u015fehrinde ses m\u00fchendisli\u011fi \u00fczerine e\u011fitim alm\u0131\u015ft\u0131r.<\/p>\n<p><img loading=\"lazy\" decoding=\"async\" class=\"alignnone size-full wp-image-119363\" src=\"https:\/\/www.tgrthaber.com\/mavikadin\/wp-content\/uploads\/Yeni-Proje-32-3.jpg\" alt=\"\" width=\"1208\" height=\"680\" title=\"\" srcset=\"https:\/\/www.tgrthaber.com\/mavikadin\/wp-content\/uploads\/Yeni-Proje-32-3.jpg 1208w, https:\/\/www.tgrthaber.com\/mavikadin\/wp-content\/uploads\/Yeni-Proje-32-3-300x169.jpg 300w, https:\/\/www.tgrthaber.com\/mavikadin\/wp-content\/uploads\/Yeni-Proje-32-3-1024x576.jpg 1024w, https:\/\/www.tgrthaber.com\/mavikadin\/wp-content\/uploads\/Yeni-Proje-32-3-768x432.jpg 768w\" sizes=\"(max-width: 1208px) 100vw, 1208px\" \/><\/p>\n","protected":false},"excerpt":{"rendered":"<p>Bir Zamanlar \u0130stanbul, y\u0131ld\u0131z oyuncular\u0131yla g\u00f6z dolduruyor. Ba\u015frollerinde Alina Boz ve Cihangir Ceyhan\u2019\u0131n yer ald\u0131\u011f\u0131 diziye Tezhan Tezcan, Salih karakteriyle dahil oldu. Peki Bir Zamanlar \u0130stanbul Salih kimdir? Tezhan Tezcan kim, kimin o\u011flu?<\/p>\n","protected":false},"author":4,"featured_media":119359,"comment_status":"closed","ping_status":"closed","sticky":false,"template":"","format":"standard","meta":{"rank_math_lock_modified_date":false,"footnotes":""},"categories":[491],"tags":[3135,7592,7593],"class_list":["post-119358","post","type-post","status-publish","format-standard","has-post-thumbnail","hentry","category-biyografi","tag-bir-zamanlar-istanbul","tag-muserref-akay","tag-tezhan-tezcan"],"_links":{"self":[{"href":"https:\/\/www.tgrthaber.com\/mavikadin\/wp-json\/wp\/v2\/posts\/119358"}],"collection":[{"href":"https:\/\/www.tgrthaber.com\/mavikadin\/wp-json\/wp\/v2\/posts"}],"about":[{"href":"https:\/\/www.tgrthaber.com\/mavikadin\/wp-json\/wp\/v2\/types\/post"}],"author":[{"embeddable":true,"href":"https:\/\/www.tgrthaber.com\/mavikadin\/wp-json\/wp\/v2\/users\/4"}],"replies":[{"embeddable":true,"href":"https:\/\/www.tgrthaber.com\/mavikadin\/wp-json\/wp\/v2\/comments?post=119358"}],"version-history":[{"count":2,"href":"https:\/\/www.tgrthaber.com\/mavikadin\/wp-json\/wp\/v2\/posts\/119358\/revisions"}],"predecessor-version":[{"id":119365,"href":"https:\/\/www.tgrthaber.com\/mavikadin\/wp-json\/wp\/v2\/posts\/119358\/revisions\/119365"}],"wp:featuredmedia":[{"embeddable":true,"href":"https:\/\/www.tgrthaber.com\/mavikadin\/wp-json\/wp\/v2\/media\/119359"}],"wp:attachment":[{"href":"https:\/\/www.tgrthaber.com\/mavikadin\/wp-json\/wp\/v2\/media?parent=119358"}],"wp:term":[{"taxonomy":"category","embeddable":true,"href":"https:\/\/www.tgrthaber.com\/mavikadin\/wp-json\/wp\/v2\/categories?post=119358"},{"taxonomy":"post_tag","embeddable":true,"href":"https:\/\/www.tgrthaber.com\/mavikadin\/wp-json\/wp\/v2\/tags?post=119358"}],"curies":[{"name":"wp","href":"https:\/\/api.w.org\/{rel}","templated":true}]}}