{"id":119469,"date":"2025-01-10T11:21:05","date_gmt":"2025-01-10T08:21:05","guid":{"rendered":"https:\/\/www.tgrthaber.com\/mavikadin\/?p=119469"},"modified":"2025-01-10T11:21:06","modified_gmt":"2025-01-10T08:21:06","slug":"china-suarez-paylasimlari-wandayi-cildirtti-uvey-oglundan-mauro-icardiye-atesli-destek","status":"publish","type":"post","link":"https:\/\/www.tgrthaber.com\/mavikadin\/china-suarez-paylasimlari-wandayi-cildirtti-uvey-oglundan-mauro-icardiye-atesli-destek\/","title":{"rendered":"China Suarez payla\u015f\u0131mlar\u0131 Wanda&#8217;y\u0131 \u00e7\u0131ld\u0131rtt\u0131! \u00dcvey o\u011flundan Mauro Icardi&#8217;ye ate\u015fli destek"},"content":{"rendered":"<p>Galatasaray&#8217;\u0131n y\u0131ld\u0131z futbolcusu Mauro Icardi, sonunda arad\u0131\u011f\u0131 a\u015fk\u0131 China Suarez de buldu. Sosyal medyada China Suarez ile payla\u015f\u0131m yapan Mauro Icardi adeta g\u00fcndemi de\u011fi\u015ftirdi. Arjantinli g\u00fczel oyuncu ve \u015fark\u0131c\u0131 China Suarez ile ya\u015fad\u0131\u011f\u0131 a\u015fk sonras\u0131 Wanda Nara cephesinde t\u00fcm sistem de\u011fi\u015fti.<\/p>\n<h3>CH\u0130NA SUAREZ PAYLA\u015eIMLARI WANDA&#8217;YI \u00c7ILDIRTTI<\/h3>\n<p>Wnada Nara, ge\u00e7ti\u011fimiz g\u00fcnlerde I Gante ile yollar\u0131n\u0131 ay\u0131rd\u0131\u011f\u0131n\u0131 duyurdu. \u00c7ocuklar\u0131 i\u00e7in yuvas\u0131na geri d\u00f6nmek isteyen Wanda&#8217;ya Mauro Icardi&#8217;den rest geldi. Icardi, Wanda&#8217;ya her \u015feyin ge\u00e7 oldu\u011funu belirten bir payla\u015f\u0131mda bulundu. Bunun ard\u0131ndan da yeni sevgilisi China Suarez ile payla\u015f\u0131m yapt\u0131.<\/p>\n<p><img loading=\"lazy\" decoding=\"async\" class=\"alignnone wp-image-119477\" src=\"https:\/\/www.tgrthaber.com\/mavikadin\/wp-content\/uploads\/UN-43-1-1024x576.png\" alt=\"\" width=\"1208\" height=\"680\" title=\"\" srcset=\"https:\/\/www.tgrthaber.com\/mavikadin\/wp-content\/uploads\/UN-43-1-1024x576.png 1024w, https:\/\/www.tgrthaber.com\/mavikadin\/wp-content\/uploads\/UN-43-1-300x169.png 300w, https:\/\/www.tgrthaber.com\/mavikadin\/wp-content\/uploads\/UN-43-1-768x432.png 768w, https:\/\/www.tgrthaber.com\/mavikadin\/wp-content\/uploads\/UN-43-1-1536x864.png 1536w, https:\/\/www.tgrthaber.com\/mavikadin\/wp-content\/uploads\/UN-43-1.png 1920w\" sizes=\"(max-width: 1208px) 100vw, 1208px\" \/><\/p>\n<hr \/>\n<h3>\u00dcVEY O\u011eLUNDAN MAURO ICARD\u0130&#8217;YE ATE\u015eL\u0130 DESTEK!<\/h3>\n<p>Hem magazin hem futbol camias\u0131nda ses getiren payla\u015f\u0131mlara be\u011feni ve yorum ya\u011fd\u0131. Bunlardan biri ise Wanda&#8217;n\u0131n ilk e\u015finden olan o\u011flu oldu. Benedicto Lopez, Mauro Icardi&#8217;nin China&#8217;l\u0131 payla\u015f\u0131m\u0131na alk\u0131\u015f ve ate\u015f emojileri b\u0131rakt\u0131.<\/p>\n<p><img loading=\"lazy\" decoding=\"async\" class=\"alignnone wp-image-119478\" src=\"https:\/\/www.tgrthaber.com\/mavikadin\/wp-content\/uploads\/UN-44-1-1024x576.png\" alt=\"\" width=\"1208\" height=\"680\" title=\"\" srcset=\"https:\/\/www.tgrthaber.com\/mavikadin\/wp-content\/uploads\/UN-44-1-1024x576.png 1024w, https:\/\/www.tgrthaber.com\/mavikadin\/wp-content\/uploads\/UN-44-1-300x169.png 300w, https:\/\/www.tgrthaber.com\/mavikadin\/wp-content\/uploads\/UN-44-1-768x432.png 768w, https:\/\/www.tgrthaber.com\/mavikadin\/wp-content\/uploads\/UN-44-1-1536x864.png 1536w, https:\/\/www.tgrthaber.com\/mavikadin\/wp-content\/uploads\/UN-44-1.png 1920w\" sizes=\"(max-width: 1208px) 100vw, 1208px\" \/><\/p>\n<hr \/>\n<p>Payla\u015f\u0131mlar sonras\u0131 Wnada, Icardi ile foto\u011fraflar\u0131n\u0131 silmese de \u00fcnl\u00fc\u00a0 futbolcuyu takipten \u00e7\u0131kard\u0131. Ancak Mauro Icardi, Wanda&#8217;y\u0131 bir ay \u00f6nce takip etmeyi b\u0131rakm\u0131\u015ft\u0131. \u0130ddialara g\u00f6re Wanda daha sonra o\u011flu Benedicto&#8217;nun yorumunu sildirtti.<\/p>\n<p>\u0130kili aras\u0131nda kaotik durum devam ederken Icardi, net oldu\u011funu belirten bir a\u00e7\u0131klama yapt\u0131. Mutlu oldu\u011funu ve art\u0131k geri d\u00f6nmeyece\u011fini maddeler halinde s\u0131ralayan Mauro Icardi, Wanda&#8217;n\u0131n kendisini aldatt\u0131\u011f\u0131n\u0131 i\u00e7eren t\u00fcm konular\u0131 if\u015fa etti.<\/p>\n<p><img loading=\"lazy\" decoding=\"async\" class=\"alignnone wp-image-119479\" src=\"https:\/\/www.tgrthaber.com\/mavikadin\/wp-content\/uploads\/UN-45-1-1024x576.png\" alt=\"\" width=\"1208\" height=\"680\" title=\"\" srcset=\"https:\/\/www.tgrthaber.com\/mavikadin\/wp-content\/uploads\/UN-45-1-1024x576.png 1024w, https:\/\/www.tgrthaber.com\/mavikadin\/wp-content\/uploads\/UN-45-1-300x169.png 300w, https:\/\/www.tgrthaber.com\/mavikadin\/wp-content\/uploads\/UN-45-1-768x432.png 768w, https:\/\/www.tgrthaber.com\/mavikadin\/wp-content\/uploads\/UN-45-1-1536x864.png 1536w, https:\/\/www.tgrthaber.com\/mavikadin\/wp-content\/uploads\/UN-45-1.png 1920w\" sizes=\"(max-width: 1208px) 100vw, 1208px\" \/><\/p>\n<hr \/>\n<h3>MAURO ICARD\u0130 VE CH\u0130NA SUAREZ NASIL TANI\u015eTI?<\/h3>\n<p>China Suarez, Arjantinli hem \u015fark\u0131c\u0131 hem oyuncudur. \u0130ki \u00e7ocu\u011fu olan Suarez, daha \u00f6nce hi\u00e7 evlenmedi ve Arjantin medyas\u0131nda pop\u00fcler olan isimlerden biridir. \u0130ddialara g\u00f6re ikili sosyal medya \u00fczerinden tan\u0131\u015ft\u0131. \u0130lk ad\u0131m\u0131 ise Mauro Icardi att\u0131. Icardi, uzun s\u00fcredir China Suarez&#8217;i be\u011fendi\u011fine dair baz\u0131 yorumlar i\u00e7eren payla\u015f\u0131mlarda bulundu. \u015eimdilerde Suarez&#8217;in \u00e7ocuklar\u0131 ve Icardi \u00e7ocuklar\u0131yla beraber tatil yap\u0131yor. Icardi ise fizik tedavisinde devam ediyor.<\/p>\n","protected":false},"excerpt":{"rendered":"<p>Galatasaray&#8217;\u0131n y\u0131ld\u0131z futbolcusu Mauro Icardi, sonunda arad\u0131\u011f\u0131 a\u015fk\u0131 China Suarez de buldu. Sosyal medyada China Suarez ile payla\u015f\u0131m yapan Mauro Icardi adeta g\u00fcndemi de\u011fi\u015ftirdi. Arjantinli g\u00fczel oyuncu ve \u015fark\u0131c\u0131 China Suarez ile ya\u015fad\u0131\u011f\u0131 a\u015fk sonras\u0131 Wanda Nara cephesinde t\u00fcm sistem de\u011fi\u015fti. CH\u0130NA SUAREZ PAYLA\u015eIMLARI WANDA&#8217;YI \u00c7ILDIRTTI Wnada Nara, ge\u00e7ti\u011fimiz g\u00fcnlerde I Gante ile yollar\u0131n\u0131 ay\u0131rd\u0131\u011f\u0131n\u0131 [&hellip;]<\/p>\n","protected":false},"author":24,"featured_media":119480,"comment_status":"closed","ping_status":"closed","sticky":false,"template":"","format":"standard","meta":{"rank_math_lock_modified_date":false,"footnotes":""},"categories":[76],"tags":[7542,2218,7609,2241,2222],"class_list":["post-119469","post","type-post","status-publish","format-standard","has-post-thumbnail","hentry","category-magazin","tag-china-suarez","tag-magazin-haberleri","tag-mauor-icardi-yeni-sevgilisi","tag-mauro-icardi","tag-wanda-nara"],"_links":{"self":[{"href":"https:\/\/www.tgrthaber.com\/mavikadin\/wp-json\/wp\/v2\/posts\/119469"}],"collection":[{"href":"https:\/\/www.tgrthaber.com\/mavikadin\/wp-json\/wp\/v2\/posts"}],"about":[{"href":"https:\/\/www.tgrthaber.com\/mavikadin\/wp-json\/wp\/v2\/types\/post"}],"author":[{"embeddable":true,"href":"https:\/\/www.tgrthaber.com\/mavikadin\/wp-json\/wp\/v2\/users\/24"}],"replies":[{"embeddable":true,"href":"https:\/\/www.tgrthaber.com\/mavikadin\/wp-json\/wp\/v2\/comments?post=119469"}],"version-history":[{"count":1,"href":"https:\/\/www.tgrthaber.com\/mavikadin\/wp-json\/wp\/v2\/posts\/119469\/revisions"}],"predecessor-version":[{"id":119481,"href":"https:\/\/www.tgrthaber.com\/mavikadin\/wp-json\/wp\/v2\/posts\/119469\/revisions\/119481"}],"wp:featuredmedia":[{"embeddable":true,"href":"https:\/\/www.tgrthaber.com\/mavikadin\/wp-json\/wp\/v2\/media\/119480"}],"wp:attachment":[{"href":"https:\/\/www.tgrthaber.com\/mavikadin\/wp-json\/wp\/v2\/media?parent=119469"}],"wp:term":[{"taxonomy":"category","embeddable":true,"href":"https:\/\/www.tgrthaber.com\/mavikadin\/wp-json\/wp\/v2\/categories?post=119469"},{"taxonomy":"post_tag","embeddable":true,"href":"https:\/\/www.tgrthaber.com\/mavikadin\/wp-json\/wp\/v2\/tags?post=119469"}],"curies":[{"name":"wp","href":"https:\/\/api.w.org\/{rel}","templated":true}]}}