{"id":119483,"date":"2025-01-10T11:45:23","date_gmt":"2025-01-10T08:45:23","guid":{"rendered":"https:\/\/www.tgrthaber.com\/mavikadin\/?p=119483"},"modified":"2025-01-10T11:45:23","modified_gmt":"2025-01-10T08:45:23","slug":"zeynep-beserler-ayse-barim-olayina-sert-cikti-konu-sadece-tekellesme","status":"publish","type":"post","link":"https:\/\/www.tgrthaber.com\/mavikadin\/zeynep-beserler-ayse-barim-olayina-sert-cikti-konu-sadece-tekellesme\/","title":{"rendered":"Zeynep Be\u015ferler Ay\u015fe Bar\u0131m olay\u0131na sert \u00e7\u0131kt\u0131! \u2018Konu sadece tekelle\u015fme\u2019"},"content":{"rendered":"<p>G\u00fcnlerdir magazin g\u00fcndemini me\u015fgul eden menajer Ay\u015fe Bar\u0131m olay\u0131 \u00fczerine \u00fcnl\u00fclerden de a\u00e7\u0131klamalar pe\u015f pe\u015fe gelmeye devam ediyor. Son olarak payla\u015ft\u0131\u011f\u0131 yaz\u0131s\u0131yla dikkat \u00e7eken oyuncu Zeynep Be\u015ferler &#8216;Konu sadece tekelle\u015fme&#8217; diyerek tepkisini dile getirdi.<\/p>\n<h3>ZEYNEP BE\u015eERLER AY\u015eE BARIM OLAYINA SERT \u00c7IKTI!<\/h3>\n<p>\u00dcnl\u00fc oyuncu Zeynep Be\u015ferler Ay\u015fe Bar\u0131m olay\u0131na sert \u00e7\u0131kt\u0131. Bir haftad\u0131r magazin g\u00fcndemine bomba gibi d\u00fc\u015fen iddialar kar\u015f\u0131s\u0131nda \u00fcnl\u00fclerin yapt\u0131\u011f\u0131 a\u00e7\u0131klamalar dikkat \u00e7ekiyor.<\/p>\n<p><img loading=\"lazy\" decoding=\"async\" class=\"alignnone wp-image-119486\" src=\"https:\/\/www.tgrthaber.com\/mavikadin\/wp-content\/uploads\/zeynep-beserler-2.jpg\" alt=\"\" width=\"1208\" height=\"680\" title=\"\" srcset=\"https:\/\/www.tgrthaber.com\/mavikadin\/wp-content\/uploads\/zeynep-beserler-2.jpg 1600w, https:\/\/www.tgrthaber.com\/mavikadin\/wp-content\/uploads\/zeynep-beserler-2-300x169.jpg 300w, https:\/\/www.tgrthaber.com\/mavikadin\/wp-content\/uploads\/zeynep-beserler-2-1024x576.jpg 1024w, https:\/\/www.tgrthaber.com\/mavikadin\/wp-content\/uploads\/zeynep-beserler-2-768x432.jpg 768w, https:\/\/www.tgrthaber.com\/mavikadin\/wp-content\/uploads\/zeynep-beserler-2-1536x864.jpg 1536w\" sizes=\"(max-width: 1208px) 100vw, 1208px\" \/><\/p>\n<hr \/>\n<h3>&#8220;KONU G\u00dc\u00c7L\u00dc YAPIMCILARIN 30 OYUNCU ARASINDAK\u0130 K\u00d6\u015eE KAPMACASI&#8221;<\/h3>\n<p>Sevilen isim Zeynep Be\u015ferler de konuyla ilgili bir a\u00e7\u0131klama yay\u0131nlayarak, \u201cKonu sadece tekelle\u015fme, g\u00fc\u00e7l\u00fc yap\u0131mc\u0131lar\u0131n 30 oyuncu aras\u0131ndaki k\u00f6\u015fe kapmacas\u0131, takip\u00e7i say\u0131s\u0131na g\u00f6re verilen roller. Y\u0131llard\u0131r bu sekt\u00f6rde aram\u0131zda konu\u015fulanlar\u0131 gazeteci bir abimiz, bizi hi\u00e7 ilgilendirmeye \u00f6zel hayatlar \u00fczerinden \u00e7\u0131tlat\u0131nca f\u0131rt\u0131na koptu. Herkesin \u015fapkas\u0131n\u0131 \u00f6n\u00fcne koyup d\u00fc\u015f\u00fcnmesi gerekir&#8221; dedi.<\/p>\n<p>Menajer Ay\u015fe Bar\u0131m ve Serenay Sar\u0131kaya hakk\u0131ndaki iddialar g\u00fcndeme bomba gibi d\u00fc\u015ferken sekt\u00f6rdeki baz\u0131 oyunculardan da \u00f6nemli a\u00e7\u0131klamalar geldi.<\/p>\n<p><img loading=\"lazy\" decoding=\"async\" class=\"alignnone wp-image-119491\" src=\"https:\/\/www.tgrthaber.com\/mavikadin\/wp-content\/uploads\/zeynep-beserler-3.jpg\" alt=\"\" width=\"1208\" height=\"680\" title=\"\" srcset=\"https:\/\/www.tgrthaber.com\/mavikadin\/wp-content\/uploads\/zeynep-beserler-3.jpg 1600w, https:\/\/www.tgrthaber.com\/mavikadin\/wp-content\/uploads\/zeynep-beserler-3-300x169.jpg 300w, https:\/\/www.tgrthaber.com\/mavikadin\/wp-content\/uploads\/zeynep-beserler-3-1024x576.jpg 1024w, https:\/\/www.tgrthaber.com\/mavikadin\/wp-content\/uploads\/zeynep-beserler-3-768x432.jpg 768w, https:\/\/www.tgrthaber.com\/mavikadin\/wp-content\/uploads\/zeynep-beserler-3-1536x864.jpg 1536w\" sizes=\"(max-width: 1208px) 100vw, 1208px\" \/><\/p>\n<hr \/>\n<p>Eyl\u00fcl 2024&#8217;teki yaz\u0131s\u0131nda TV100 yazar\u0131 Fuat U\u011fur, Rekabet Kurumu&#8217;nun baz\u0131 yap\u0131m \u015firketleri ve ajanslara &#8220;kartelle\u015fme ve piyasadaki hakimiyetlerini k\u00f6t\u00fcye kullanma&#8221; gerek\u00e7esiyle bask\u0131n yap\u0131laca\u011f\u0131n\u0131 yazm\u0131\u015ft\u0131.<\/p>\n<p>Bug\u00fcn Rekabet Kurulu, kast ajanslar\u0131n\u0131n &#8216;Rekabetin Korunmas\u0131 Hakk\u0131nda Kanun&#8217;u ihlal edip etmedi\u011fine dair ara\u015ft\u0131rmas\u0131 sonras\u0131nda elde edilen bilgi ve belgeleri yeterli buldu. Toplamda 21 \u015firkete soru\u015fturma a\u00e7\u0131ld\u0131. Bu \u015firketler aras\u0131nda ID \u0130leti\u015fim de bulunuyor.<\/p>\n<h3>ID \u0130LET\u0130\u015e\u0130M \u0130DD\u0130ALARI YALANLADI<\/h3>\n<p>ID \u0130leti\u015fim yay\u0131nlad\u0131\u011f\u0131 a\u00e7\u0131klamada sosyal medyadaki iddialar yalanland\u0131.<\/p>\n<p><strong>Ajans\u0131n a\u00e7\u0131klamas\u0131 \u015f\u00f6yle:<\/strong><\/p>\n<p>&#8220;\u015eirketimiz 2002 y\u0131l\u0131ndan bu yana T\u00fcrkiye\u2019nin en sevilen ve takdir edilen oyuncular\u0131na menajerlik hizmeti vermekte olan, T\u00fcrkiye\u2019deki menajerlik mesle\u011fini d\u00fcnya standartlar\u0131nda uygulayan, alan\u0131nda \u00f6nc\u00fc bir \u015firkettir.<\/p>\n<p>Son iki g\u00fcnd\u00fcr \u015firketimizin kurucu orta\u011f\u0131 Ay\u015fe Bar\u0131m ve uzun s\u00fcredir birlikte \u00e7al\u0131\u015ft\u0131\u011f\u0131 oyuncumuz Serenay Sar\u0131kaya, ger\u00e7ek olmayan ve ahlak d\u0131\u015f\u0131 iddialarla ili\u015fkilendirilmi\u015ftir.<\/p>\n<p><img loading=\"lazy\" decoding=\"async\" class=\"alignnone size-full wp-image-118784\" src=\"https:\/\/www.tgrthaber.com\/mavikadin\/wp-content\/uploads\/Ayse-Barim-ajans.jpg\" alt=\"\" width=\"1179\" height=\"1144\" title=\"\" srcset=\"https:\/\/www.tgrthaber.com\/mavikadin\/wp-content\/uploads\/Ayse-Barim-ajans.jpg 1179w, https:\/\/www.tgrthaber.com\/mavikadin\/wp-content\/uploads\/Ayse-Barim-ajans-300x291.jpg 300w, https:\/\/www.tgrthaber.com\/mavikadin\/wp-content\/uploads\/Ayse-Barim-ajans-1024x994.jpg 1024w, https:\/\/www.tgrthaber.com\/mavikadin\/wp-content\/uploads\/Ayse-Barim-ajans-768x745.jpg 768w\" sizes=\"(max-width: 1179px) 100vw, 1179px\" \/><\/p>\n<hr \/>\n<p>\u015eirketimiz ve de\u011ferli bir oyuncumuzla ili\u015fkilendirilen bir yaz\u0131n\u0131n aylar sonra yeniden g\u00fcndemi planl\u0131 olarak me\u015fgul etti\u011fini \u00fcz\u00fclerek g\u00f6rmekteyiz.<\/p>\n<p>Bu iftiralarda bulunan ve planl\u0131 olarak yayan ki\u015filer hakk\u0131nda yarg\u0131 yoluna ba\u015fvurdu\u011fumuzu say\u0131n kamuoyunun bilgilerine sunar\u0131z.&#8221;<\/p>\n<p>Ajans\u0131n bu a\u00e7\u0131klamas\u0131n\u0131 Serenay Sar\u0131kaya da kendi hesab\u0131nda yay\u0131nlad\u0131.<\/p>\n<p><img loading=\"lazy\" decoding=\"async\" class=\"alignnone wp-image-118838\" src=\"https:\/\/www.tgrthaber.com\/mavikadin\/wp-content\/uploads\/Adsiz-tasarim-18-24.jpg\" alt=\"Ay\u015fe Bar\u0131m kiminle evli, meslek hayat\u0131na nas\u0131l ba\u015flad\u0131?\" width=\"1208\" height=\"680\" title=\"\" srcset=\"https:\/\/www.tgrthaber.com\/mavikadin\/wp-content\/uploads\/Adsiz-tasarim-18-24.jpg 1600w, https:\/\/www.tgrthaber.com\/mavikadin\/wp-content\/uploads\/Adsiz-tasarim-18-24-300x169.jpg 300w, https:\/\/www.tgrthaber.com\/mavikadin\/wp-content\/uploads\/Adsiz-tasarim-18-24-1024x576.jpg 1024w, https:\/\/www.tgrthaber.com\/mavikadin\/wp-content\/uploads\/Adsiz-tasarim-18-24-768x432.jpg 768w, https:\/\/www.tgrthaber.com\/mavikadin\/wp-content\/uploads\/Adsiz-tasarim-18-24-1536x864.jpg 1536w\" sizes=\"(max-width: 1208px) 100vw, 1208px\" \/><\/p>\n<hr \/>\n<h3>AY\u015eE BARIM A\u00c7IKLAMA YAPTI<\/h3>\n<p>\u0130ddialar\u0131n oda\u011f\u0131nda yer alan Ay\u015fe Bar\u0131m, &#8220;Hedef oldum ama daha sonra in\u015fallah hukuksal bir s\u00fcre\u00e7le takip edece\u011fiz&#8221; dedi.<\/p>\n","protected":false},"excerpt":{"rendered":"<p>Oyuncu Zeynep Be\u015ferler Ay\u015fe Bar\u0131m olay\u0131na sert \u00e7\u0131kt\u0131. Konunun sadece tekelle\u015fme oldu\u011funa dikkat \u00e7eken Be\u015ferler herkesin \u015fapkas\u0131n\u0131 \u00f6n\u00fcne koyup d\u00fc\u015f\u00fcnmesi gerekir dedi.<\/p>\n","protected":false},"author":5,"featured_media":119484,"comment_status":"closed","ping_status":"closed","sticky":false,"template":"","format":"standard","meta":{"rank_math_lock_modified_date":false,"footnotes":""},"categories":[76],"tags":[7462,7612],"class_list":["post-119483","post","type-post","status-publish","format-standard","has-post-thumbnail","hentry","category-magazin","tag-ayse-barim","tag-zeynep-beserler"],"_links":{"self":[{"href":"https:\/\/www.tgrthaber.com\/mavikadin\/wp-json\/wp\/v2\/posts\/119483"}],"collection":[{"href":"https:\/\/www.tgrthaber.com\/mavikadin\/wp-json\/wp\/v2\/posts"}],"about":[{"href":"https:\/\/www.tgrthaber.com\/mavikadin\/wp-json\/wp\/v2\/types\/post"}],"author":[{"embeddable":true,"href":"https:\/\/www.tgrthaber.com\/mavikadin\/wp-json\/wp\/v2\/users\/5"}],"replies":[{"embeddable":true,"href":"https:\/\/www.tgrthaber.com\/mavikadin\/wp-json\/wp\/v2\/comments?post=119483"}],"version-history":[{"count":1,"href":"https:\/\/www.tgrthaber.com\/mavikadin\/wp-json\/wp\/v2\/posts\/119483\/revisions"}],"predecessor-version":[{"id":119492,"href":"https:\/\/www.tgrthaber.com\/mavikadin\/wp-json\/wp\/v2\/posts\/119483\/revisions\/119492"}],"wp:featuredmedia":[{"embeddable":true,"href":"https:\/\/www.tgrthaber.com\/mavikadin\/wp-json\/wp\/v2\/media\/119484"}],"wp:attachment":[{"href":"https:\/\/www.tgrthaber.com\/mavikadin\/wp-json\/wp\/v2\/media?parent=119483"}],"wp:term":[{"taxonomy":"category","embeddable":true,"href":"https:\/\/www.tgrthaber.com\/mavikadin\/wp-json\/wp\/v2\/categories?post=119483"},{"taxonomy":"post_tag","embeddable":true,"href":"https:\/\/www.tgrthaber.com\/mavikadin\/wp-json\/wp\/v2\/tags?post=119483"}],"curies":[{"name":"wp","href":"https:\/\/api.w.org\/{rel}","templated":true}]}}