{"id":119506,"date":"2025-01-10T13:56:48","date_gmt":"2025-01-10T10:56:48","guid":{"rendered":"https:\/\/www.tgrthaber.com\/mavikadin\/?p=119506"},"modified":"2025-01-10T13:57:13","modified_gmt":"2025-01-10T10:57:13","slug":"10-ocak-calisan-gazeteciler-gunu-icin-ozel-mesajlar","status":"publish","type":"post","link":"https:\/\/www.tgrthaber.com\/mavikadin\/10-ocak-calisan-gazeteciler-gunu-icin-ozel-mesajlar\/","title":{"rendered":"10 Ocak \u00c7al\u0131\u015fan Gazeteciler G\u00fcn\u00fc i\u00e7in \u00f6zel mesajlar"},"content":{"rendered":"<p>10 Ocak \u00c7al\u0131\u015fan Gazeteciler i\u00e7in \u00f6zel mesajlar derledik. Bu \u00f6zel ve anlaml\u0131 g\u00fcn i\u00e7in \u00e7evrenizdeki \u00e7al\u0131\u015fan gazeteciler i\u00e7in bu anlaml\u0131 mesajlardan yazarak g\u00f6nderebilirsiniz. \u00c7al\u0131\u015fan gazetecilerin meslek hayat\u0131ndaki ihtiyac\u0131 olan deste\u011fi g\u00f6sterece\u011finiz en \u00f6zel g\u00fcnlerden biri 10 Ocak \u00c7al\u0131\u015fan Gazeteciler G\u00fcn\u00fc oluyor. Sizlere bu \u00f6zel g\u00fcnde \u00e7evrenizdeki \u00e7al\u0131\u015fan gazetecilere atman\u0131z i\u00e7in g\u00fczel mesajlar i\u00e7in \u00f6rnekler derledik.<\/p>\n<h3>10 OCAK \u00c7ALI\u015eAN GAZETEC\u0130LER G\u00dcN\u00dc \u0130\u00c7\u0130N \u00d6ZEL MESAJLAR<\/h3>\n<p>10 ocak \u00c7al\u0131\u015fan Gazeteciler G\u00fcn\u00fc i\u00e7in \u00f6zel mesajlar bir hayli fazla arat\u0131lmaya ba\u015fland\u0131. Hal b\u00f6yle olunca \u00fclkemizdeki \u00e7al\u0131\u015fan gazetecilerin \u00f6zel g\u00fcn\u00fcn\u00fc kutlamak ve g\u00fczel bir destek mesaj\u0131 atmak i\u00e7in sizlere \u00f6neriler haz\u0131rlad\u0131k. Bu mesajlarda birbirinden g\u00fczel i\u00e7ten ve samimi duygular mesajlar yer al\u0131yor. Siz de \u00e7evrenizdeki \u00e7al\u0131\u015fan gazetecilere bu mesajlardan g\u00f6nderebilirsiniz.<\/p>\n<p><img loading=\"lazy\" decoding=\"async\" class=\"alignnone size-full wp-image-119549\" src=\"https:\/\/www.tgrthaber.com\/mavikadin\/wp-content\/uploads\/mavikadin-56-1.jpg\" alt=\"\" width=\"1920\" height=\"1080\" title=\"\" srcset=\"https:\/\/www.tgrthaber.com\/mavikadin\/wp-content\/uploads\/mavikadin-56-1.jpg 1920w, https:\/\/www.tgrthaber.com\/mavikadin\/wp-content\/uploads\/mavikadin-56-1-300x169.jpg 300w, https:\/\/www.tgrthaber.com\/mavikadin\/wp-content\/uploads\/mavikadin-56-1-1024x576.jpg 1024w, https:\/\/www.tgrthaber.com\/mavikadin\/wp-content\/uploads\/mavikadin-56-1-768x432.jpg 768w, https:\/\/www.tgrthaber.com\/mavikadin\/wp-content\/uploads\/mavikadin-56-1-1536x864.jpg 1536w\" sizes=\"(max-width: 1920px) 100vw, 1920px\" \/><\/p>\n<hr \/>\n<p>&#8220;Do\u011fru habere ula\u015fmam\u0131z\u0131 sa\u011flayan, kalemini cesurca kullanan t\u00fcm gazetecilerin 10 Ocak \u00c7al\u0131\u015fan Gazeteciler G\u00fcn\u00fc kutlu olsun!&#8221;<\/p>\n<p>&#8220;Hakikati aramak ve topluma sunmak i\u00e7in gece g\u00fcnd\u00fcz \u00e7al\u0131\u015fan t\u00fcm gazetecilere minnettar\u0131z. 10 Ocak \u00c7al\u0131\u015fan Gazeteciler G\u00fcn\u00fcn\u00fcz kutlu olsun!&#8221;<\/p>\n<p>&#8220;Haberin pe\u015finden ko\u015farken fedak\u00e2rca emek veren t\u00fcm gazetecilere te\u015fekk\u00fcrler. 10 Ocak \u00c7al\u0131\u015fan Gazeteciler G\u00fcn\u00fc kutlu olsun!&#8221;<\/p>\n<p>&#8220;Halk\u0131n g\u00f6z\u00fc, kula\u011f\u0131 ve sesi olan t\u00fcm gazetecilerimizin \u00c7al\u0131\u015fan Gazeteciler G\u00fcn\u00fc\u2019n\u00fc kutlar, \u00e7al\u0131\u015fmalar\u0131nda ba\u015far\u0131lar dilerim.&#8221;<\/p>\n<p>&#8220;Zor \u015fartlar alt\u0131nda bile ger\u00e7e\u011fin izini s\u00fcren, do\u011fru bilgiye \u0131\u015f\u0131k tutan gazetecilerimizin 10 Ocak \u00c7al\u0131\u015fan Gazeteciler G\u00fcn\u00fc\u2019n\u00fc y\u00fcrekten kutluyorum.&#8221;<\/p>\n<p><img loading=\"lazy\" decoding=\"async\" class=\"alignnone size-full wp-image-119550\" src=\"https:\/\/www.tgrthaber.com\/mavikadin\/wp-content\/uploads\/mavikadin-55-1.jpg\" alt=\"\" width=\"1920\" height=\"1080\" title=\"\" srcset=\"https:\/\/www.tgrthaber.com\/mavikadin\/wp-content\/uploads\/mavikadin-55-1.jpg 1920w, https:\/\/www.tgrthaber.com\/mavikadin\/wp-content\/uploads\/mavikadin-55-1-300x169.jpg 300w, https:\/\/www.tgrthaber.com\/mavikadin\/wp-content\/uploads\/mavikadin-55-1-1024x576.jpg 1024w, https:\/\/www.tgrthaber.com\/mavikadin\/wp-content\/uploads\/mavikadin-55-1-768x432.jpg 768w, https:\/\/www.tgrthaber.com\/mavikadin\/wp-content\/uploads\/mavikadin-55-1-1536x864.jpg 1536w\" sizes=\"(max-width: 1920px) 100vw, 1920px\" \/><\/p>\n<hr \/>\n<p>&#8220;Gazetecilik; cesaret, d\u00fcr\u00fcstl\u00fck ve fedak\u00e2rl\u0131k isteyen bir meslek. Bu de\u011ferleri ya\u015fatan t\u00fcm gazetecilerin 10 Ocak \u00c7al\u0131\u015fan Gazeteciler G\u00fcn\u00fc kutlu olsun.&#8221;<\/p>\n<p>&#8220;Karanl\u0131\u011fa \u0131\u015f\u0131k tutan, toplumu bilgilendirmek i\u00e7in gece g\u00fcnd\u00fcz demeden \u00e7al\u0131\u015fan gazetecilerimizin \u00c7al\u0131\u015fan Gazeteciler G\u00fcn\u00fc\u2019n\u00fc kutluyorum.&#8221;<\/p>\n<p>&#8220;\u00d6zg\u00fcr bas\u0131n, g\u00fc\u00e7l\u00fc toplumun teminat\u0131d\u0131r. T\u00fcm gazetecilerin 10 Ocak \u00c7al\u0131\u015fan Gazeteciler G\u00fcn\u00fc kutlu olsun!&#8221;<\/p>\n<p>&#8220;Kalemiyle d\u00fcnyay\u0131 de\u011fi\u015ftirme g\u00fcc\u00fcne inanan gazetecilerimizin 10 Ocak \u00c7al\u0131\u015fan Gazeteciler G\u00fcn\u00fc kutlu olsun.&#8221;<\/p>\n<p>&#8220;Zor zamanlarda bile ger\u00e7e\u011fi ortaya \u00e7\u0131karmak i\u00e7in \u00e7al\u0131\u015fan t\u00fcm gazetecilere \u015f\u00fckranlar\u0131m\u0131zla\u2026 10 Ocak \u00c7al\u0131\u015fan Gazeteciler G\u00fcn\u00fcn\u00fcz kutlu olsun!&#8221;<\/p>\n<p><img loading=\"lazy\" decoding=\"async\" class=\"alignnone size-full wp-image-119551\" src=\"https:\/\/www.tgrthaber.com\/mavikadin\/wp-content\/uploads\/mavikadin-53-1.jpg\" alt=\"\" width=\"1920\" height=\"1080\" title=\"\" srcset=\"https:\/\/www.tgrthaber.com\/mavikadin\/wp-content\/uploads\/mavikadin-53-1.jpg 1920w, https:\/\/www.tgrthaber.com\/mavikadin\/wp-content\/uploads\/mavikadin-53-1-300x169.jpg 300w, https:\/\/www.tgrthaber.com\/mavikadin\/wp-content\/uploads\/mavikadin-53-1-1024x576.jpg 1024w, https:\/\/www.tgrthaber.com\/mavikadin\/wp-content\/uploads\/mavikadin-53-1-768x432.jpg 768w, https:\/\/www.tgrthaber.com\/mavikadin\/wp-content\/uploads\/mavikadin-53-1-1536x864.jpg 1536w\" sizes=\"(max-width: 1920px) 100vw, 1920px\" \/><\/p>\n<hr \/>\n<p>&#8220;Bas\u0131n \u00f6zg\u00fcrl\u00fc\u011f\u00fcn\u00fc savunan ve topluma hizmet eden t\u00fcm gazetecilere selam olsun. \u00c7al\u0131\u015fan Gazeteciler G\u00fcn\u00fc\u2019n\u00fcz kutlu olsun!&#8221;<\/p>\n<p>&#8220;Kaleminiz daima g\u00fc\u00e7l\u00fc, ger\u00e7e\u011fin pe\u015findeki ad\u0131mlar\u0131n\u0131z sa\u011flam olsun. 10 Ocak \u00c7al\u0131\u015fan Gazeteciler G\u00fcn\u00fc kutlu olsun!&#8221;<\/p>\n<p>&#8220;Do\u011frunun ve ger\u00e7e\u011fin pe\u015finden y\u0131lmadan ko\u015fan gazetecilerin bu \u00f6zel g\u00fcn\u00fc kutlu olsun. \u0130yi ki vars\u0131n\u0131z!&#8221;<\/p>\n<p>&#8220;Gazetecilik bir meslekten \u00e7ok bir tutku ve sorumluluktur. Bu sorumlulu\u011fu ta\u015f\u0131yan t\u00fcm gazetecilere sayg\u0131yla\u2026 10 Ocak \u00c7al\u0131\u015fan Gazeteciler G\u00fcn\u00fc kutlu olsun.&#8221;<\/p>\n<p>&#8220;Demokrasinin vazge\u00e7ilmez unsuru olan bas\u0131n emek\u00e7ilerine sonsuz te\u015fekk\u00fcrler. \u00c7al\u0131\u015fan Gazeteciler G\u00fcn\u00fcn\u00fcz kutlu olsun!&#8221;<\/p>\n<p><img loading=\"lazy\" decoding=\"async\" class=\"alignnone size-full wp-image-119552\" src=\"https:\/\/www.tgrthaber.com\/mavikadin\/wp-content\/uploads\/mavikadin-52-1.jpg\" alt=\"\" width=\"1920\" height=\"1080\" title=\"\" srcset=\"https:\/\/www.tgrthaber.com\/mavikadin\/wp-content\/uploads\/mavikadin-52-1.jpg 1920w, https:\/\/www.tgrthaber.com\/mavikadin\/wp-content\/uploads\/mavikadin-52-1-300x169.jpg 300w, https:\/\/www.tgrthaber.com\/mavikadin\/wp-content\/uploads\/mavikadin-52-1-1024x576.jpg 1024w, https:\/\/www.tgrthaber.com\/mavikadin\/wp-content\/uploads\/mavikadin-52-1-768x432.jpg 768w, https:\/\/www.tgrthaber.com\/mavikadin\/wp-content\/uploads\/mavikadin-52-1-1536x864.jpg 1536w\" sizes=\"(max-width: 1920px) 100vw, 1920px\" \/><\/p>\n<hr \/>\n<p>Bu mesajlar\u0131 \u00f6zel birine ya da bir kuruma g\u00f6nderecekseniz bu durumda ki\u015fiselle\u015ftirebilirsiniz. \u00d6zel g\u00fcnde gazetecilik mesle\u011fini zorluklar\u0131na ra\u011fmen icra etmeye \u00e7al\u0131\u015fan gazetecileri unutmay\u0131n. Her meslekte oldu\u011fu gibi haber ak\u0131\u015f\u0131n\u0131 t\u00fcm \u015feffafl\u0131\u011f\u0131 ve h\u0131zla aktaran gazetecilerin g\u00fcn\u00fcn\u00fc kutlamak zorlu meslek ko\u015fullar\u0131nda destek olacakt\u0131r.<\/p>\n<p><img loading=\"lazy\" decoding=\"async\" class=\"alignnone size-full wp-image-119553\" src=\"https:\/\/www.tgrthaber.com\/mavikadin\/wp-content\/uploads\/mavikadin-51-2.jpg\" alt=\"\" width=\"1920\" height=\"1080\" title=\"\" srcset=\"https:\/\/www.tgrthaber.com\/mavikadin\/wp-content\/uploads\/mavikadin-51-2.jpg 1920w, https:\/\/www.tgrthaber.com\/mavikadin\/wp-content\/uploads\/mavikadin-51-2-300x169.jpg 300w, https:\/\/www.tgrthaber.com\/mavikadin\/wp-content\/uploads\/mavikadin-51-2-1024x576.jpg 1024w, https:\/\/www.tgrthaber.com\/mavikadin\/wp-content\/uploads\/mavikadin-51-2-768x432.jpg 768w, https:\/\/www.tgrthaber.com\/mavikadin\/wp-content\/uploads\/mavikadin-51-2-1536x864.jpg 1536w\" sizes=\"(max-width: 1920px) 100vw, 1920px\" \/><\/p>\n<hr \/>\n<p>Gazetecilik g\u00fcn\u00fcm\u00fcz\u00fcn en \u00f6nemli mesleklerinden biri. \u00c7ok fazla ileti\u015fim arac\u0131n\u0131n olmas\u0131 ve bir hayli yalan bilginin do\u011fru bilgiden ay\u0131rt edilmesi i\u00e7in \u00e7aba g\u00f6stermek u\u011fra\u015f gerektiriyor. Bu y\u00fczden g\u00fcn\u00fcm\u00fczde gazetecilik mesle\u011finde do\u011fru bilgiyi h\u0131zl\u0131 \u015fekilde ula\u015ft\u0131rmak da g\u00e7 durumda. Yine de her zorlu\u011fa ra\u011fmen \u00e7al\u0131\u015fan gazeteciler do\u011fru bilgileri en h\u0131zl\u0131 \u015fekilde ula\u015ft\u0131rmay\u0131 ba\u015far\u0131yor. Bu da 10 Ocak \u00c7al\u0131\u015fan Gazeteciler G\u00fcn\u00fc&#8217;nde taktiri ve deste\u011fi hakkettiklerini g\u00f6steriyor.<\/p>\n<p>10 Ocak \u00c7al\u0131\u015fan Gazeteciler G\u00fcn\u00fc kutlu olsun.<\/p>\n","protected":false},"excerpt":{"rendered":"<p>10 Ocak \u00c7al\u0131\u015fan Gazeteciler g\u00fcn\u00fcn\u00fc kutlamak ve g\u00fcn\u00fcm\u00fcz\u00fcn en zor mesle\u011fini icra etmeye \u00e7al\u0131\u015fan gazetecilere deste\u011fini g\u00f6stermek isteyen herkes i\u00e7in birbirinden \u00f6zel ve samimi mesajlar haz\u0131rlad\u0131k. Bu mesajlar\u0131 \u00f6zel birine ya da kuruma yazmak isterseniz ki\u015fisel hale getirebilirsiniz. <\/p>\n","protected":false},"author":25,"featured_media":119548,"comment_status":"closed","ping_status":"closed","sticky":false,"template":"","format":"standard","meta":{"rank_math_lock_modified_date":false,"footnotes":""},"categories":[101,78],"tags":[7621,7620,7619],"class_list":["post-119506","post","type-post","status-publish","format-standard","has-post-thumbnail","hentry","category-kesfet","category-yasam","tag-10-ocak-calisan-gazeteciler-gunu","tag-10-ocak-gazeteciler-gunu","tag-gazeteciler-gunu"],"_links":{"self":[{"href":"https:\/\/www.tgrthaber.com\/mavikadin\/wp-json\/wp\/v2\/posts\/119506"}],"collection":[{"href":"https:\/\/www.tgrthaber.com\/mavikadin\/wp-json\/wp\/v2\/posts"}],"about":[{"href":"https:\/\/www.tgrthaber.com\/mavikadin\/wp-json\/wp\/v2\/types\/post"}],"author":[{"embeddable":true,"href":"https:\/\/www.tgrthaber.com\/mavikadin\/wp-json\/wp\/v2\/users\/25"}],"replies":[{"embeddable":true,"href":"https:\/\/www.tgrthaber.com\/mavikadin\/wp-json\/wp\/v2\/comments?post=119506"}],"version-history":[{"count":1,"href":"https:\/\/www.tgrthaber.com\/mavikadin\/wp-json\/wp\/v2\/posts\/119506\/revisions"}],"predecessor-version":[{"id":119557,"href":"https:\/\/www.tgrthaber.com\/mavikadin\/wp-json\/wp\/v2\/posts\/119506\/revisions\/119557"}],"wp:featuredmedia":[{"embeddable":true,"href":"https:\/\/www.tgrthaber.com\/mavikadin\/wp-json\/wp\/v2\/media\/119548"}],"wp:attachment":[{"href":"https:\/\/www.tgrthaber.com\/mavikadin\/wp-json\/wp\/v2\/media?parent=119506"}],"wp:term":[{"taxonomy":"category","embeddable":true,"href":"https:\/\/www.tgrthaber.com\/mavikadin\/wp-json\/wp\/v2\/categories?post=119506"},{"taxonomy":"post_tag","embeddable":true,"href":"https:\/\/www.tgrthaber.com\/mavikadin\/wp-json\/wp\/v2\/tags?post=119506"}],"curies":[{"name":"wp","href":"https:\/\/api.w.org\/{rel}","templated":true}]}}