{"id":119509,"date":"2025-01-10T13:14:25","date_gmt":"2025-01-10T10:14:25","guid":{"rendered":"https:\/\/www.tgrthaber.com\/mavikadin\/?p=119509"},"modified":"2025-01-10T13:28:52","modified_gmt":"2025-01-10T10:28:52","slug":"madde-bagimliligindan-kurtulan-melek-bal-programda-ailelere-seslendi","status":"publish","type":"post","link":"https:\/\/www.tgrthaber.com\/mavikadin\/madde-bagimliligindan-kurtulan-melek-bal-programda-ailelere-seslendi\/","title":{"rendered":"Madde ba\u011f\u0131ml\u0131l\u0131\u011f\u0131ndan kurtulan Melek Bal programda ailelere seslendi! &#8220;Bize do\u011fruyu s\u00f6yleyen herkes d\u00fc\u015fman\u0131m\u0131z oluyor&#8221;"},"content":{"rendered":"<p>Hafta i\u00e7i her g\u00fcn Kanal D ekranlar\u0131nda verilen ve sunuculu\u011funu Hakan Ural ile Ferda Y\u0131ld\u0131r\u0131m&#8217;\u0131n \u00fcstlendi\u011fi &#8216;Neler Oluyor Hayatta?&#8217; program\u0131na sanat\u00e7\u0131 Umut Aky\u00fcrek ve e\u015fi Oktay Ertu\u011frul k\u0131zlar\u0131 Melek Bal ile beraber kat\u0131ld\u0131.<\/p>\n<p>G\u00fcndemde en son madde ba\u011f\u0131ml\u0131s\u0131 olan k\u0131zlar\u0131 Melek Bal&#8217;\u0131 kurtarmak i\u00e7in feryat figan yard\u0131m \u00e7a\u011fr\u0131lar\u0131nda bulunarak yer alan \u00e7ift, tedavi g\u00f6rerek kurtulan madde ba\u011f\u0131ml\u0131s\u0131 k\u0131zlar\u0131 ile \u00e7aresiz ailelere ses olmak i\u00e7in programda yerini ald\u0131.<\/p>\n<h3>UMUT AKY\u00dcREK VE OKTAY ERTU\u011eRUL&#8217;UN KIZI MELEK BAL \u0130LK KEZ KONU\u015eTU!<\/h3>\n<p>A\u015f\u0131r\u0131 derecede madde ba\u011f\u0131ml\u0131l\u0131\u011f\u0131 al\u0131\u015fkanl\u0131\u011f\u0131na d\u00fc\u015fen ve ailecek \u00e7ok zor g\u00fcnler ge\u00e7irdiklerini belirten Aky\u00fcrek ailesi, t\u0131pk\u0131 k\u0131zlar\u0131 Melek Bal&#8217;\u0131n kurtulabildi\u011fi gibi bir zamanlar t\u0131pk\u0131 onlar gibi ayn\u0131 dertten muzdarip olan di\u011fer ailelerin sesine ses olmak i\u00e7in \u00f6nerilerde bulundu.<\/p>\n<p><img loading=\"lazy\" decoding=\"async\" class=\"alignnone wp-image-93320\" src=\"https:\/\/www.tgrthaber.com\/mavikadin\/wp-content\/uploads\/umut-akyurek-ve-oktay-ertugrul-cifti-madde-bagimlisi-kizlari-icin-yana-yakila-yardim-istemisti-programa-baglanip.jpg\" alt=\"\" width=\"1208\" height=\"680\" title=\"\" srcset=\"https:\/\/www.tgrthaber.com\/mavikadin\/wp-content\/uploads\/umut-akyurek-ve-oktay-ertugrul-cifti-madde-bagimlisi-kizlari-icin-yana-yakila-yardim-istemisti-programa-baglanip.jpg 1920w, https:\/\/www.tgrthaber.com\/mavikadin\/wp-content\/uploads\/umut-akyurek-ve-oktay-ertugrul-cifti-madde-bagimlisi-kizlari-icin-yana-yakila-yardim-istemisti-programa-baglanip-300x169.jpg 300w, https:\/\/www.tgrthaber.com\/mavikadin\/wp-content\/uploads\/umut-akyurek-ve-oktay-ertugrul-cifti-madde-bagimlisi-kizlari-icin-yana-yakila-yardim-istemisti-programa-baglanip-1024x576.jpg 1024w, https:\/\/www.tgrthaber.com\/mavikadin\/wp-content\/uploads\/umut-akyurek-ve-oktay-ertugrul-cifti-madde-bagimlisi-kizlari-icin-yana-yakila-yardim-istemisti-programa-baglanip-768x432.jpg 768w, https:\/\/www.tgrthaber.com\/mavikadin\/wp-content\/uploads\/umut-akyurek-ve-oktay-ertugrul-cifti-madde-bagimlisi-kizlari-icin-yana-yakila-yardim-istemisti-programa-baglanip-1536x864.jpg 1536w\" sizes=\"(max-width: 1208px) 100vw, 1208px\" \/><\/p>\n<hr \/>\n<p>Tedavi g\u00f6rerek iyile\u015fip sa\u011fl\u0131\u011f\u0131na kavu\u015ftu\u011fu i\u00e7in \u00e7ok mutlu oldu\u011funu s\u00f6yleyen eski madde ba\u011f\u0131ml\u0131s\u0131 Melek Bal, programda yak\u0131n zamanda kendisinin de onlar gibi oldu\u011fu i\u00e7in kendilerini anlad\u0131\u011f\u0131n\u0131 ve elinden geldi\u011fince onlara yard\u0131m etmek istedi\u011fini s\u00f6yledi.<\/p>\n<p>Asla anla\u015f\u0131lmayacak \u015fekilde \u015fekerleme t\u00fcr\u00fcnden envai \u00e7e\u015fit maddelerin oldu\u011funu ve her an her yerde \u00e7ok rahat bir \u015fekilde insanlar\u0131n ellerine ula\u015ft\u0131rabildiklerine de\u011finen Melek Bal, kriz y\u00f6netimi konusunda ailelere y\u00f6n g\u00f6sterdi.<\/p>\n<h3>MADDE BA\u011eIMLILI\u011eINDAN KURTULAN MELEK BAL A\u0130LELERE SESLEND\u0130!<\/h3>\n<p>Madde ba\u011f\u0131ml\u0131l\u0131\u011f\u0131 tedavisine ba\u015flamadan \u00f6nce evde sinir krizleri ge\u00e7irdi\u011fine de\u011finen Melek Bal, ba\u011f\u0131ml\u0131 ki\u015filerin \u00f6fke n\u00f6beti ge\u00e7irdi\u011fi anlarda ailelerin tutumunun \u00e7ok \u00f6nemli oldu\u011funu s\u00f6yledi.<\/p>\n<p><img loading=\"lazy\" decoding=\"async\" class=\"alignnone wp-image-119528\" src=\"https:\/\/www.tgrthaber.com\/mavikadin\/wp-content\/uploads\/32-4.png\" alt=\"\" width=\"1208\" height=\"713\" title=\"\" srcset=\"https:\/\/www.tgrthaber.com\/mavikadin\/wp-content\/uploads\/32-4.png 1035w, https:\/\/www.tgrthaber.com\/mavikadin\/wp-content\/uploads\/32-4-300x177.png 300w, https:\/\/www.tgrthaber.com\/mavikadin\/wp-content\/uploads\/32-4-1024x605.png 1024w, https:\/\/www.tgrthaber.com\/mavikadin\/wp-content\/uploads\/32-4-768x453.png 768w\" sizes=\"(max-width: 1208px) 100vw, 1208px\" \/><\/p>\n<hr \/>\n<p>Ailelerin kriz an\u0131nda \u00e7ocuklar\u0131na kesinlikle sakin bir \u015fekilde yakla\u015fmalar\u0131 gerekti\u011fini ve asla sert tutumlarla azarlay\u0131c\u0131 ya da bask\u0131l\u0131 s\u00f6zler sarf etmemesi gerekti\u011finin alt\u0131n\u0131 \u00e7izer iken b\u00f6yle davran\u0131lmamas\u0131n\u0131n d\u0131\u015f\u0131nda ba\u011f\u0131ml\u0131 ki\u015finin daha da asabile\u015fece\u011fini s\u00f6yledi.<\/p>\n<h3>&#8220;B\u0130L\u0130NC\u0130N\u0130Z\u0130 KAYBED\u0130YORSUNUZ&#8221;<\/h3>\n<p>Annesinin kendini odaya kilitledi\u011fi g\u00f6r\u00fcnt\u00fcleri izlemedi\u011fini belirten Melek Bal, &#8220;Ben kald\u0131\u011f\u0131m yerde telefon kullanm\u0131yorum. O hareketlerimi hat\u0131rlam\u0131yorum. Tamamen bilincinizi kaybediyorsunuz. Ay\u0131ld\u0131\u011f\u0131n\u0131zda hat\u0131rlam\u0131yorsunuz.&#8221; dedi.<\/p>\n<p>Bal s\u00f6zlerinin devam\u0131nda konu\u015fmas\u0131n\u0131 \u015f\u00f6yle s\u00fcrd\u00fcrd\u00fc: &#8220;Bize do\u011fruyu s\u00f6yleyen herkes d\u00fc\u015fman\u0131m\u0131z oluyor. Bu b\u0131rak\u0131labilen bir \u015fey. Ben yapt\u0131ysam, onlar yapt\u0131ysa bunu herkes yapabilir.&#8221;<\/p>\n<p>Madde ba\u011f\u0131ml\u0131s\u0131 ki\u015fileri \u00e7ok kolay bir \u015fekilde anlayabildi\u011fini s\u00f6yleyen Bal, o ki\u015filerin g\u00f6zlerinde k\u0131zarma, bak\u0131\u015flar\u0131nda donuk bir ifade oldu\u011funu s\u00f6yler iken kendi i\u00e7lerinde ya\u015fad\u0131\u011f\u0131 belirti olarak da ba\u015f a\u011fr\u0131s\u0131, ba\u015f d\u00f6nmesi, kusma gibi rahats\u0131zl\u0131klar\u0131n e\u015flik etti\u011fini belirtti.<\/p>\n<p>Evlatlar\u0131n\u0131 bu k\u00f6t\u00fc al\u0131\u015fkanl\u0131ktan kurtarmak isteyen ailelerin olabildi\u011fince olaya sakin bir \u015fekilde yakla\u015fmalar\u0131 gerekti\u011finin defalarca kez alt\u0131n\u0131 \u00e7izdi.<\/p>\n","protected":false},"excerpt":{"rendered":"<p>Hakan Ural ile Ferda Y\u0131ld\u0131r\u0131m&#8217;\u0131n sundu\u011fu &#8216;Neler Oluyor Hayatta?&#8217; program\u0131na kat\u0131lan \u015fark\u0131c\u0131 Umut Aky\u00fcrek&#8217;in k\u0131z\u0131 Melek Bal ya\u015fad\u0131\u011f\u0131 s\u00fcre\u00e7le ilgili \u00e7ok \u00f6nemli a\u00e7\u0131klamalara imza att\u0131.<\/p>\n","protected":false},"author":27,"featured_media":119527,"comment_status":"closed","ping_status":"closed","sticky":false,"template":"","format":"standard","meta":{"rank_math_lock_modified_date":false,"footnotes":""},"categories":[76],"tags":[7617,2416,2417],"class_list":["post-119509","post","type-post","status-publish","format-standard","has-post-thumbnail","hentry","category-magazin","tag-madde-bagimlisi","tag-melek-bal","tag-umut-akyurek"],"_links":{"self":[{"href":"https:\/\/www.tgrthaber.com\/mavikadin\/wp-json\/wp\/v2\/posts\/119509"}],"collection":[{"href":"https:\/\/www.tgrthaber.com\/mavikadin\/wp-json\/wp\/v2\/posts"}],"about":[{"href":"https:\/\/www.tgrthaber.com\/mavikadin\/wp-json\/wp\/v2\/types\/post"}],"author":[{"embeddable":true,"href":"https:\/\/www.tgrthaber.com\/mavikadin\/wp-json\/wp\/v2\/users\/27"}],"replies":[{"embeddable":true,"href":"https:\/\/www.tgrthaber.com\/mavikadin\/wp-json\/wp\/v2\/comments?post=119509"}],"version-history":[{"count":5,"href":"https:\/\/www.tgrthaber.com\/mavikadin\/wp-json\/wp\/v2\/posts\/119509\/revisions"}],"predecessor-version":[{"id":119545,"href":"https:\/\/www.tgrthaber.com\/mavikadin\/wp-json\/wp\/v2\/posts\/119509\/revisions\/119545"}],"wp:featuredmedia":[{"embeddable":true,"href":"https:\/\/www.tgrthaber.com\/mavikadin\/wp-json\/wp\/v2\/media\/119527"}],"wp:attachment":[{"href":"https:\/\/www.tgrthaber.com\/mavikadin\/wp-json\/wp\/v2\/media?parent=119509"}],"wp:term":[{"taxonomy":"category","embeddable":true,"href":"https:\/\/www.tgrthaber.com\/mavikadin\/wp-json\/wp\/v2\/categories?post=119509"},{"taxonomy":"post_tag","embeddable":true,"href":"https:\/\/www.tgrthaber.com\/mavikadin\/wp-json\/wp\/v2\/tags?post=119509"}],"curies":[{"name":"wp","href":"https:\/\/api.w.org\/{rel}","templated":true}]}}