{"id":119547,"date":"2025-01-10T13:56:01","date_gmt":"2025-01-10T10:56:01","guid":{"rendered":"https:\/\/www.tgrthaber.com\/mavikadin\/?p=119547"},"modified":"2025-01-10T13:57:04","modified_gmt":"2025-01-10T10:57:04","slug":"annem-ankara-dizisinin-iki-yildizi-berguzar-korel-ile-mehmet-gunsurden-ozel-aciklamalar","status":"publish","type":"post","link":"https:\/\/www.tgrthaber.com\/mavikadin\/annem-ankara-dizisinin-iki-yildizi-berguzar-korel-ile-mehmet-gunsurden-ozel-aciklamalar\/","title":{"rendered":"&#8216;Annem Ankara&#8217; dizisinin iki y\u0131ld\u0131z\u0131 Berg\u00fczar Korel ile Mehmet G\u00fcns\u00fcr&#8217;den \u00f6zel a\u00e7\u0131klamalar! &#8220;Ger\u00e7e\u011fi yans\u0131tmayan&#8230;&#8221;"},"content":{"rendered":"<p>Her \u00c7ar\u015famba ak\u015famlar\u0131 saat 20.00&#8217;da Kanal D ekranlar\u0131na verilen pop\u00fcler dizi &#8216;Annem Ankara&#8217;, yay\u0131nland\u0131\u011f\u0131 ilk b\u00f6l\u00fcmden itibaren dramatik hikayesi ile b\u00fcy\u00fck ses getirmi\u015fti.<\/p>\n<p>Dizinin \u00f6nemli karakterlerini canland\u0131ran ba\u015far\u0131l\u0131 oyuncu Berg\u00fczer Korel ile Mehmet G\u00fcns\u00fcr, dizi i\u00e7erisinde b\u00fcr\u00fcnd\u00fckleri ki\u015filiklerle ilgili de\u011ferlendirmelerde bulundu.\u00a0 Dizinin ba\u015frol oyuncusu Berg\u00fczar Korel ve Mehmet G\u00fcns\u00fcr&#8217;den a\u00e7\u0131klamalar&#8230;<\/p>\n<h3>ANNEM ANKARA&#8217;NIN BA\u015eROL OYUNCUSU BERG\u00dcZAR KOREL&#8217;DEN &#8216;ZUHAL&#8217; YORUMU<\/h3>\n<p>&#8216;Annem Ankara\u2019 dizisinde Zuhal karakteri ile ekran kar\u015f\u0131s\u0131na \u00e7\u0131kan g\u00fczel oyuncu Berg\u00fczar Korel, ana\u00e7 bir yap\u0131da olan Zuhal karakteri ile ilgili konu\u015ftu. Ekran kar\u015f\u0131s\u0131nda sergiledi\u011fi \u00fcst\u00fcn oyunculuk performans\u0131 ile ad\u0131ndan bahsettiren oyuncu Berg\u00fczar Korel, izleyicileri bir yandan a\u011flat\u0131rken bir yandan da ekrana kilitlemeyi ba\u015far\u0131yordu.<\/p>\n<p><img loading=\"lazy\" decoding=\"async\" class=\"alignnone wp-image-109345\" src=\"https:\/\/www.tgrthaber.com\/mavikadin\/wp-content\/uploads\/Ekran-goruntusu-2024-12-20-190026.png\" alt=\"\" width=\"1208\" height=\"743\" title=\"\" srcset=\"https:\/\/www.tgrthaber.com\/mavikadin\/wp-content\/uploads\/Ekran-goruntusu-2024-12-20-190026.png 678w, https:\/\/www.tgrthaber.com\/mavikadin\/wp-content\/uploads\/Ekran-goruntusu-2024-12-20-190026-300x185.png 300w\" sizes=\"(max-width: 1208px) 100vw, 1208px\" \/><\/p>\n<hr \/>\n<p>Dizide oynad\u0131\u011f\u0131 karakteri yorumlayan Korel, \u201cHayat\u0131n\u0131n merkezine \u00e7ocuklar\u0131n\u0131 koyan m\u00fccadeleyi hi\u00e7 b\u0131rakmayan, mizah duygusu y\u00fcksek, oldu\u011fu her yeri \u00e7ocuklar\u0131 i\u00e7in \u00e7i\u00e7ek bah\u00e7esine \u00e7eviren umutlu ve kendi ayaklar\u0131 \u00fczerinde durmak i\u00e7in sava\u015fan bir kad\u0131n\u201d de\u011ferlendirmesinde bulundu.<\/p>\n<h3>BERG\u00dcZAR KOREL: \u201cGER\u00c7E\u011e\u0130 YANSITMAYAN MAGAZ\u0130N HABER\u0130 \u00dcZ\u00dcYOR\u201d<\/h3>\n<p>Annem Ankara dizisi ile uzun s\u00fcreden sonra ekranlara geri d\u00f6nen oyuncu Berg\u00fczar Korel, kendisine y\u00f6neltilen \u201cSizinle ilgili mizah yap\u0131ld\u0131\u011f\u0131nda neler hissediyorsunuz?\u201d sorusunu \u015f\u00f6yle bir cevapta bulundu:<\/p>\n<p><img loading=\"lazy\" decoding=\"async\" class=\"alignnone wp-image-105097\" src=\"https:\/\/www.tgrthaber.com\/mavikadin\/wp-content\/uploads\/Ekran-goruntusu-2024-12-12-001910.jpg\" alt=\"\" width=\"1208\" height=\"738\" title=\"\" srcset=\"https:\/\/www.tgrthaber.com\/mavikadin\/wp-content\/uploads\/Ekran-goruntusu-2024-12-12-001910.jpg 832w, https:\/\/www.tgrthaber.com\/mavikadin\/wp-content\/uploads\/Ekran-goruntusu-2024-12-12-001910-300x183.jpg 300w, https:\/\/www.tgrthaber.com\/mavikadin\/wp-content\/uploads\/Ekran-goruntusu-2024-12-12-001910-768x469.jpg 768w\" sizes=\"(max-width: 1208px) 100vw, 1208px\" \/><\/p>\n<p>\u201cMizah e\u011fer ki haks\u0131zl\u0131\u011fa u\u011frad\u0131\u011f\u0131m ve ger\u00e7e\u011fi yans\u0131tmayan bir magazin haberi \u00fczerinden yap\u0131l\u0131yorsa bu beni \u00fcz\u00fcyor ve samimi bulmuyorum. Ama oynad\u0131\u011f\u0131m karakterler, oyunculu\u011fu yapma bi\u00e7imim, duru\u015fum ve bak\u0131\u015f\u0131mla ilgili yap\u0131lan zeki bir mizahsa \u00e7ok seviyorum.\u201d<\/p>\n<h3>D\u0130Z\u0130N\u0130N B\u0130R D\u0130\u011eER \u00d6NEML\u0130 YILDIZ OYUNCUSU MEHMET G\u00dcNS\u00dcR&#8217;DEN A\u00c7IKLAMA!<\/h3>\n<p>Annem Ankara dizisinde &#8216;Hasan&#8217; karakterini \u00fcstlenen yetenekli oyuncu Mehmet G\u00fcns\u00fcr karakteriyle ilgili \u015fu ifadelerde bulundu:<\/p>\n<p>\u201cHasan her i\u015fte \u00e7ok ba\u015far\u0131l\u0131. Tek beceremedi\u011fi \u015fey, kendi ailesinden g\u00f6rmedi\u011fi ya da bu travmay\u0131 atlatamad\u0131\u011f\u0131 i\u00e7in aile ve baba olma durumu. Aile olman\u0131n ne demek oldu\u011funu bilmiyor.\u201d<\/p>\n<p><img loading=\"lazy\" decoding=\"async\" class=\"alignnone wp-image-105098\" src=\"https:\/\/www.tgrthaber.com\/mavikadin\/wp-content\/uploads\/Ekran-goruntusu-2024-12-12-002100.jpg\" alt=\"\" width=\"1208\" height=\"687\" title=\"\" srcset=\"https:\/\/www.tgrthaber.com\/mavikadin\/wp-content\/uploads\/Ekran-goruntusu-2024-12-12-002100.jpg 803w, https:\/\/www.tgrthaber.com\/mavikadin\/wp-content\/uploads\/Ekran-goruntusu-2024-12-12-002100-300x171.jpg 300w, https:\/\/www.tgrthaber.com\/mavikadin\/wp-content\/uploads\/Ekran-goruntusu-2024-12-12-002100-768x437.jpg 768w\" sizes=\"(max-width: 1208px) 100vw, 1208px\" \/><\/p>\n<hr \/>\n<p>&nbsp;<\/p>\n","protected":false},"excerpt":{"rendered":"<p>&#8216;Annem Ankara&#8217; dizisinin ba\u015frol oyuncular\u0131ndan olan Berg\u00fczar Korel ile Mehmet G\u00fcns\u00fcr, dizideki karakterlerine y\u00f6nelik \u00f6zel a\u00e7\u0131klamalarda bulundu.<\/p>\n","protected":false},"author":27,"featured_media":109347,"comment_status":"closed","ping_status":"closed","sticky":false,"template":"","format":"standard","meta":{"rank_math_lock_modified_date":false,"footnotes":""},"categories":[76],"tags":[3990,2461,2460],"class_list":["post-119547","post","type-post","status-publish","format-standard","has-post-thumbnail","hentry","category-magazin","tag-annem-ankara-dizisi","tag-berguzar-korel","tag-mehmet-gunsur"],"_links":{"self":[{"href":"https:\/\/www.tgrthaber.com\/mavikadin\/wp-json\/wp\/v2\/posts\/119547"}],"collection":[{"href":"https:\/\/www.tgrthaber.com\/mavikadin\/wp-json\/wp\/v2\/posts"}],"about":[{"href":"https:\/\/www.tgrthaber.com\/mavikadin\/wp-json\/wp\/v2\/types\/post"}],"author":[{"embeddable":true,"href":"https:\/\/www.tgrthaber.com\/mavikadin\/wp-json\/wp\/v2\/users\/27"}],"replies":[{"embeddable":true,"href":"https:\/\/www.tgrthaber.com\/mavikadin\/wp-json\/wp\/v2\/comments?post=119547"}],"version-history":[{"count":4,"href":"https:\/\/www.tgrthaber.com\/mavikadin\/wp-json\/wp\/v2\/posts\/119547\/revisions"}],"predecessor-version":[{"id":119559,"href":"https:\/\/www.tgrthaber.com\/mavikadin\/wp-json\/wp\/v2\/posts\/119547\/revisions\/119559"}],"wp:featuredmedia":[{"embeddable":true,"href":"https:\/\/www.tgrthaber.com\/mavikadin\/wp-json\/wp\/v2\/media\/109347"}],"wp:attachment":[{"href":"https:\/\/www.tgrthaber.com\/mavikadin\/wp-json\/wp\/v2\/media?parent=119547"}],"wp:term":[{"taxonomy":"category","embeddable":true,"href":"https:\/\/www.tgrthaber.com\/mavikadin\/wp-json\/wp\/v2\/categories?post=119547"},{"taxonomy":"post_tag","embeddable":true,"href":"https:\/\/www.tgrthaber.com\/mavikadin\/wp-json\/wp\/v2\/tags?post=119547"}],"curies":[{"name":"wp","href":"https:\/\/api.w.org\/{rel}","templated":true}]}}