{"id":119613,"date":"2025-01-10T15:41:55","date_gmt":"2025-01-10T12:41:55","guid":{"rendered":"https:\/\/www.tgrthaber.com\/mavikadin\/?p=119613"},"modified":"2025-01-10T17:45:40","modified_gmt":"2025-01-10T14:45:40","slug":"id-iletisim-danismanlik-sirketi-kime-ait-id-danismanliga-bagli-calisan-unlu-isimler-merak-edildi","status":"publish","type":"post","link":"https:\/\/www.tgrthaber.com\/mavikadin\/id-iletisim-danismanlik-sirketi-kime-ait-id-danismanliga-bagli-calisan-unlu-isimler-merak-edildi\/","title":{"rendered":"ID \u0130leti\u015fim Dan\u0131\u015fmanl\u0131k \u015eirketi kime ait? ID Dan\u0131\u015fmanl\u0131\u011fa ba\u011fl\u0131 \u00e7al\u0131\u015fan \u00fcnl\u00fc isimler merak edildi"},"content":{"rendered":"<p>ID \u0130leti\u015fim Dan\u0131\u015fmanl\u0131k \u015eirketi tekelle\u015fme iddialar\u0131yla g\u00fcndemde. Serenay Sar\u0131kaya, Hande Er\u00e7el gibi \u00fcnl\u00fc isimlerin menajerli\u011fini \u00fcstlenen Bar\u0131m hakk\u0131nda Rekabet Kurumu ve savc\u0131l\u0131k inceleme ba\u015flatt\u0131. Peki ID \u0130leti\u015fim Dan\u0131\u015fmanl\u0131k \u015eirketi kime ait ? ID dan\u0131\u015fmanl\u0131\u011f\u0131 ba\u011fl\u0131 \u00e7al\u0131\u015fan \u00fcnl\u00fc isimler kimler?<\/p>\n<h3>ID \u0130LET\u0130\u015e\u0130M DANI\u015eMANLIK \u015e\u0130RKET\u0130 K\u0130ME A\u0130T?<\/h3>\n<p>T\u00fcrkiye&#8217;nin en tan\u0131nm\u0131\u015f menajerlik ajanslar\u0131ndan biri olan ID Dan\u0131\u015fmanl\u0131k Ltd. \u015eti. son g\u00fcnlerde magazin d\u00fcnyas\u0131nda g\u00fcndemden d\u00fc\u015fm\u00fcyor. \u015eirketin kurucusu ve sahibi olan Ay\u015fe Bar\u0131m, sekt\u00f6rde tekelle\u015fmeye neden oldu\u011fu iddialar\u0131 ve \u00fcnl\u00fc isimlere y\u00f6nelik tutumuyla ele\u015ftirilerin hedefi haline geldi. Ay\u015fe Bar\u0131m&#8217;\u0131n, sadece kendi belirledi\u011fi isimlerin \u00f6n\u00fcn\u00fc a\u00e7t\u0131\u011f\u0131 ve talimatlar\u0131na uymayan \u00fcnl\u00fcleri sekt\u00f6rden silece\u011fi y\u00f6n\u00fcndeki iddialar T\u00fcrkiye g\u00fcndemine damga vurdu.<\/p>\n<p><img loading=\"lazy\" decoding=\"async\" class=\"alignnone size-full wp-image-119625\" src=\"https:\/\/www.tgrthaber.com\/mavikadin\/wp-content\/uploads\/ayse.jpg\" alt=\"\" width=\"1208\" height=\"680\" title=\"\" srcset=\"https:\/\/www.tgrthaber.com\/mavikadin\/wp-content\/uploads\/ayse.jpg 1208w, https:\/\/www.tgrthaber.com\/mavikadin\/wp-content\/uploads\/ayse-300x169.jpg 300w, https:\/\/www.tgrthaber.com\/mavikadin\/wp-content\/uploads\/ayse-1024x576.jpg 1024w, https:\/\/www.tgrthaber.com\/mavikadin\/wp-content\/uploads\/ayse-768x432.jpg 768w\" sizes=\"(max-width: 1208px) 100vw, 1208px\" \/><\/p>\n<hr \/>\n<h3>ID DANI\u015eMANLI\u011eA BA\u011eLI \u00c7ALI\u015eAN \u00dcNL\u00dc \u0130S\u0130MLER K\u0130MLER?<\/h3>\n<p>2002 y\u0131l\u0131ndan bu yana faaliyette olan ID \u0130leti\u015fim, sekt\u00f6r\u00fcn en g\u00f6zde menajerlik ajanslar\u0131ndan biri olarak biliniyor. B\u00fcnyesinde 50\u2019den fazla \u00fcnl\u00fc oyuncu ve manken bar\u0131nd\u0131ran \u015firket, T\u00fcrkiye\u2019nin en pop\u00fcler isimlerine temsilcilik yap\u0131yor. \u015eirketin menajerli\u011fini \u00fcstlendi\u011fi isimlerden baz\u0131lar\u0131:<\/p>\n<ul>\n<li>Serenay Sar\u0131kaya<\/li>\n<li>Hande Er\u00e7el<\/li>\n<li>Hazal Kaya<\/li>\n<li>Fahriye Evcen<\/li>\n<li>Ezgi Mola<\/li>\n<li>Asl\u0131 Enver<\/li>\n<li>Berg\u00fczar Korel<\/li>\n<li>Erkan Kol\u00e7ak K\u00f6stendil<\/li>\n<li>Sinem Kobal<\/li>\n<li>Mert Yaz\u0131c\u0131o\u011flu<\/li>\n<li>B\u00fclent \u015eakrak<\/li>\n<\/ul>\n<p><img loading=\"lazy\" decoding=\"async\" class=\"alignnone size-full wp-image-119628\" src=\"https:\/\/www.tgrthaber.com\/mavikadin\/wp-content\/uploads\/serenay-sarikaya-1.jpg\" alt=\"\" width=\"1208\" height=\"680\" title=\"\" srcset=\"https:\/\/www.tgrthaber.com\/mavikadin\/wp-content\/uploads\/serenay-sarikaya-1.jpg 1208w, https:\/\/www.tgrthaber.com\/mavikadin\/wp-content\/uploads\/serenay-sarikaya-1-300x169.jpg 300w, https:\/\/www.tgrthaber.com\/mavikadin\/wp-content\/uploads\/serenay-sarikaya-1-1024x576.jpg 1024w, https:\/\/www.tgrthaber.com\/mavikadin\/wp-content\/uploads\/serenay-sarikaya-1-768x432.jpg 768w\" sizes=\"(max-width: 1208px) 100vw, 1208px\" \/><\/p>\n<hr \/>\n<p>\u0130ddialar do\u011frultusunda Bar\u0131m&#8217;\u0131n bu isimlere y\u00f6nelik g\u00fc\u00e7l\u00fc bir PR stratejisi uygulad\u0131\u011f\u0131 belirtiliyor. \u00d6zellikle Serenay Sar\u0131kaya gibi isimlerin Bar\u0131m\u2019\u0131n etkili y\u00f6netimiyle sekt\u00f6rde \u00f6n planda oldu\u011fu konu\u015fuluyor.<\/p>\n<p><img loading=\"lazy\" decoding=\"async\" class=\"alignnone size-full wp-image-119632\" src=\"https:\/\/www.tgrthaber.com\/mavikadin\/wp-content\/uploads\/Yeni-Proje-42-1.jpg\" alt=\"\" width=\"1208\" height=\"680\" title=\"\" srcset=\"https:\/\/www.tgrthaber.com\/mavikadin\/wp-content\/uploads\/Yeni-Proje-42-1.jpg 1208w, https:\/\/www.tgrthaber.com\/mavikadin\/wp-content\/uploads\/Yeni-Proje-42-1-300x169.jpg 300w, https:\/\/www.tgrthaber.com\/mavikadin\/wp-content\/uploads\/Yeni-Proje-42-1-1024x576.jpg 1024w, https:\/\/www.tgrthaber.com\/mavikadin\/wp-content\/uploads\/Yeni-Proje-42-1-768x432.jpg 768w\" sizes=\"(max-width: 1208px) 100vw, 1208px\" \/><\/p>\n<hr \/>\n<h3>AY\u015eE BARIM HAKKINDAK\u0130 \u0130DD\u0130ALAR<\/h3>\n<p>Ay\u015fe Bar\u0131m&#8217;\u0131n yaln\u0131zca kendi isteklerine uygun hareket eden \u00fcnl\u00fclerin kariyerine destek verdi\u011fi, kar\u015f\u0131 \u00e7\u0131kanlar\u0131 ise sekt\u00f6rden d\u0131\u015flad\u0131\u011f\u0131 \u00f6ne s\u00fcr\u00fcld\u00fc. &#8220;Dinlemeyeni piyasan siliyor&#8221; ba\u015fl\u0131klar\u0131yla g\u00fcndeme oturan bu iddialar, sekt\u00f6rde tekelle\u015fme ve &#8220;korku imparatorlu\u011fu&#8221; kurulmas\u0131 konular\u0131n\u0131 tart\u0131\u015fmaya a\u00e7t\u0131. Bu durum, menajerlik ajanslar\u0131n\u0131n sekt\u00f6rdeki g\u00fcc\u00fcn\u00fc ve etik standartlar\u0131n\u0131 sorgulatan bir boyut kazand\u0131.<\/p>\n<p><img loading=\"lazy\" decoding=\"async\" class=\"alignnone size-full wp-image-119629\" src=\"https:\/\/www.tgrthaber.com\/mavikadin\/wp-content\/uploads\/Yeni-Proje-41-1.jpg\" alt=\"\" width=\"1208\" height=\"680\" title=\"\" srcset=\"https:\/\/www.tgrthaber.com\/mavikadin\/wp-content\/uploads\/Yeni-Proje-41-1.jpg 1208w, https:\/\/www.tgrthaber.com\/mavikadin\/wp-content\/uploads\/Yeni-Proje-41-1-300x169.jpg 300w, https:\/\/www.tgrthaber.com\/mavikadin\/wp-content\/uploads\/Yeni-Proje-41-1-1024x576.jpg 1024w, https:\/\/www.tgrthaber.com\/mavikadin\/wp-content\/uploads\/Yeni-Proje-41-1-768x432.jpg 768w\" sizes=\"(max-width: 1208px) 100vw, 1208px\" \/><\/p>\n<hr \/>\n<h3>AY\u015eE BARIM HAKKINDA SORU\u015eTURMA BA\u015eLATILDI<\/h3>\n<p>ID \u0130leti\u015fim&#8217;in sekt\u00f6rdeki etkinli\u011fi ve tekelle\u015fme iddialar\u0131 \u00fczerine, Rekabet Kurumu kapsaml\u0131 bir inceleme ba\u015flatt\u0131. Kurumun a\u00e7\u0131klamas\u0131na g\u00f6re, baz\u0131 menajerlik ajanslar\u0131n\u0131n sekt\u00f6rdeki komisyon oranlar\u0131n\u0131 belirleme, yap\u0131mc\u0131lar\u0131 boykot etme ve kendi oyuncular\u0131na \u00f6ncelik tan\u0131ma gibi faaliyetlerde bulundu\u011fu iddialar\u0131 inceleniyor.<\/p>\n<p><img loading=\"lazy\" decoding=\"async\" class=\"alignnone size-full wp-image-119625\" src=\"https:\/\/www.tgrthaber.com\/mavikadin\/wp-content\/uploads\/ayse.jpg\" alt=\"\" width=\"1208\" height=\"680\" title=\"\" srcset=\"https:\/\/www.tgrthaber.com\/mavikadin\/wp-content\/uploads\/ayse.jpg 1208w, https:\/\/www.tgrthaber.com\/mavikadin\/wp-content\/uploads\/ayse-300x169.jpg 300w, https:\/\/www.tgrthaber.com\/mavikadin\/wp-content\/uploads\/ayse-1024x576.jpg 1024w, https:\/\/www.tgrthaber.com\/mavikadin\/wp-content\/uploads\/ayse-768x432.jpg 768w\" sizes=\"(max-width: 1208px) 100vw, 1208px\" \/><\/p>\n<hr \/>\n<p>\u00d6te yandan, \u0130stanbul Cumhuriyet Ba\u015fsavc\u0131l\u0131\u011f\u0131 da Ay\u015fe Bar\u0131m hakk\u0131nda sosyal medyada \u00e7\u0131kan iddialar\u0131 ve haberleri ihbar kabul ederek soru\u015fturma ba\u015flatt\u0131. Savc\u0131l\u0131k, Bar\u0131m\u2019\u0131n sekt\u00f6rdeki g\u00fcc\u00fcn\u00fc k\u00f6t\u00fcye kulland\u0131\u011f\u0131 y\u00f6n\u00fcndeki iddialar\u0131n do\u011frulu\u011funu ara\u015ft\u0131rmak i\u00e7in harekete ge\u00e7ti.<\/p>\n","protected":false},"excerpt":{"rendered":"<p>ID Dan\u0131\u015fmanl\u0131k Ltd. \u015eirketi tekelle\u015fme iddialar\u0131yla g\u00fcndemde. Serenay Sar\u0131kaya, Hande Er\u00e7el gibi \u00fcnl\u00fc isimlerin menajerli\u011fini \u00fcstlenen Bar\u0131m hakk\u0131nda Rekabet Kurumu ve savc\u0131l\u0131k inceleme ba\u015flatt\u0131. Peki ID Dan\u0131\u015fmanl\u0131k Ltd. \u015eirketi kime ait ? ID dan\u0131\u015fmanl\u0131\u011f\u0131 ba\u011fl\u0131 \u00e7al\u0131\u015fan \u00fcnl\u00fc isimler kimler?<\/p>\n","protected":false},"author":4,"featured_media":119633,"comment_status":"closed","ping_status":"closed","sticky":false,"template":"","format":"standard","meta":{"rank_math_lock_modified_date":false,"footnotes":""},"categories":[78],"tags":[7462,7629],"class_list":["post-119613","post","type-post","status-publish","format-standard","has-post-thumbnail","hentry","category-yasam","tag-ayse-barim","tag-id-danismanlik"],"_links":{"self":[{"href":"https:\/\/www.tgrthaber.com\/mavikadin\/wp-json\/wp\/v2\/posts\/119613"}],"collection":[{"href":"https:\/\/www.tgrthaber.com\/mavikadin\/wp-json\/wp\/v2\/posts"}],"about":[{"href":"https:\/\/www.tgrthaber.com\/mavikadin\/wp-json\/wp\/v2\/types\/post"}],"author":[{"embeddable":true,"href":"https:\/\/www.tgrthaber.com\/mavikadin\/wp-json\/wp\/v2\/users\/4"}],"replies":[{"embeddable":true,"href":"https:\/\/www.tgrthaber.com\/mavikadin\/wp-json\/wp\/v2\/comments?post=119613"}],"version-history":[{"count":6,"href":"https:\/\/www.tgrthaber.com\/mavikadin\/wp-json\/wp\/v2\/posts\/119613\/revisions"}],"predecessor-version":[{"id":119667,"href":"https:\/\/www.tgrthaber.com\/mavikadin\/wp-json\/wp\/v2\/posts\/119613\/revisions\/119667"}],"wp:featuredmedia":[{"embeddable":true,"href":"https:\/\/www.tgrthaber.com\/mavikadin\/wp-json\/wp\/v2\/media\/119633"}],"wp:attachment":[{"href":"https:\/\/www.tgrthaber.com\/mavikadin\/wp-json\/wp\/v2\/media?parent=119613"}],"wp:term":[{"taxonomy":"category","embeddable":true,"href":"https:\/\/www.tgrthaber.com\/mavikadin\/wp-json\/wp\/v2\/categories?post=119613"},{"taxonomy":"post_tag","embeddable":true,"href":"https:\/\/www.tgrthaber.com\/mavikadin\/wp-json\/wp\/v2\/tags?post=119613"}],"curies":[{"name":"wp","href":"https:\/\/api.w.org\/{rel}","templated":true}]}}