{"id":119673,"date":"2025-01-10T18:14:11","date_gmt":"2025-01-10T15:14:11","guid":{"rendered":"https:\/\/www.tgrthaber.com\/mavikadin\/?p=119673"},"modified":"2025-01-10T18:18:06","modified_gmt":"2025-01-10T15:18:06","slug":"o-ses-turkiye-2025-yarismasinin-juri-uyeleri-kim-bomba-isimlerle-izleyici-karsisina-cikmaya-hazirlaniyor","status":"publish","type":"post","link":"https:\/\/www.tgrthaber.com\/mavikadin\/o-ses-turkiye-2025-yarismasinin-juri-uyeleri-kim-bomba-isimlerle-izleyici-karsisina-cikmaya-hazirlaniyor\/","title":{"rendered":"O Ses T\u00fcrkiye 2025 yar\u0131\u015fmas\u0131n\u0131n j\u00fcri \u00fcyeleri kim? Bomba isimlerle izleyici kar\u015f\u0131s\u0131na \u00e7\u0131kmaya haz\u0131rlan\u0131yor"},"content":{"rendered":"<p>TV8 ekranlar\u0131n\u0131n ilgiyle takip edilen yar\u0131\u015fmas\u0131 \u201cO Ses T\u00fcrkiye\u201d ekranlara geri d\u00f6nd\u00fc. O Ses T\u00fcrkiye\u2019nin ekranlara geri d\u00f6nmesiyle birlikte j\u00fcri \u00fcyelerinin kim oldu\u011fu merak edildi. Hem j\u00fcri \u00fcyeleriyle hem de e\u011flenceli format\u0131yla seyircinin ilgisini \u00e7eken O Ses T\u00fcrkiye\u2019nin yay\u0131n tarihi de merak ediliyor. Peki, O Ses T\u00fcrkiye yar\u0131\u015fmas\u0131n\u0131n j\u00fcri \u00fcyeleri kim? O Ses T\u00fcrkiye ne zaman ba\u015flayacak? O Ses T\u00fcrkiye ba\u015fvurular\u0131 nereden yap\u0131l\u0131yor? O Ses T\u00fcrkiye yar\u0131\u015fmas\u0131na dair merak edilenleri sizin i\u00e7in ara\u015ft\u0131rd\u0131k. \u0130\u015fte O Ses T\u00fcrkiye yar\u0131\u015fmas\u0131 hakk\u0131nda merak edilenler\u2026<\/p>\n<hr \/>\n<h3>O SES T\u00dcRK\u0130YE 2025 YARI\u015eMASININ J\u00dcR\u0130 \u00dcYELER\u0130 K\u0130M?<\/h3>\n<p>Acun Il\u0131cal\u0131 31 Aral\u0131k y\u0131lba\u015f\u0131 gecesi TV8 ekranlar\u0131nda izleyici kar\u015f\u0131s\u0131na \u00e7\u0131kan \u201cO Ses T\u00fcrkiye Y\u0131lba\u015f\u0131 \u00d6zel\u201d program\u0131nda m\u00fcjdeli haberi vermi\u015f ve yak\u0131n zamanda sevilen yar\u0131\u015fma program\u0131 \u201cO Ses T\u00fcrkiye\u201dnin ekranlara geri d\u00f6nece\u011fini a\u00e7\u0131klam\u0131\u015ft\u0131. Bunun \u00fczerine ekranlara geri d\u00f6nen O Ses T\u00fcrkiye Yar\u0131\u015fmas\u0131n\u0131n ne zaman ba\u015flayaca\u011f\u0131 ve j\u00fcri \u00fcyelerinin kimler olaca\u011f\u0131 merak edilmi\u015fti.<\/p>\n<p><img loading=\"lazy\" decoding=\"async\" class=\"alignnone wp-image-119675\" src=\"https:\/\/www.tgrthaber.com\/mavikadin\/wp-content\/uploads\/Adsiz-tasarim-24-20-1024x576.jpg\" alt=\"O Ses T\u00fcrkiye 2025 yar\u0131\u015fmas\u0131n\u0131n j\u00fcri \u00fcyeleri kim? \" width=\"1208\" height=\"680\" title=\"\" srcset=\"https:\/\/www.tgrthaber.com\/mavikadin\/wp-content\/uploads\/Adsiz-tasarim-24-20-1024x576.jpg 1024w, https:\/\/www.tgrthaber.com\/mavikadin\/wp-content\/uploads\/Adsiz-tasarim-24-20-300x169.jpg 300w, https:\/\/www.tgrthaber.com\/mavikadin\/wp-content\/uploads\/Adsiz-tasarim-24-20-768x432.jpg 768w, https:\/\/www.tgrthaber.com\/mavikadin\/wp-content\/uploads\/Adsiz-tasarim-24-20-1536x864.jpg 1536w, https:\/\/www.tgrthaber.com\/mavikadin\/wp-content\/uploads\/Adsiz-tasarim-24-20.jpg 1600w\" sizes=\"(max-width: 1208px) 100vw, 1208px\" \/><\/p>\n<hr \/>\n<p>Son olarak 2022 y\u0131l\u0131nda izleyici kar\u015f\u0131s\u0131na \u00e7\u0131kan O Ses T\u00fcrkiye program\u0131 3 y\u0131l aradan sonra ekranlara d\u00f6nmeye haz\u0131rlan\u0131yor. Seyircinin ilgiyle takip etti\u011fi O Ses T\u00fcrkiye yar\u0131\u015fmas\u0131n\u0131n en son ki sezonunda \u015fampiyon O\u011fuzhan Ko\u00e7\u2019un tak\u0131m\u0131ndan olan \u201cHasan Ko\u00e7ak\u201d olmu\u015ftu. Seyircinin b\u00fcy\u00fck bir merakla bekledi\u011fi O Ses T\u00fcrkiye 2025 yar\u0131\u015fmas\u0131n\u0131n yeni j\u00fcri \u00fcyelerinin kimler oldu\u011fu ara\u015ft\u0131r\u0131l\u0131yor. Peki, O Ses T\u00fcrkiye yar\u0131\u015fmas\u0131n\u0131n j\u00fcri \u00fcyeleri kim? \u0130\u015fte O Ses T\u00fcrkiye 2025 j\u00fcri \u00fcyeleri\u2026<\/p>\n<p><img loading=\"lazy\" decoding=\"async\" class=\"alignnone wp-image-119682\" src=\"https:\/\/www.tgrthaber.com\/mavikadin\/wp-content\/uploads\/Adsiz-tasarim-28-21-1024x576.jpg\" alt=\"O Ses T\u00fcrkiye 2025 yar\u0131\u015fmas\u0131n\u0131n j\u00fcri \u00fcyeleri kim? \" width=\"1208\" height=\"680\" title=\"\" srcset=\"https:\/\/www.tgrthaber.com\/mavikadin\/wp-content\/uploads\/Adsiz-tasarim-28-21-1024x576.jpg 1024w, https:\/\/www.tgrthaber.com\/mavikadin\/wp-content\/uploads\/Adsiz-tasarim-28-21-300x169.jpg 300w, https:\/\/www.tgrthaber.com\/mavikadin\/wp-content\/uploads\/Adsiz-tasarim-28-21-768x432.jpg 768w, https:\/\/www.tgrthaber.com\/mavikadin\/wp-content\/uploads\/Adsiz-tasarim-28-21-1536x864.jpg 1536w, https:\/\/www.tgrthaber.com\/mavikadin\/wp-content\/uploads\/Adsiz-tasarim-28-21.jpg 1600w\" sizes=\"(max-width: 1208px) 100vw, 1208px\" \/><\/p>\n<hr \/>\n<h3>O SES T\u00dcRK\u0130YE 2025 YARI\u015eMASINDA BOMBA \u0130S\u0130MLER YER ALIYOR!<\/h3>\n<p>TV8 ekranlar\u0131n\u0131n yo\u011fun bir ilgiyle takip edilen yar\u0131\u015fmas\u0131 O Ses T\u00fcrkiye Yar\u0131\u015fmas\u0131nda ge\u00e7ti\u011fimiz sezonlarda birbirinden de\u011ferli sanat\u00e7\u0131lar yer alm\u0131\u015ft\u0131. Hadise y\u0131llar\u0131n tecr\u00fcbesiyle her zamanki gibi ad\u0131ndan s\u00f6z ettirmi\u015f, Athena Grubunun \u00fcyelerinden G\u00f6khan \u00d6zo\u011fuz komik hareketleriyle herkesi g\u00fcld\u00fcrm\u00fc\u015f, Ebru G\u00fcnde\u015f sesiyle herkesi mest etmi\u015f, Murat Boz ise yak\u0131\u015f\u0131kl\u0131l\u0131\u011f\u0131yla herkesi etkilemi\u015fti.<\/p>\n<p><img loading=\"lazy\" decoding=\"async\" class=\"alignnone wp-image-119677\" src=\"https:\/\/www.tgrthaber.com\/mavikadin\/wp-content\/uploads\/Adsiz-tasarim-25-22-1024x576.jpg\" alt=\"O Ses T\u00fcrkiye 2025 yar\u0131\u015fmas\u0131n\u0131n j\u00fcri \u00fcyeleri kim? \" width=\"1208\" height=\"680\" title=\"\" srcset=\"https:\/\/www.tgrthaber.com\/mavikadin\/wp-content\/uploads\/Adsiz-tasarim-25-22-1024x576.jpg 1024w, https:\/\/www.tgrthaber.com\/mavikadin\/wp-content\/uploads\/Adsiz-tasarim-25-22-300x169.jpg 300w, https:\/\/www.tgrthaber.com\/mavikadin\/wp-content\/uploads\/Adsiz-tasarim-25-22-768x432.jpg 768w, https:\/\/www.tgrthaber.com\/mavikadin\/wp-content\/uploads\/Adsiz-tasarim-25-22-1536x864.jpg 1536w, https:\/\/www.tgrthaber.com\/mavikadin\/wp-content\/uploads\/Adsiz-tasarim-25-22.jpg 1600w\" sizes=\"(max-width: 1208px) 100vw, 1208px\" \/><\/p>\n<hr \/>\n<p>Ge\u00e7ti\u011fimiz sezonlara damga vuran j\u00fcri \u00fcyeleri aras\u0131nda g\u00fc\u00e7l\u00fc sesiyle Y\u0131ld\u0131z Tilbe, ba\u015far\u0131l\u0131 \u015fark\u0131lar\u0131yla O\u011fuzhan Ko\u00e7, esprileriyle kahkaha att\u0131ran Beyaz\u0131t \u00d6zt\u00fcrk j\u00fcri koltu\u011funda yerini alan isimlerden olmu\u015ftu.<\/p>\n<p><img loading=\"lazy\" decoding=\"async\" class=\"alignnone wp-image-119685\" src=\"https:\/\/www.tgrthaber.com\/mavikadin\/wp-content\/uploads\/Adsiz-tasarim-27-19-1024x576.jpg\" alt=\"O Ses T\u00fcrkiye 2025 yar\u0131\u015fmas\u0131n\u0131n j\u00fcri \u00fcyeleri kim? \" width=\"1208\" height=\"680\" title=\"\" srcset=\"https:\/\/www.tgrthaber.com\/mavikadin\/wp-content\/uploads\/Adsiz-tasarim-27-19-1024x576.jpg 1024w, https:\/\/www.tgrthaber.com\/mavikadin\/wp-content\/uploads\/Adsiz-tasarim-27-19-300x169.jpg 300w, https:\/\/www.tgrthaber.com\/mavikadin\/wp-content\/uploads\/Adsiz-tasarim-27-19-768x432.jpg 768w, https:\/\/www.tgrthaber.com\/mavikadin\/wp-content\/uploads\/Adsiz-tasarim-27-19-1536x864.jpg 1536w, https:\/\/www.tgrthaber.com\/mavikadin\/wp-content\/uploads\/Adsiz-tasarim-27-19.jpg 1600w\" sizes=\"(max-width: 1208px) 100vw, 1208px\" \/><\/p>\n<hr \/>\n<p>O Ses T\u00fcrkiye 2025 yar\u0131\u015fmas\u0131n\u0131n yeni j\u00fcri \u00fcyeleri ise birbirinden bomba isimler olarak kar\u015f\u0131m\u0131za \u00e7\u0131k\u0131yor. O Ses T\u00fcrkiye 2025 yar\u0131\u015fmas\u0131n\u0131n j\u00fcri \u00fcyeleri Beyaz\u0131t \u00d6zt\u00fcrk, Melike \u015eahin, G\u00f6khan \u00d6zo\u011fuz ve Hadise\u00a0olarak kar\u015f\u0131m\u0131za \u00e7\u0131k\u0131yor. O Ses T\u00fcrkiye 2025 yar\u0131\u015fmas\u0131nda olduk\u00e7a e\u011flenceli ve rekabetli bir sezonun bizleri bekliyor. Birbirinden ba\u015far\u0131l\u0131 sanat\u00e7\u0131lar\u0131n j\u00fcri koltu\u011funda oturdu\u011fu yar\u0131\u015fma seyirciler taraf\u0131ndan merakla bekleniyor. Peki, O Ses T\u00fcrkiye ne zaman ba\u015flayacak? \u0130\u015fte O Ses T\u00fcrkiye\u2019nin ba\u015flama tarihi\u2026<\/p>\n<h3>O SES T\u00dcRK\u0130YE NE ZAMAN BA\u015eLAYACAK?<\/h3>\n<p>Televizyon ekranlar\u0131n\u0131n e\u011flenceli ve rekabetli sevilen yar\u0131\u015fmalar\u0131 aras\u0131nda yer alan O Ses T\u00fcrkiye geri d\u00f6nd\u00fc. O Ses T\u00fcrkiye 2025 yar\u0131\u015fmas\u0131 i\u00e7in geri say\u0131m ba\u015flad\u0131. Hem izleyicilerin hem de yar\u0131\u015fmac\u0131lar\u0131n heyecan\u0131n\u0131n dorukta oldu\u011fu ve ne zaman yay\u0131nlanaca\u011f\u0131n\u0131n merak edildi\u011fi O Ses T\u00fcrkiye yar\u0131\u015fmas\u0131n\u0131n yay\u0131n tarihi belli oldu.<\/p>\n<p><img loading=\"lazy\" decoding=\"async\" class=\"alignnone wp-image-119676\" src=\"https:\/\/www.tgrthaber.com\/mavikadin\/wp-content\/uploads\/Adsiz-tasarim-23-14-1024x576.jpg\" alt=\"O Ses T\u00fcrkiye 2025 yar\u0131\u015fmas\u0131n\u0131n j\u00fcri \u00fcyeleri kim? \" width=\"1208\" height=\"680\" title=\"\" srcset=\"https:\/\/www.tgrthaber.com\/mavikadin\/wp-content\/uploads\/Adsiz-tasarim-23-14-1024x576.jpg 1024w, https:\/\/www.tgrthaber.com\/mavikadin\/wp-content\/uploads\/Adsiz-tasarim-23-14-300x169.jpg 300w, https:\/\/www.tgrthaber.com\/mavikadin\/wp-content\/uploads\/Adsiz-tasarim-23-14-768x432.jpg 768w, https:\/\/www.tgrthaber.com\/mavikadin\/wp-content\/uploads\/Adsiz-tasarim-23-14-1536x864.jpg 1536w, https:\/\/www.tgrthaber.com\/mavikadin\/wp-content\/uploads\/Adsiz-tasarim-23-14.jpg 1600w\" sizes=\"(max-width: 1208px) 100vw, 1208px\" \/><\/p>\n<hr \/>\n<p>Sunucu ve yap\u0131mc\u0131 Acun Il\u0131cal\u0131, O Ses T\u00fcrkiye Y\u0131lba\u015f\u0131 \u00f6zel program\u0131nda yapt\u0131\u011f\u0131 a\u00e7\u0131klamada, yar\u0131\u015fman\u0131n ba\u015flayaca\u011f\u0131 tarihi 25 Ocak 2025 olarak duyurmu\u015ftu. TV8 ekranlar\u0131nda izleyici kar\u015f\u0131s\u0131na \u00e7\u0131kacak olan O Ses T\u00fcrkiye yar\u0131\u015fmas\u0131 25 Ocak tarihinde ilk b\u00f6l\u00fcm\u00fcyle yeni sezona ba\u015flamaya haz\u0131rlan\u0131yor. Seyircinin de merakla bekledi\u011fi yar\u0131\u015fma, izleyici ile bulu\u015fmaya g\u00fcn say\u0131yor.<\/p>\n<h3>O SES T\u00dcRK\u0130YE BA\u015eVURULARI NEREDEN YAPILIYOR?<\/h3>\n<p>\u0130zleyicilerin merakla bekledi\u011fi O Ses T\u00fcrkiye yar\u0131\u015fmas\u0131 25 Ocak tarihinde ekran maceras\u0131na ba\u015flayacak. Seyircilerin ilgiyle takip edilen yar\u0131\u015fma program\u0131 O Ses T\u00fcrkiye ba\u015fvurular\u0131n\u0131n da nereden yap\u0131laca\u011f\u0131 merak ediliyor. Peki, O Ses T\u00fcrkiye ba\u015fvurular\u0131 nereden yap\u0131l\u0131yor.<\/p>\n<p><img loading=\"lazy\" decoding=\"async\" class=\"alignnone wp-image-119678\" src=\"https:\/\/www.tgrthaber.com\/mavikadin\/wp-content\/uploads\/Adsiz-tasarim-26-19-1024x576.jpg\" alt=\"O Ses T\u00fcrkiye 2025 yar\u0131\u015fmas\u0131n\u0131n j\u00fcri \u00fcyeleri kim? \" width=\"1208\" height=\"680\" title=\"\" srcset=\"https:\/\/www.tgrthaber.com\/mavikadin\/wp-content\/uploads\/Adsiz-tasarim-26-19-1024x576.jpg 1024w, https:\/\/www.tgrthaber.com\/mavikadin\/wp-content\/uploads\/Adsiz-tasarim-26-19-300x169.jpg 300w, https:\/\/www.tgrthaber.com\/mavikadin\/wp-content\/uploads\/Adsiz-tasarim-26-19-768x432.jpg 768w, https:\/\/www.tgrthaber.com\/mavikadin\/wp-content\/uploads\/Adsiz-tasarim-26-19-1536x864.jpg 1536w, https:\/\/www.tgrthaber.com\/mavikadin\/wp-content\/uploads\/Adsiz-tasarim-26-19.jpg 1600w\" sizes=\"(max-width: 1208px) 100vw, 1208px\" \/><\/p>\n<hr \/>\n<p>25 Ocak 2025 de TV8 ekranlar\u0131nda izleyici kar\u015f\u0131s\u0131na \u00e7\u0131kacak olan O Ses T\u00fcrkiye ba\u015fvurular\u0131 i\u00e7in yar\u0131\u015fmaya kat\u0131lmak isteyenler TV8\u2019in kendi resmi sitesindeki\u00a0\u201cO Ses T\u00fcrkiye\u201d program\u0131 i\u00e7in haz\u0131rlanan anketi tamamlayarak ba\u015fvuruda bulunabilecek.<\/p>\n","protected":false},"excerpt":{"rendered":"<p>TV8 ekranlar\u0131n\u0131n sevilen yar\u0131\u015fmas\u0131 \u201cO Ses T\u00fcrkiye\u201dnin geri d\u00f6nmesiyle birlikte j\u00fcri \u00fcyelerinin kimler olaca\u011f\u0131 da merak edildi. Peki, O Ses T\u00fcrkiye yar\u0131\u015fmas\u0131n\u0131n j\u00fcri \u00fcyeleri kim? O Ses T\u00fcrkiye\u2019nin ne zaman ba\u015flayacak? O Ses T\u00fcrkiye ba\u015fvurular\u0131 nereden yap\u0131l\u0131yor? \u0130\u015fte detaylar\u2026 <\/p>\n","protected":false},"author":26,"featured_media":119674,"comment_status":"closed","ping_status":"closed","sticky":false,"template":"","format":"standard","meta":{"rank_math_lock_modified_date":false,"footnotes":""},"categories":[101],"tags":[2378,6532,6534,6535],"class_list":["post-119673","post","type-post","status-publish","format-standard","has-post-thumbnail","hentry","category-kesfet","tag-o-ses-turkiye","tag-o-ses-turkiye-2025","tag-o-ses-turkiye-2025-jurileri","tag-o-ses-turkiye-2025-yayin-tarihi"],"_links":{"self":[{"href":"https:\/\/www.tgrthaber.com\/mavikadin\/wp-json\/wp\/v2\/posts\/119673"}],"collection":[{"href":"https:\/\/www.tgrthaber.com\/mavikadin\/wp-json\/wp\/v2\/posts"}],"about":[{"href":"https:\/\/www.tgrthaber.com\/mavikadin\/wp-json\/wp\/v2\/types\/post"}],"author":[{"embeddable":true,"href":"https:\/\/www.tgrthaber.com\/mavikadin\/wp-json\/wp\/v2\/users\/26"}],"replies":[{"embeddable":true,"href":"https:\/\/www.tgrthaber.com\/mavikadin\/wp-json\/wp\/v2\/comments?post=119673"}],"version-history":[{"count":4,"href":"https:\/\/www.tgrthaber.com\/mavikadin\/wp-json\/wp\/v2\/posts\/119673\/revisions"}],"predecessor-version":[{"id":119686,"href":"https:\/\/www.tgrthaber.com\/mavikadin\/wp-json\/wp\/v2\/posts\/119673\/revisions\/119686"}],"wp:featuredmedia":[{"embeddable":true,"href":"https:\/\/www.tgrthaber.com\/mavikadin\/wp-json\/wp\/v2\/media\/119674"}],"wp:attachment":[{"href":"https:\/\/www.tgrthaber.com\/mavikadin\/wp-json\/wp\/v2\/media?parent=119673"}],"wp:term":[{"taxonomy":"category","embeddable":true,"href":"https:\/\/www.tgrthaber.com\/mavikadin\/wp-json\/wp\/v2\/categories?post=119673"},{"taxonomy":"post_tag","embeddable":true,"href":"https:\/\/www.tgrthaber.com\/mavikadin\/wp-json\/wp\/v2\/tags?post=119673"}],"curies":[{"name":"wp","href":"https:\/\/api.w.org\/{rel}","templated":true}]}}