{"id":119692,"date":"2025-01-10T19:07:15","date_gmt":"2025-01-10T16:07:15","guid":{"rendered":"https:\/\/www.tgrthaber.com\/mavikadin\/?p=119692"},"modified":"2025-01-10T19:07:15","modified_gmt":"2025-01-10T16:07:15","slug":"survivor-2025-bu-aksam-var-mi-survivor-2025-yeni-bolum-ne-zaman-yayinlanacak","status":"publish","type":"post","link":"https:\/\/www.tgrthaber.com\/mavikadin\/survivor-2025-bu-aksam-var-mi-survivor-2025-yeni-bolum-ne-zaman-yayinlanacak\/","title":{"rendered":"Survivor 2025 bu ak\u015fam var m\u0131? Survivor 2025 yeni b\u00f6l\u00fcm ne zaman yay\u0131nlanacak?"},"content":{"rendered":"<p>Survivor 2025 yar\u0131\u015fmas\u0131 t\u00fcm h\u0131z\u0131yla devam ederken seyirciler yar\u0131\u015fman\u0131n yeni b\u00f6l\u00fcm\u00fcn\u00fcn ne zaman yay\u0131nlanaca\u011f\u0131n\u0131 merak ediyor. TV8 ekranlar\u0131n\u0131n sevilen yar\u0131\u015fmas\u0131 Survivor 2025\u2019in bu ak\u015fam olup olmad\u0131\u011f\u0131 merak edildi. Yar\u0131\u015fmac\u0131lar\u0131n k\u0131yas\u0131ya m\u00fccadele etti\u011fi Survivor yar\u0131\u015fmas\u0131 yo\u011fun bir ilgiyle takip ediliyor. Peki, Survivor 2025 bu ak\u015fam var m\u0131? Survivor 2025 yeni b\u00f6l\u00fcm ne zaman yay\u0131nlanacak? \u0130\u015fte Survivor 2025 yeni b\u00f6l\u00fcm tarihi\u2026<\/p>\n<hr \/>\n<h3>SURV\u0130VOR 2025 BU AK\u015eAM VAR MI?<\/h3>\n<p>Survivor 2025 yar\u0131\u015fmas\u0131n\u0131n son b\u00f6l\u00fcm\u00fcnde \u00f6d\u00fcl oyunu oynanm\u0131\u015f ve adaya veda eden isim a\u00e7\u0131klanm\u0131\u015ft\u0131. Survivor 2025 yar\u0131\u015fmas\u0131n\u0131n yeni b\u00f6l\u00fcmlerine ara verilince yar\u0131\u015fman\u0131n ne zaman yay\u0131nlanaca\u011f\u0131 merak konusu oldu. \u00d6zellikle seyirciler bu ak\u015fam Survivor 2025 yar\u0131\u015fmas\u0131n\u0131n olup olmayaca\u011f\u0131n\u0131 merak etti.<\/p>\n<p><img loading=\"lazy\" decoding=\"async\" class=\"alignnone wp-image-119694\" src=\"https:\/\/www.tgrthaber.com\/mavikadin\/wp-content\/uploads\/Adsiz-tasarim-17-17-1024x576.jpg\" alt=\"Survivor 2025 yeni b\u00f6l\u00fcm ne zaman yay\u0131nlanacak? \" width=\"1208\" height=\"680\" title=\"\" srcset=\"https:\/\/www.tgrthaber.com\/mavikadin\/wp-content\/uploads\/Adsiz-tasarim-17-17-1024x576.jpg 1024w, https:\/\/www.tgrthaber.com\/mavikadin\/wp-content\/uploads\/Adsiz-tasarim-17-17-300x169.jpg 300w, https:\/\/www.tgrthaber.com\/mavikadin\/wp-content\/uploads\/Adsiz-tasarim-17-17-768x432.jpg 768w, https:\/\/www.tgrthaber.com\/mavikadin\/wp-content\/uploads\/Adsiz-tasarim-17-17-1536x864.jpg 1536w, https:\/\/www.tgrthaber.com\/mavikadin\/wp-content\/uploads\/Adsiz-tasarim-17-17.jpg 1600w\" sizes=\"(max-width: 1208px) 100vw, 1208px\" \/><\/p>\n<hr \/>\n<p>Survivor 2025 t\u00fcm h\u0131z\u0131yla devam ederken yeni b\u00f6l\u00fcmlerin ne zaman yay\u0131nlanaca\u011f\u0131 merak ediliyor. Son olarak 8 Ocak \u00c7ar\u015famba g\u00fcn\u00fc izleyici kar\u015f\u0131s\u0131na \u00e7\u0131kan Survivor 2025 yar\u0131\u015fmas\u0131 9 Ocak\u2019ta yay\u0131nlanmam\u0131\u015ft\u0131. TV8 ekranlar\u0131n\u0131n sevilen bir di\u011fer yar\u0131\u015fmas\u0131 MasterChef\u2019in yar\u0131 finalinin d\u00fcn ak\u015fam ekranlara gelmesiyle birlikte Survivor 2025 yar\u0131\u015fmas\u0131n\u0131n yeni b\u00f6l\u00fcm\u00fc yay\u0131nlanmam\u0131\u015ft\u0131. Bunun \u00fczerine izleyiciler Survivor 2025 yar\u0131\u015fmas\u0131n\u0131n bu ak\u015fam yay\u0131nlan\u0131p yay\u0131nlanmayaca\u011f\u0131n\u0131 merak etti.<\/p>\n<p><img loading=\"lazy\" decoding=\"async\" class=\"alignnone wp-image-119695\" src=\"https:\/\/www.tgrthaber.com\/mavikadin\/wp-content\/uploads\/Adsiz-tasarim-16-19-1024x576.jpg\" alt=\"Survivor 2025 yeni b\u00f6l\u00fcm ne zaman yay\u0131nlanacak? \" width=\"1208\" height=\"680\" title=\"\" srcset=\"https:\/\/www.tgrthaber.com\/mavikadin\/wp-content\/uploads\/Adsiz-tasarim-16-19-1024x576.jpg 1024w, https:\/\/www.tgrthaber.com\/mavikadin\/wp-content\/uploads\/Adsiz-tasarim-16-19-300x169.jpg 300w, https:\/\/www.tgrthaber.com\/mavikadin\/wp-content\/uploads\/Adsiz-tasarim-16-19-768x432.jpg 768w, https:\/\/www.tgrthaber.com\/mavikadin\/wp-content\/uploads\/Adsiz-tasarim-16-19-1536x864.jpg 1536w, https:\/\/www.tgrthaber.com\/mavikadin\/wp-content\/uploads\/Adsiz-tasarim-16-19.jpg 1600w\" sizes=\"(max-width: 1208px) 100vw, 1208px\" \/><\/p>\n<hr \/>\n<p>TV8 ekranlar\u0131nda bu ak\u015fam (10 Ocak Cuma) Survivor 2025 yar\u0131\u015fmas\u0131 yer almayacak. Survivor 2025 yar\u0131\u015fmas\u0131 bu ak\u015fam yerini MasterChef yar\u0131\u015fmas\u0131na b\u0131rak\u0131yor. MasterChef yar\u0131\u015fmas\u0131n\u0131n ikinci finalistinin bu ak\u015fam se\u00e7ilmesiyle birlikte Survivor 2025 yar\u0131\u015fmas\u0131n\u0131n yeni b\u00f6l\u00fcm\u00fcn\u00fcn ilerleyen g\u00fcnlerde yay\u0131nlanaca\u011f\u0131 s\u00f6yleniyor.<\/p>\n<h3>SURV\u0130VOR 2025 YEN\u0130 B\u00d6L\u00dcM NE ZAMAN YAYINLANACAK?<\/h3>\n<p>Seyircilerin b\u00fcy\u00fck bir ilgiyle takip etti\u011fi Survivor 2025 yar\u0131\u015fmas\u0131n\u0131n yeni b\u00f6l\u00fcm\u00fcn\u00fcn ne zaman yay\u0131nlanaca\u011f\u0131 herkes taraf\u0131ndan merak ediliyor. Son olarak 8 Ocak \u00c7ar\u015famba g\u00fcn\u00fc izleyici kar\u015f\u0131s\u0131na \u00e7\u0131kan Survivor 2025 yar\u0131\u015fmas\u0131 izleyiciler taraf\u0131ndan yo\u011fun ilgi g\u00f6r\u00fcyor. Sevilen yar\u0131\u015fma program\u0131n\u0131n ise ne zaman yay\u0131nlanaca\u011f\u0131 merak ediliyor. Peki, Survivor 2025 yeni b\u00f6l\u00fcm ne zaman yay\u0131nlanacak?<\/p>\n<p><img loading=\"lazy\" decoding=\"async\" class=\"alignnone wp-image-119696\" src=\"https:\/\/www.tgrthaber.com\/mavikadin\/wp-content\/uploads\/Survivor-2025-Acun-Ilicali-1-1024x576.jpg\" alt=\"Survivor 2025 yeni b\u00f6l\u00fcm ne zaman yay\u0131nlanacak? \" width=\"1208\" height=\"680\" title=\"\" srcset=\"https:\/\/www.tgrthaber.com\/mavikadin\/wp-content\/uploads\/Survivor-2025-Acun-Ilicali-1-1024x576.jpg 1024w, https:\/\/www.tgrthaber.com\/mavikadin\/wp-content\/uploads\/Survivor-2025-Acun-Ilicali-1-300x169.jpg 300w, https:\/\/www.tgrthaber.com\/mavikadin\/wp-content\/uploads\/Survivor-2025-Acun-Ilicali-1-768x432.jpg 768w, https:\/\/www.tgrthaber.com\/mavikadin\/wp-content\/uploads\/Survivor-2025-Acun-Ilicali-1-1536x864.jpg 1536w, https:\/\/www.tgrthaber.com\/mavikadin\/wp-content\/uploads\/Survivor-2025-Acun-Ilicali-1.jpg 1600w\" sizes=\"(max-width: 1208px) 100vw, 1208px\" \/><\/p>\n<hr \/>\n<p>Survivor yar\u0131\u015fmas\u0131, MasterChef yar\u0131\u015fmas\u0131n\u0131n finalleri sebebiyle son iki g\u00fcnd\u00fcr izleyici ile bulu\u015fam\u0131yor. D\u00fcn ak\u015fam MasterChef yar\u0131\u015fmas\u0131nda ilk finalist belli olmu\u015ftu. Bu ak\u015fam ise TV8 ekranlar\u0131nda MasterChef yar\u0131\u015fmas\u0131n\u0131n ikinci finalisti belli olacak. Cumartesi ak\u015fam\u0131 ise MasterChef yar\u0131\u015fmas\u0131n\u0131n finali canl\u0131 olarak TV8 ekranlar\u0131nda ger\u00e7ekle\u015fecek. Bu y\u00fczden Survivor 2025 yar\u0131\u015fmas\u0131 bu ak\u015fam ve yar\u0131n ak\u015fam (11 Ocak Cumartesi) yay\u0131nlanmayacak. Survivor 2025 yar\u0131\u015fmas\u0131n\u0131n yeni b\u00f6l\u00fcm\u00fcn\u00fcn 12 Ocak Pazar ak\u015fam\u0131 izleyici ile bulu\u015faca\u011f\u0131 tahmin ediliyor.<\/p>\n<h3>SURV\u0130VOR 2025 8 OCAK ADAYA K\u0130M VEDA ETM\u0130\u015eT\u0130?<\/h3>\n<p>All Star tak\u0131m\u0131n\u0131n kaybeden 4 yar\u0131\u015fmac\u0131s\u0131 d\u00fcellolarda performanslar\u0131n\u0131 sergilemi\u015fti. D\u00fcello sonras\u0131 Batuhan ve Efecan eleme aday\u0131 olmaktan kurtulmu\u015f, b\u00f6ylece eleme adaylar\u0131 Bar\u0131\u015f ve Adilhan olmu\u015ftu.\u00a0Bar\u0131\u015f ve Adilhan aras\u0131nda oynanan d\u00fcello sonucunda, 5-4 skorla Adilhan kazan\u0131rken, Bar\u0131\u015f Murat Ya\u011fc\u0131 adaya veda eden isim olmu\u015ftu.<\/p>\n<p><img loading=\"lazy\" decoding=\"async\" class=\"alignnone wp-image-119698\" src=\"https:\/\/www.tgrthaber.com\/mavikadin\/wp-content\/uploads\/Adsiz-tasarim-30-18-1024x576.jpg\" alt=\"Survivor 2025 yeni b\u00f6l\u00fcm ne zaman yay\u0131nlanacak? \" width=\"1208\" height=\"680\" title=\"\" srcset=\"https:\/\/www.tgrthaber.com\/mavikadin\/wp-content\/uploads\/Adsiz-tasarim-30-18-1024x576.jpg 1024w, https:\/\/www.tgrthaber.com\/mavikadin\/wp-content\/uploads\/Adsiz-tasarim-30-18-300x169.jpg 300w, https:\/\/www.tgrthaber.com\/mavikadin\/wp-content\/uploads\/Adsiz-tasarim-30-18-768x432.jpg 768w, https:\/\/www.tgrthaber.com\/mavikadin\/wp-content\/uploads\/Adsiz-tasarim-30-18-1536x864.jpg 1536w, https:\/\/www.tgrthaber.com\/mavikadin\/wp-content\/uploads\/Adsiz-tasarim-30-18.jpg 1600w\" sizes=\"(max-width: 1208px) 100vw, 1208px\" \/><\/p>\n<hr \/>\n<p>Survivor 2025 All Star tak\u0131m\u0131nda bulunan ba\u015far\u0131l\u0131 yar\u0131\u015fmac\u0131lardan Bar\u0131\u015f Murat Ya\u011fc\u0131, 2025\u2019e istedi\u011fi gibi bir performansla ba\u015flayamam\u0131\u015f ve tak\u0131m arkada\u015flar\u0131n\u0131n da tepkisini \u00e7ekmi\u015fti. Ge\u00e7ti\u011fimiz y\u0131llarda Survivor\u2019a damga vuran performanslar\u0131yla g\u00fcndeme gelen Ya\u011fc\u0131, bu sezon Survivor yar\u0131\u015fmas\u0131nda erken elenen isimler aras\u0131nda yer ald\u0131. Sunucu Murat Ceylan ise Bar\u0131\u015f\u2019\u0131n vedas\u0131 i\u00e7in: \u201cErken bir veda oldu\u011funu d\u00fc\u015f\u00fcn\u00fcyorum\u201d ifadelerini kullanm\u0131\u015ft\u0131.<\/p>\n<h3>SURV\u0130VOR 2025 8 OCAK \u00d6D\u00dcL OYUNUNU K\u0130M KAZANMI\u015eTI?<\/h3>\n<p>Dokunulmazl\u0131k m\u00fccadelesini \u00fcst \u00fcste 3 kez kazanan G\u00f6n\u00fcll\u00fcler tak\u0131m\u0131 bu kez \u00f6d\u00fcl oyununu All Star tak\u0131m\u0131na kapt\u0131rm\u0131\u015ft\u0131. B\u00fcy\u00fck bir h\u0131rsla m\u00fccadele eden yar\u0131\u015fmac\u0131lar var\u0131n\u0131 yo\u011funu ortaya koyarak yar\u0131\u015fm\u0131\u015ft\u0131.<\/p>\n<p><img loading=\"lazy\" decoding=\"async\" class=\"alignnone wp-image-119699\" src=\"https:\/\/www.tgrthaber.com\/mavikadin\/wp-content\/uploads\/Adsiz-tasarim-29-20-1024x576.jpg\" alt=\"Survivor 2025 yeni b\u00f6l\u00fcm ne zaman yay\u0131nlanacak? \" width=\"1208\" height=\"680\" title=\"\" srcset=\"https:\/\/www.tgrthaber.com\/mavikadin\/wp-content\/uploads\/Adsiz-tasarim-29-20-1024x576.jpg 1024w, https:\/\/www.tgrthaber.com\/mavikadin\/wp-content\/uploads\/Adsiz-tasarim-29-20-300x169.jpg 300w, https:\/\/www.tgrthaber.com\/mavikadin\/wp-content\/uploads\/Adsiz-tasarim-29-20-768x432.jpg 768w, https:\/\/www.tgrthaber.com\/mavikadin\/wp-content\/uploads\/Adsiz-tasarim-29-20-1536x864.jpg 1536w, https:\/\/www.tgrthaber.com\/mavikadin\/wp-content\/uploads\/Adsiz-tasarim-29-20.jpg 1600w\" sizes=\"(max-width: 1208px) 100vw, 1208px\" \/><\/p>\n<hr \/>\n<p>G\u00f6n\u00fcll\u00fcler tak\u0131m\u0131 \u00fcst \u00fcste ald\u0131klar\u0131 galibiyetleriyle ad\u0131ndan s\u00f6z ettirmi\u015fti. Fakat G\u00f6n\u00fcll\u00fcler tak\u0131m\u0131 \u00f6d\u00fcl oyununda, dokunulmazl\u0131k oyununda olduklar\u0131 kadar \u015fansl\u0131 olamam\u0131\u015f ve \u00f6d\u00fcle kavu\u015fan tak\u0131m All Star yar\u0131\u015fmac\u0131lar\u0131 olmu\u015ftu.<\/p>\n","protected":false},"excerpt":{"rendered":"<p>TV8 ekranlar\u0131n\u0131n ilgiyle takip edilen yar\u0131\u015fmas\u0131 Survivor 2025\u2019in bu ak\u015fam olup olmad\u0131\u011f\u0131 merak ediliyor. Peki, Survivor 2025 yeni b\u00f6l\u00fcm ne zaman? \u0130\u015fte detaylar\u2026 <\/p>\n","protected":false},"author":26,"featured_media":119693,"comment_status":"closed","ping_status":"closed","sticky":false,"template":"","format":"standard","meta":{"rank_math_lock_modified_date":false,"footnotes":""},"categories":[101],"tags":[2366,2728,4950,7646,7647],"class_list":["post-119692","post","type-post","status-publish","format-standard","has-post-thumbnail","hentry","category-kesfet","tag-survivor","tag-survivor-2025","tag-survivor-2025-all-star","tag-survivor-gonulluler","tag-survivor-yeni-bolum"],"_links":{"self":[{"href":"https:\/\/www.tgrthaber.com\/mavikadin\/wp-json\/wp\/v2\/posts\/119692"}],"collection":[{"href":"https:\/\/www.tgrthaber.com\/mavikadin\/wp-json\/wp\/v2\/posts"}],"about":[{"href":"https:\/\/www.tgrthaber.com\/mavikadin\/wp-json\/wp\/v2\/types\/post"}],"author":[{"embeddable":true,"href":"https:\/\/www.tgrthaber.com\/mavikadin\/wp-json\/wp\/v2\/users\/26"}],"replies":[{"embeddable":true,"href":"https:\/\/www.tgrthaber.com\/mavikadin\/wp-json\/wp\/v2\/comments?post=119692"}],"version-history":[{"count":2,"href":"https:\/\/www.tgrthaber.com\/mavikadin\/wp-json\/wp\/v2\/posts\/119692\/revisions"}],"predecessor-version":[{"id":119701,"href":"https:\/\/www.tgrthaber.com\/mavikadin\/wp-json\/wp\/v2\/posts\/119692\/revisions\/119701"}],"wp:featuredmedia":[{"embeddable":true,"href":"https:\/\/www.tgrthaber.com\/mavikadin\/wp-json\/wp\/v2\/media\/119693"}],"wp:attachment":[{"href":"https:\/\/www.tgrthaber.com\/mavikadin\/wp-json\/wp\/v2\/media?parent=119692"}],"wp:term":[{"taxonomy":"category","embeddable":true,"href":"https:\/\/www.tgrthaber.com\/mavikadin\/wp-json\/wp\/v2\/categories?post=119692"},{"taxonomy":"post_tag","embeddable":true,"href":"https:\/\/www.tgrthaber.com\/mavikadin\/wp-json\/wp\/v2\/tags?post=119692"}],"curies":[{"name":"wp","href":"https:\/\/api.w.org\/{rel}","templated":true}]}}