{"id":119712,"date":"2025-01-10T20:34:35","date_gmt":"2025-01-10T17:34:35","guid":{"rendered":"https:\/\/www.tgrthaber.com\/mavikadin\/?p=119712"},"modified":"2025-01-11T00:24:07","modified_gmt":"2025-01-10T21:24:07","slug":"masterchef-ikinci-finalist-kim-oldu-masterchefe-kim-veda-etti-kimler-sampiyon-adayi-oldu","status":"publish","type":"post","link":"https:\/\/www.tgrthaber.com\/mavikadin\/masterchef-ikinci-finalist-kim-oldu-masterchefe-kim-veda-etti-kimler-sampiyon-adayi-oldu\/","title":{"rendered":"Masterchef ikinci finalist kim oldu? MasterChef\u2019e kim veda etti, kimler \u015fampiyon aday\u0131 oldu?"},"content":{"rendered":"<p>TV8 ekranlar\u0131nda izleyici kar\u015f\u0131s\u0131na \u00e7\u0131kan MasterChef yar\u0131\u015fmas\u0131nda final heyecan\u0131 t\u00fcm h\u0131z\u0131yla devam ederken kimlerin finalist olduklar\u0131 merak ediliyor. MasterChef yar\u0131\u015fmas\u0131n\u0131n ilk finalistinin belli olmas\u0131yla birlikte g\u00f6zler ikinci finaliste y\u00f6neldi. Peki, Masterchef ikinci finalist kim oldu? MasterChef\u2019e kim veda etti, kimler \u015fampiyon aday\u0131 oldu? \u015eampiyonluk m\u00fccadelesinde elenen isimlerin kimler oldu\u011fu merak edildi. \u0130\u015fte Masterchef ikinci finalisti ve \u015fampiyon adaylar\u0131\u2026<\/p>\n<hr \/>\n<h3>MASTERCHEF \u0130K\u0130NC\u0130 F\u0130NAL\u0130ST K\u0130M OLDU?<\/h3>\n<p>TV8 ekranlar\u0131n\u0131n reyting rekortmeni yar\u0131\u015fma program\u0131 MasterChef\u2019te final heyecan\u0131 devam ediyor. MasterChef\u2019in ikinci finalistinin ise kim oldu\u011fu merak ediliyor. B\u00fct\u00fcn bir sezon boyunca k\u0131yas\u0131ya m\u00fccadelenin ya\u015fand\u0131\u011f\u0131 yar\u0131\u015fmada, Semih, Onur, Kerem ve Eda yar\u0131 finale kalan 4 yar\u0131\u015fmac\u0131 aras\u0131nda yer alm\u0131\u015ft\u0131. Ge\u00e7ti\u011fimiz ak\u015fam bu 4 yar\u0131\u015fmac\u0131 aras\u0131ndan Onur \u015feflerden 85 puan alarak ilk finalist olmu\u015f ve \u015fampiyonlu\u011fa ad\u0131n\u0131 yazd\u0131rm\u0131\u015ft\u0131. Bu ak\u015fam ise Kerem, Semih ve Eda \u00fc\u00e7l\u00fcs\u00fcnden hangisinin \u015fampiyonlu\u011fa ad\u0131n\u0131 yazd\u0131raca\u011f\u0131 merak edildi.<\/p>\n<p><img loading=\"lazy\" decoding=\"async\" class=\"alignnone wp-image-119714\" src=\"https:\/\/www.tgrthaber.com\/mavikadin\/wp-content\/uploads\/Ekran-Goruntusu-121-1024x640.png\" alt=\"Masterchef ikinci finalist kim oldu? \" width=\"1208\" height=\"755\" title=\"\" srcset=\"https:\/\/www.tgrthaber.com\/mavikadin\/wp-content\/uploads\/Ekran-Goruntusu-121-1024x640.png 1024w, https:\/\/www.tgrthaber.com\/mavikadin\/wp-content\/uploads\/Ekran-Goruntusu-121-300x188.png 300w, https:\/\/www.tgrthaber.com\/mavikadin\/wp-content\/uploads\/Ekran-Goruntusu-121-768x480.png 768w, https:\/\/www.tgrthaber.com\/mavikadin\/wp-content\/uploads\/Ekran-Goruntusu-121-1536x960.png 1536w, https:\/\/www.tgrthaber.com\/mavikadin\/wp-content\/uploads\/Ekran-Goruntusu-121.png 1920w\" sizes=\"(max-width: 1208px) 100vw, 1208px\" \/><\/p>\n<hr \/>\n<p>Kerem, Semih ve Eda MasterChef yar\u0131\u015fmas\u0131n\u0131n yar\u0131 finalinde \u015fampiyonluk i\u00e7in yar\u0131\u015ft\u0131. MasterChef\u2019in ikinci finalistinin kim oldu\u011fu seyirci taraf\u0131ndan b\u00fcy\u00fck bir heyecanla merak edildi. TV8 ekranlar\u0131nda MasterChef T\u00fcrkiye b\u00fcy\u00fck final heyecan\u0131 devam ediyor. Yar\u0131\u015fmac\u0131lar \u015fampiyon olabilmek i\u00e7in ellerinden geleni yaparken ikinci finalist belli oldu.<\/p>\n<p><img loading=\"lazy\" decoding=\"async\" class=\"alignnone wp-image-119715\" src=\"https:\/\/www.tgrthaber.com\/mavikadin\/wp-content\/uploads\/MasterChef-buyuk-final-8-1024x576.jpg\" alt=\"Masterchef ikinci finalist kim oldu? \" width=\"1208\" height=\"680\" title=\"\" srcset=\"https:\/\/www.tgrthaber.com\/mavikadin\/wp-content\/uploads\/MasterChef-buyuk-final-8-1024x576.jpg 1024w, https:\/\/www.tgrthaber.com\/mavikadin\/wp-content\/uploads\/MasterChef-buyuk-final-8-300x169.jpg 300w, https:\/\/www.tgrthaber.com\/mavikadin\/wp-content\/uploads\/MasterChef-buyuk-final-8-768x432.jpg 768w, https:\/\/www.tgrthaber.com\/mavikadin\/wp-content\/uploads\/MasterChef-buyuk-final-8-1536x864.jpg 1536w, https:\/\/www.tgrthaber.com\/mavikadin\/wp-content\/uploads\/MasterChef-buyuk-final-8.jpg 1600w\" sizes=\"(max-width: 1208px) 100vw, 1208px\" \/><\/p>\n<hr \/>\n<p>B\u00fcy\u00fck final heyecan\u0131n\u0131n devam etti\u011fi yar\u0131\u015fmada ikincinci finalist 83 puanla Kerem oldu. K\u0131ran k\u0131rana m\u00fccadelenin ya\u015fand\u0131\u011f\u0131 MasterChef yar\u0131\u015fmas\u0131nda Kerem, Semih ve Eda t\u00fcm marifetlerini g\u00f6stererek b\u00fcy\u00fck finale ad\u0131n\u0131 yazd\u0131rmaya \u00e7al\u0131\u015ft\u0131. Kerem, Semih ve Eda&#8217;n\u0131n k\u0131ran k\u0131rana yar\u0131\u015ft\u0131\u011f\u0131 MasterChef T\u00fcrkiye&#8217;nin yar\u0131 finalinde Kerem ikinci finalist oldu ve ad\u0131n\u0131 \u015fampiyonlu\u011fa yazd\u0131rmay\u0131 ba\u015fard\u0131.<\/p>\n<h3>MASTERCHEF\u2019E K\u0130M VEDA ETT\u0130?<\/h3>\n<p>MasterChef\u2019te ge\u00e7ti\u011fimiz ak\u015fam eleme yap\u0131lmad\u0131. \u015eeflerin verdikleri puanlar ilk finalistin ismini belirledi. Geriye kalan ki\u015filer de bu ak\u015fam yeniden \u015fanslar\u0131n\u0131 denedi ve \u015fampiyonluk i\u00e7in m\u00fccadele etti. Kerem, Semih ve Eda aras\u0131ndan ikinci finalist se\u00e7ildi. MasterChef T\u00fcrkiye\u2019nin 3.&#8217;s\u00fc 82 puanla Semih<strong>\u00a0<\/strong>olurken, yar\u0131\u015fmaya 4. olarak noktalayan isim 74,5 puanla Eda oldu.<\/p>\n<p>Ba\u015far\u0131l\u0131 yar\u0131\u015fmac\u0131lar aras\u0131nda yer alan Semih 4. oyunda sadece 1 puanla ikinci finalist olmay\u0131 kaybetti. Yapt\u0131\u011f\u0131 k\u00fc\u00e7\u00fck bir hatadan dolay\u0131 finalist olamayan Semih, MasterChef&#8217;e veda ederken g\u00f6zya\u015flar\u0131n\u0131 tutamad\u0131. B\u00f6ylece MasterChef T\u00fcrkiye yar\u0131\u015fmas\u0131n\u0131n finalistleri Onur ve Kerem oldu.<\/p>\n<p><img loading=\"lazy\" decoding=\"async\" class=\"alignnone wp-image-119716\" src=\"https:\/\/www.tgrthaber.com\/mavikadin\/wp-content\/uploads\/MasterChef-buyuk-final-4-1024x576.jpg\" alt=\"Masterchef ikinci finalist kim oldu? \" width=\"1208\" height=\"680\" title=\"\" srcset=\"https:\/\/www.tgrthaber.com\/mavikadin\/wp-content\/uploads\/MasterChef-buyuk-final-4-1024x576.jpg 1024w, https:\/\/www.tgrthaber.com\/mavikadin\/wp-content\/uploads\/MasterChef-buyuk-final-4-300x169.jpg 300w, https:\/\/www.tgrthaber.com\/mavikadin\/wp-content\/uploads\/MasterChef-buyuk-final-4-768x432.jpg 768w, https:\/\/www.tgrthaber.com\/mavikadin\/wp-content\/uploads\/MasterChef-buyuk-final-4-1536x864.jpg 1536w, https:\/\/www.tgrthaber.com\/mavikadin\/wp-content\/uploads\/MasterChef-buyuk-final-4.jpg 1600w\" sizes=\"(max-width: 1208px) 100vw, 1208px\" \/><\/p>\n<hr \/>\n<h3>MASTERCHEF \u0130LK F\u0130NAL\u0130ST K\u0130M OLMU\u015eTU?<\/h3>\n<p>TV8 ekranlar\u0131n\u0131n b\u00fcy\u00fck bir ilgiyle takip edilen yar\u0131\u015fma program\u0131 MasterChef\u2019te sona yakla\u015f\u0131ld\u0131. 11 Ocak Cumartesi ak\u015fam\u0131 ger\u00e7ekle\u015fecek MasterChef b\u00fcy\u00fck finalinde hangi isimlerin finalist oldu\u011fu merak edildi. Ge\u00e7ti\u011fimiz ak\u015fam yar\u0131 final b\u00f6l\u00fcm\u00fcyle ekranlara gelen MasterChef program\u0131nda MasterChef 2024\u2019\u00fcn 4 finalisti Semih, Onur, Kerem ve Eda \u015fampiyonluk yar\u0131\u015f\u0131nda bu ak\u015fam kar\u015f\u0131 kar\u015f\u0131ya geldi.<\/p>\n<p><img loading=\"lazy\" decoding=\"async\" class=\"alignnone wp-image-119717\" src=\"https:\/\/www.tgrthaber.com\/mavikadin\/wp-content\/uploads\/MasterChef-buyuk-final-1-1024x576.jpg\" alt=\"Masterchef ikinci finalist kim oldu? \" width=\"1208\" height=\"680\" title=\"\" srcset=\"https:\/\/www.tgrthaber.com\/mavikadin\/wp-content\/uploads\/MasterChef-buyuk-final-1-1024x576.jpg 1024w, https:\/\/www.tgrthaber.com\/mavikadin\/wp-content\/uploads\/MasterChef-buyuk-final-1-300x169.jpg 300w, https:\/\/www.tgrthaber.com\/mavikadin\/wp-content\/uploads\/MasterChef-buyuk-final-1-768x432.jpg 768w, https:\/\/www.tgrthaber.com\/mavikadin\/wp-content\/uploads\/MasterChef-buyuk-final-1-1536x864.jpg 1536w, https:\/\/www.tgrthaber.com\/mavikadin\/wp-content\/uploads\/MasterChef-buyuk-final-1.jpg 1600w\" sizes=\"(max-width: 1208px) 100vw, 1208px\" \/><\/p>\n<hr \/>\n<p>MasterChef\u2019te yar\u0131\u015ft\u0131klar\u0131 ilk g\u00fcnden bu yana ba\u015far\u0131l\u0131 performanslar sergileyen yar\u0131\u015fmac\u0131lar, Onur, Kerem, Eda ve Semih d\u00f6rtl\u00fcs\u00fcnden biri ad\u0131n\u0131 ilk finalist olarak yazd\u0131rmay\u0131 ba\u015fard\u0131. Ge\u00e7ti\u011fimiz ak\u015fam MasterChef\u2019te Semih, Onur, Kerem ve Eda aras\u0131nda k\u0131yas\u0131ya bir m\u00fccadele ya\u015fand\u0131.<\/p>\n<p><img loading=\"lazy\" decoding=\"async\" class=\"alignnone wp-image-119718\" src=\"https:\/\/www.tgrthaber.com\/mavikadin\/wp-content\/uploads\/MasterChef-buyuk-final-5-1024x576.jpg\" alt=\"Masterchef ikinci finalist kim oldu? \" width=\"1208\" height=\"680\" title=\"\" srcset=\"https:\/\/www.tgrthaber.com\/mavikadin\/wp-content\/uploads\/MasterChef-buyuk-final-5-1024x576.jpg 1024w, https:\/\/www.tgrthaber.com\/mavikadin\/wp-content\/uploads\/MasterChef-buyuk-final-5-300x169.jpg 300w, https:\/\/www.tgrthaber.com\/mavikadin\/wp-content\/uploads\/MasterChef-buyuk-final-5-768x432.jpg 768w, https:\/\/www.tgrthaber.com\/mavikadin\/wp-content\/uploads\/MasterChef-buyuk-final-5-1536x864.jpg 1536w, https:\/\/www.tgrthaber.com\/mavikadin\/wp-content\/uploads\/MasterChef-buyuk-final-5.jpg 1600w\" sizes=\"(max-width: 1208px) 100vw, 1208px\" \/><\/p>\n<hr \/>\n<p>K\u0131yas\u0131ya m\u00fccadele eden yar\u0131\u015fmac\u0131lardan Onur ve Kerem \u015feflerin verdi\u011fi puanlar sonras\u0131nda finalist se\u00e7ilmeye aday g\u00f6sterilen iki isim oldu. Gecenin sonunda \u015feflerden en \u00e7ok puan\u0131 alan Onur, MasterChef&#8217;in ilk finalist aday\u0131 olmay\u0131 ba\u015fard\u0131. Onur \u015feflerden 85 puan al\u0131rken, Kerem ise 83 puan ald\u0131.<\/p>\n<h3>MASTERCHEF \u0130LK TURDA KAZANAN HANG\u0130 \u0130S\u0130M OLMU\u015eTU?<\/h3>\n<p>MasterChef\u2019te ge\u00e7ti\u011fimiz ak\u015fam yar\u0131 final heyecan\u0131 ya\u015fand\u0131. Finale \u00e7ok az bir zaman kala yar\u0131\u015fmac\u0131lar\u0131n heyecanlar\u0131 art\u0131\u015f g\u00f6sterirken kimlerin finalist olaca\u011f\u0131 da merak edildi. 3 turda ger\u00e7ekle\u015fen yar\u0131 finalde ilk finalist Onur oldu MasterChef 2024\u2019\u00fcn 4 finalisti Semih, Onur, Kerem ve Eda olmu\u015ftu.<\/p>\n<p><img loading=\"lazy\" decoding=\"async\" class=\"alignnone wp-image-119719\" src=\"https:\/\/www.tgrthaber.com\/mavikadin\/wp-content\/uploads\/MasterChef-buyuk-final-2-1024x576.jpg\" alt=\"Masterchef ikinci finalist kim oldu? \" width=\"1208\" height=\"680\" title=\"\" srcset=\"https:\/\/www.tgrthaber.com\/mavikadin\/wp-content\/uploads\/MasterChef-buyuk-final-2-1024x576.jpg 1024w, https:\/\/www.tgrthaber.com\/mavikadin\/wp-content\/uploads\/MasterChef-buyuk-final-2-300x169.jpg 300w, https:\/\/www.tgrthaber.com\/mavikadin\/wp-content\/uploads\/MasterChef-buyuk-final-2-768x432.jpg 768w, https:\/\/www.tgrthaber.com\/mavikadin\/wp-content\/uploads\/MasterChef-buyuk-final-2-1536x864.jpg 1536w, https:\/\/www.tgrthaber.com\/mavikadin\/wp-content\/uploads\/MasterChef-buyuk-final-2.jpg 1600w\" sizes=\"(max-width: 1208px) 100vw, 1208px\" \/><\/p>\n<hr \/>\n<p>\u015eefler ge\u00e7ti\u011fimiz ak\u015fam yar\u0131 finale kalan yar\u0131\u015fmac\u0131lardan et restoran\u0131 konseptinde ilk olarak so\u011fuk ba\u015flang\u0131\u00e7 taba\u011f\u0131 haz\u0131rlamalar\u0131n\u0131 istedi. Yar\u0131\u015fmac\u0131lar\u0131n haz\u0131rlayacaklar\u0131 ba\u015flang\u0131\u00e7 taba\u011f\u0131 i\u00e7in 30 dakika s\u00fcre tan\u0131nd\u0131 ve s\u00fcrenin sonunda \u015fefler yar\u0131\u015fmac\u0131lar\u0131n yemeklerini de\u011ferlendirdi. \u015eeflerin verdikleri puanlamalar sonunda da ilk etaptan Kerem 22,5 puan, Onur 22,5 puan, Semih 20 puan Eda 8,5 puan ald\u0131. \u0130lk etab\u0131n birincisi Kerem ve Onur oldu.<\/p>\n<h3>MASTERCHEF 2. TURDA KAZANAN HANG\u0130 \u0130S\u0130M OLMU\u015eTU?<\/h3>\n<p>B\u00fcy\u00fck bir ilgiyle takip edilen MasterChef\u2019in 2. turunda \u015fefler yar\u0131\u015fmac\u0131lardan et restoran\u0131 konseptinde s\u0131cak ba\u015flang\u0131\u00e7 veya ara s\u0131cak haz\u0131rlamalar\u0131n\u0131 istedi. Bu turda yine yar\u0131\u015fmac\u0131lara 30 dakikal\u0131k bir s\u00fcre tan\u0131nd\u0131.<\/p>\n<p><img loading=\"lazy\" decoding=\"async\" class=\"alignnone wp-image-119720\" src=\"https:\/\/www.tgrthaber.com\/mavikadin\/wp-content\/uploads\/MasterChef-buyuk-final-6-1024x576.jpg\" alt=\"Masterchef ikinci finalist kim oldu? \" width=\"1208\" height=\"680\" title=\"\" srcset=\"https:\/\/www.tgrthaber.com\/mavikadin\/wp-content\/uploads\/MasterChef-buyuk-final-6-1024x576.jpg 1024w, https:\/\/www.tgrthaber.com\/mavikadin\/wp-content\/uploads\/MasterChef-buyuk-final-6-300x169.jpg 300w, https:\/\/www.tgrthaber.com\/mavikadin\/wp-content\/uploads\/MasterChef-buyuk-final-6-768x432.jpg 768w, https:\/\/www.tgrthaber.com\/mavikadin\/wp-content\/uploads\/MasterChef-buyuk-final-6-1536x864.jpg 1536w, https:\/\/www.tgrthaber.com\/mavikadin\/wp-content\/uploads\/MasterChef-buyuk-final-6.jpg 1600w\" sizes=\"(max-width: 1208px) 100vw, 1208px\" \/><\/p>\n<hr \/>\n<p>S\u00fcre sonunda \u015fefler yeniden yar\u0131\u015fmac\u0131lar\u0131n yemeklerini de\u011ferlendirdi. Ara s\u0131cak men\u00fcs\u00fcnde Kerem 41,5 puan, Onur 43 puan, Semih 42,5 puan, Eda 23,5 puan ald\u0131. B\u00f6ylelikle ikinci etapta birinci Onur oldu.<\/p>\n<h3>MASTERCHEF 3. TURDA KAZANAN HANG\u0130 \u0130S\u0130M OLMU\u015eTU?<\/h3>\n<p>Masterchef 3. turda ise yar\u0131\u015fmac\u0131lar ana yemek haz\u0131rlamak i\u00e7in m\u00fccadele etti. Et restoran\u0131 konseptinde ana yemek yapmalar\u0131 i\u00e7in \u015fefler bu sefer yar\u0131\u015fmac\u0131lara 45 dakikal\u0131k bir s\u00fcre tan\u0131d\u0131.<\/p>\n<p><img loading=\"lazy\" decoding=\"async\" class=\"alignnone wp-image-119721\" src=\"https:\/\/www.tgrthaber.com\/mavikadin\/wp-content\/uploads\/MasterChef-buyuk-final-9-1024x576.jpg\" alt=\"Masterchef ikinci finalist kim oldu? \" width=\"1208\" height=\"680\" title=\"\" srcset=\"https:\/\/www.tgrthaber.com\/mavikadin\/wp-content\/uploads\/MasterChef-buyuk-final-9-1024x576.jpg 1024w, https:\/\/www.tgrthaber.com\/mavikadin\/wp-content\/uploads\/MasterChef-buyuk-final-9-300x169.jpg 300w, https:\/\/www.tgrthaber.com\/mavikadin\/wp-content\/uploads\/MasterChef-buyuk-final-9-768x432.jpg 768w, https:\/\/www.tgrthaber.com\/mavikadin\/wp-content\/uploads\/MasterChef-buyuk-final-9-1536x864.jpg 1536w, https:\/\/www.tgrthaber.com\/mavikadin\/wp-content\/uploads\/MasterChef-buyuk-final-9.jpg 1600w\" sizes=\"(max-width: 1208px) 100vw, 1208px\" \/><\/p>\n<hr \/>\n<p>S\u00fcrenin sona ermesinin ard\u0131ndan Eda 58,5 puan, Semih 74,5 puan, Kerem 83 puan, Onur 85 puan ald\u0131. B\u00f6ylelikle MasterChef\u2019te ilk finalist Onur oldu.<\/p>\n","protected":false},"excerpt":{"rendered":"<p>TV8 ekranlar\u0131n\u0131n en \u00e7ok izlenen yar\u0131\u015fmalar\u0131ndan MasterChef final heyecan\u0131 t\u00fcm h\u0131z\u0131yla devam ediyor. MasterChef yar\u0131\u015fmas\u0131nda ikinci finalistin kim oldu\u011fu da merak ediliyor. Peki, Masterchef ikinci finalist kim oldu? MasterChef\u2019e kim veda etti, kimler \u015fampiyon aday\u0131 oldu? \u0130\u015fte detaylar\u2026 <\/p>\n","protected":false},"author":26,"featured_media":119722,"comment_status":"closed","ping_status":"closed","sticky":false,"template":"","format":"standard","meta":{"rank_math_lock_modified_date":false,"footnotes":""},"categories":[101],"tags":[1120,6501,6212,6213],"class_list":["post-119712","post","type-post","status-publish","format-standard","has-post-thumbnail","hentry","category-kesfet","tag-masterchef","tag-masterchef-2024","tag-masterchef-2024-sampiyonu","tag-masterchef-2024-sampiyonu-kim"],"_links":{"self":[{"href":"https:\/\/www.tgrthaber.com\/mavikadin\/wp-json\/wp\/v2\/posts\/119712"}],"collection":[{"href":"https:\/\/www.tgrthaber.com\/mavikadin\/wp-json\/wp\/v2\/posts"}],"about":[{"href":"https:\/\/www.tgrthaber.com\/mavikadin\/wp-json\/wp\/v2\/types\/post"}],"author":[{"embeddable":true,"href":"https:\/\/www.tgrthaber.com\/mavikadin\/wp-json\/wp\/v2\/users\/26"}],"replies":[{"embeddable":true,"href":"https:\/\/www.tgrthaber.com\/mavikadin\/wp-json\/wp\/v2\/comments?post=119712"}],"version-history":[{"count":6,"href":"https:\/\/www.tgrthaber.com\/mavikadin\/wp-json\/wp\/v2\/posts\/119712\/revisions"}],"predecessor-version":[{"id":119829,"href":"https:\/\/www.tgrthaber.com\/mavikadin\/wp-json\/wp\/v2\/posts\/119712\/revisions\/119829"}],"wp:featuredmedia":[{"embeddable":true,"href":"https:\/\/www.tgrthaber.com\/mavikadin\/wp-json\/wp\/v2\/media\/119722"}],"wp:attachment":[{"href":"https:\/\/www.tgrthaber.com\/mavikadin\/wp-json\/wp\/v2\/media?parent=119712"}],"wp:term":[{"taxonomy":"category","embeddable":true,"href":"https:\/\/www.tgrthaber.com\/mavikadin\/wp-json\/wp\/v2\/categories?post=119712"},{"taxonomy":"post_tag","embeddable":true,"href":"https:\/\/www.tgrthaber.com\/mavikadin\/wp-json\/wp\/v2\/tags?post=119712"}],"curies":[{"name":"wp","href":"https:\/\/api.w.org\/{rel}","templated":true}]}}