{"id":119713,"date":"2025-01-10T20:54:26","date_gmt":"2025-01-10T17:54:26","guid":{"rendered":"https:\/\/www.tgrthaber.com\/mavikadin\/?p=119713"},"modified":"2025-01-10T20:54:26","modified_gmt":"2025-01-10T17:54:26","slug":"bade-iscil-12-yillik-yirtilan-ayakkabisini-paylasti","status":"publish","type":"post","link":"https:\/\/www.tgrthaber.com\/mavikadin\/bade-iscil-12-yillik-yirtilan-ayakkabisini-paylasti\/","title":{"rendered":"Bade \u0130\u015f\u00e7il 12 y\u0131ll\u0131k y\u0131rt\u0131lan ayakkab\u0131s\u0131n\u0131 payla\u015ft\u0131!"},"content":{"rendered":"<p>Bade \u0130\u015f\u00e7il, uzun s\u00fcredir televizyon projelerinde yer alm\u0131yor. Y\u00fcr\u00fcy\u00fc\u015f yaparken kameralara yans\u0131yan oyuncu, ayakkab\u0131lar\u0131n\u0131n par\u00e7aland\u0131\u011f\u0131 anlar\u0131 payla\u015ft\u0131 ve ayakkab\u0131s\u0131n\u0131 yapt\u0131r\u0131p yeniden giyece\u011fini a\u00e7\u0131klad\u0131.<\/p>\n<h3>BADE \u0130\u015e\u00c7\u0130L 12 YILLIK YIRTILAN AYAKKABISINI PAYLA\u015eTI<\/h3>\n<p>Spor tutkusuyla bilinen Bade \u0130\u015f\u00e7il, \u0130stanbul sokaklar\u0131nda y\u00fcr\u00fcd\u00fc\u011f\u00fc anlarda ayakkab\u0131s\u0131n\u0131n y\u0131rt\u0131ld\u0131\u011f\u0131n\u0131 fark etti. Eline telefonu al\u0131p video \u00e7eken \u0130\u015f\u00e7il, ayakkab\u0131s\u0131n\u0131 tamir ettirerek yeniden giyece\u011fini a\u00e7\u0131klad\u0131. Sosyal medya kullan\u0131c\u0131lar\u0131 \u00fcnl\u00fc oyuncunun bu hareketini takdir etti.\u00a0 Daha \u00f6nce de Bebek&#8217;te y\u00fcr\u00fcy\u00fc\u015f yaparken g\u00f6r\u00fcnt\u00fclenen \u0130\u015f\u00e7il, \u201cUzun zamand\u0131r i\u015f hayat\u0131nda de\u011filim. Bu nedenle d\u00fczenli bir i\u015fim olmad\u0131\u011f\u0131 i\u00e7in tatile \u00e7ok fazla gereksinim duymad\u0131m. A\u015f\u0131r\u0131 harcamalar yapmam, fazla l\u00fckse y\u00f6nelmem. Dolab\u0131mda bir\u00e7ok k\u0131yafet mevcut ve h\u00e2l\u00e2 kullan\u0131yorum. Elimdekiyle yetinmeyi tercih ediyorum,\u201d ifadelerini kullanm\u0131\u015ft\u0131.<\/p>\n<div style=\"width: 640px;\" class=\"wp-video\"><!--[if lt IE 9]><script>document.createElement('video');<\/script><![endif]-->\n<video class=\"wp-video-shortcode\" id=\"video-119713-1\" width=\"640\" height=\"1138\" preload=\"metadata\" controls=\"controls\"><source type=\"video\/mp4\" src=\"https:\/\/www.tgrthaber.com\/mavikadin\/wp-content\/uploads\/bade.mp4?_=1\" \/><a href=\"https:\/\/www.tgrthaber.com\/mavikadin\/wp-content\/uploads\/bade.mp4\">https:\/\/www.tgrthaber.com\/mavikadin\/wp-content\/uploads\/bade.mp4<\/a><\/video><\/div>\n<hr \/>\n<h3>&#8220;BAYA\u011eIDIR \u00c7ALI\u015eMIYORUM&#8221;<\/h3>\n<p>Ge\u00e7mi\u015f yaz d\u00f6nemi ve gereksiz harcamalardan bahseden Bade \u0130\u015f\u00e7il, \u201cUzun zamand\u0131r \u00e7al\u0131\u015fm\u0131yorum. Bu nedenle s\u00fcrekli bir i\u015fim olmad\u0131\u011f\u0131 i\u00e7in tatile \u00e7ok gerek duymad\u0131m \u00e7\u00fcnk\u00fc y\u0131pranmad\u0131m. A\u015f\u0131r\u0131 masraflar da yapmam. \u00d6zellikle \u00e7ocuktan sonra asla gereksiz harcama yapmam. Ayakkab\u0131 gibi \u015feyler al\u0131r\u0131m ama a\u015f\u0131r\u0131ya ka\u00e7mam,\u201d diye konu\u015ftu.<\/p>\n<p><img loading=\"lazy\" decoding=\"async\" class=\"alignnone size-full wp-image-119729\" src=\"https:\/\/www.tgrthaber.com\/mavikadin\/wp-content\/uploads\/fvdww.jpg\" alt=\"\" width=\"1280\" height=\"680\" title=\"\" srcset=\"https:\/\/www.tgrthaber.com\/mavikadin\/wp-content\/uploads\/fvdww.jpg 1280w, https:\/\/www.tgrthaber.com\/mavikadin\/wp-content\/uploads\/fvdww-300x159.jpg 300w, https:\/\/www.tgrthaber.com\/mavikadin\/wp-content\/uploads\/fvdww-1024x544.jpg 1024w, https:\/\/www.tgrthaber.com\/mavikadin\/wp-content\/uploads\/fvdww-768x408.jpg 768w\" sizes=\"(max-width: 1280px) 100vw, 1280px\" \/><\/p>\n<h3>&#8220;KA\u00c7 YILDIR AYNI BOTU G\u0130Y\u0130YORUM&#8221;<\/h3>\n<p>41 ya\u015f\u0131ndaki oyuncu ayr\u0131ca, \u201cDolab\u0131mda h\u00e2l\u00e2 bir\u00e7ok k\u0131yafet mevcut, \u015fu s\u0131ralar onlarla ge\u00e7inip gidiyorum. \u00c7ocu\u011fumun ihtiya\u00e7lar\u0131n\u0131 kar\u015f\u0131lamak, onun gelece\u011fini planlamak istiyorum, bu y\u00fczden yat\u0131r\u0131mlar\u0131m\u0131 ona yap\u0131yorum. Mesela y\u0131llard\u0131r ayn\u0131 \u00e7izmeyi kullan\u0131yorum. G\u00fcvendi\u011fim ve tan\u0131d\u0131\u011f\u0131m yerlere de bazen e\u015fyalar\u0131m\u0131 g\u00f6ndererek payla\u015f\u0131mlarda bulunuyorum,\u201d dedi.<\/p>\n<h3>&#8220;BUNLAR \u00c7OK Y\u00dcKSEK RAKAMLAR&#8221;<\/h3>\n<p>Di\u011fer yandan, son zamanlarda g\u00fcndeme gelen b\u00fcy\u00fck b\u00fct\u00e7eli projelerle ilgili g\u00f6r\u00fc\u015flerini payla\u015fan Bade \u0130\u015f\u00e7il, \u201cHangi proje o? \u00d6\u011frenelim de biz de dahil olal\u0131m. Bir yap\u0131mc\u0131y\u0131 arasam m\u0131? Bu konular\u0131 ona sormak gerekiyor. Yurt d\u0131\u015f\u0131yla ba\u011flant\u0131l\u0131 i\u015fler olunca galiba biraz daha y\u00fcksek \u00f6demeler yap\u0131l\u0131yor. Bunlar ger\u00e7ekten b\u00fcy\u00fck mebla\u011flar,\u201d ifadelerini kulland\u0131.<\/p>\n","protected":false},"excerpt":{"rendered":"<p>\u00dcnl\u00fc oyuncu Bade \u0130\u015f\u00e7il, daha \u00f6nce k\u0131yafetleri uzun s\u00fcre giymesiyle ilgili samimi a\u00e7\u0131klamalarda bulunmu\u015ftu. \u0130\u015f\u00e7il, \u015fimdi de y\u0131rt\u0131lan ayakkab\u0131s\u0131n\u0131 payla\u015farak tamir edip yeniden giyece\u011fini a\u00e7\u0131klad\u0131.<\/p>\n","protected":false},"author":2,"featured_media":119730,"comment_status":"closed","ping_status":"closed","sticky":false,"template":"","format":"standard","meta":{"rank_math_lock_modified_date":false,"footnotes":""},"categories":[76],"tags":[7653,133,2218],"class_list":["post-119713","post","type-post","status-publish","format-standard","has-post-thumbnail","hentry","category-magazin","tag-bade-iscil","tag-magazin","tag-magazin-haberleri"],"_links":{"self":[{"href":"https:\/\/www.tgrthaber.com\/mavikadin\/wp-json\/wp\/v2\/posts\/119713"}],"collection":[{"href":"https:\/\/www.tgrthaber.com\/mavikadin\/wp-json\/wp\/v2\/posts"}],"about":[{"href":"https:\/\/www.tgrthaber.com\/mavikadin\/wp-json\/wp\/v2\/types\/post"}],"author":[{"embeddable":true,"href":"https:\/\/www.tgrthaber.com\/mavikadin\/wp-json\/wp\/v2\/users\/2"}],"replies":[{"embeddable":true,"href":"https:\/\/www.tgrthaber.com\/mavikadin\/wp-json\/wp\/v2\/comments?post=119713"}],"version-history":[{"count":2,"href":"https:\/\/www.tgrthaber.com\/mavikadin\/wp-json\/wp\/v2\/posts\/119713\/revisions"}],"predecessor-version":[{"id":119732,"href":"https:\/\/www.tgrthaber.com\/mavikadin\/wp-json\/wp\/v2\/posts\/119713\/revisions\/119732"}],"wp:featuredmedia":[{"embeddable":true,"href":"https:\/\/www.tgrthaber.com\/mavikadin\/wp-json\/wp\/v2\/media\/119730"}],"wp:attachment":[{"href":"https:\/\/www.tgrthaber.com\/mavikadin\/wp-json\/wp\/v2\/media?parent=119713"}],"wp:term":[{"taxonomy":"category","embeddable":true,"href":"https:\/\/www.tgrthaber.com\/mavikadin\/wp-json\/wp\/v2\/categories?post=119713"},{"taxonomy":"post_tag","embeddable":true,"href":"https:\/\/www.tgrthaber.com\/mavikadin\/wp-json\/wp\/v2\/tags?post=119713"}],"curies":[{"name":"wp","href":"https:\/\/api.w.org\/{rel}","templated":true}]}}