{"id":119880,"date":"2025-01-11T11:16:41","date_gmt":"2025-01-11T08:16:41","guid":{"rendered":"https:\/\/www.tgrthaber.com\/mavikadin\/?p=119880"},"modified":"2025-01-12T01:01:31","modified_gmt":"2025-01-11T22:01:31","slug":"masterchef-turkiye-sampiyonu-belli-oldu","status":"publish","type":"post","link":"https:\/\/www.tgrthaber.com\/mavikadin\/masterchef-turkiye-sampiyonu-belli-oldu\/","title":{"rendered":"MasterChef T\u00fcrkiye \u015fampiyonu belli oldu!"},"content":{"rendered":"<p class=\"p1\">MasterChef T\u00fcrkiye\u2019de aylard\u0131r s\u00fcren zorlu m\u00fccadele, heyecan dolu anlar ve unutulmaz tabaklar\u0131n ard\u0131ndan b\u00fcy\u00fck final sonunda geldi. . Yar\u0131\u015fmada finale kalan son isimlerin belirlenmesi i\u00e7in nefes kesen m\u00fccadeleler ger\u00e7ekle\u015ftirildi ve ikinci finalist de netle\u015fti. J\u00fcri \u00fcyelerinin \u00f6vg\u00fclerine lay\u0131k olan \u00f6zg\u00fcn sunumlar, yar\u0131\u015fmac\u0131lar\u0131n kazanma azmiyle birle\u015fince izleyiciler i\u00e7in unutulmaz anlar ortaya \u00e7\u0131kt\u0131. Peki, MasterChef T\u00fcrkiye\u2019nin b\u00fcy\u00fck finali ne zaman ve saat ka\u00e7ta? \u015eampiyonun kim olaca\u011f\u0131na dair sorular ve tahminler havada u\u00e7u\u015furken, finalin tarihi ve saati, milyonlarca izleyicinin sab\u0131rs\u0131zl\u0131kla bekledi\u011fi detaylar aras\u0131nda yer al\u0131yor. B\u00fcy\u00fck gecede, iki finalist son kez mutfakta kozlar\u0131n\u0131 payla\u015facak ve j\u00fcri \u00fcyelerinin yan\u0131 s\u0131ra izleyiciler de bu nefes kesen yar\u0131\u015f\u0131n bir par\u00e7as\u0131 olacak. MasterChef T\u00fcrkiye\u2019nin finalinde \u015fampiyon kim oldu? \u0130\u015fte MasterChef T\u00fcrkiye finaline dair t\u00fcm merak edilenler&#8230;<\/p>\n<h3>MASTERCHEF T\u00dcRK\u0130YE \u015eAMP\u0130YONU BELL\u0130 OLDU<\/h3>\n<p>TV8\u2019in ilgiyle takip edilen yar\u0131\u015fma program\u0131 MasterChef T\u00fcrkiye, b\u00fcy\u00fck final heyecan\u0131 sona erdi. Haftalar s\u00fcren zorlu m\u00fccadeleler, \u00f6zg\u00fcn tabaklar ve unutulmaz anlarla dolu bir sezonun ard\u0131ndan, \u015fampiyonluk kupas\u0131 i\u00e7in yar\u0131\u015facak iki finalist belli oldu. Canl\u0131 yay\u0131nlanan MasterChef finalinde, T\u00fcrkiye\u2019nin yeni \u015fampiyonu t\u00fcm izleyicilerin huzurunda a\u00e7\u0131kland\u0131. Peki, MasterChef T\u00fcrkiye&#8217;de \u015fampiyon kim oldu?<\/p>\n<p><img loading=\"lazy\" decoding=\"async\" class=\"alignnone wp-image-119884 size-full\" src=\"https:\/\/www.tgrthaber.com\/mavikadin\/wp-content\/uploads\/MasterChef-Turkiye-sampiyonu-belli-oluyor-MasterChef-final-ne-zaman-finale-kimler-kaldi-.png\" alt=\"\" width=\"1208\" height=\"720\" title=\"\" srcset=\"https:\/\/www.tgrthaber.com\/mavikadin\/wp-content\/uploads\/MasterChef-Turkiye-sampiyonu-belli-oluyor-MasterChef-final-ne-zaman-finale-kimler-kaldi-.png 1208w, https:\/\/www.tgrthaber.com\/mavikadin\/wp-content\/uploads\/MasterChef-Turkiye-sampiyonu-belli-oluyor-MasterChef-final-ne-zaman-finale-kimler-kaldi--300x179.png 300w, https:\/\/www.tgrthaber.com\/mavikadin\/wp-content\/uploads\/MasterChef-Turkiye-sampiyonu-belli-oluyor-MasterChef-final-ne-zaman-finale-kimler-kaldi--1024x610.png 1024w, https:\/\/www.tgrthaber.com\/mavikadin\/wp-content\/uploads\/MasterChef-Turkiye-sampiyonu-belli-oluyor-MasterChef-final-ne-zaman-finale-kimler-kaldi--768x458.png 768w\" sizes=\"(max-width: 1208px) 100vw, 1208px\" \/><\/p>\n<hr \/>\n<h3 class=\"p1\">MASTERCHEF T\u00dcRK\u0130YE F\u0130NAL\u0130STLER\u0130 K\u0130MLER OLDU?<\/h3>\n<p class=\"p1\">Finalistlerden ilki, sezon boyunca istikrarl\u0131 performans\u0131 ve \u00f6zg\u00fcn tabaklar\u0131yla dikkat \u00e7eken Onur \u00dcresin oldu. Onur, her turda g\u00f6sterdi\u011fi ba\u015far\u0131yla \u015fampiyonluk yolunda g\u00fc\u00e7l\u00fc bir aday olarak \u00f6ne \u00e7\u0131kt\u0131. Son finalist ise nefes kesen bir eleme turunun ard\u0131ndan belli oldu.<\/p>\n<p><img loading=\"lazy\" decoding=\"async\" class=\"alignnone wp-image-119885 size-full\" src=\"https:\/\/www.tgrthaber.com\/mavikadin\/wp-content\/uploads\/MasterChef-Turkiye-sampiyonu-belli-oluyor-MasterChef-final-ne-zaman-finale-kimler-kaldi-1-1.png\" alt=\"\" width=\"1208\" height=\"720\" title=\"\" srcset=\"https:\/\/www.tgrthaber.com\/mavikadin\/wp-content\/uploads\/MasterChef-Turkiye-sampiyonu-belli-oluyor-MasterChef-final-ne-zaman-finale-kimler-kaldi-1-1.png 1208w, https:\/\/www.tgrthaber.com\/mavikadin\/wp-content\/uploads\/MasterChef-Turkiye-sampiyonu-belli-oluyor-MasterChef-final-ne-zaman-finale-kimler-kaldi-1-1-300x179.png 300w, https:\/\/www.tgrthaber.com\/mavikadin\/wp-content\/uploads\/MasterChef-Turkiye-sampiyonu-belli-oluyor-MasterChef-final-ne-zaman-finale-kimler-kaldi-1-1-1024x610.png 1024w, https:\/\/www.tgrthaber.com\/mavikadin\/wp-content\/uploads\/MasterChef-Turkiye-sampiyonu-belli-oluyor-MasterChef-final-ne-zaman-finale-kimler-kaldi-1-1-768x458.png 768w\" sizes=\"(max-width: 1208px) 100vw, 1208px\" \/><\/p>\n<hr \/>\n<p class=\"p1\">Semih, Kerem ve Eda aras\u0131nda ya\u015fanan k\u0131yas\u0131ya m\u00fccadelede, rakiplerini geride b\u0131rakarak en y\u00fcksek puan\u0131 alan Kerem ikinci finalist olmay\u0131 ba\u015fard\u0131. Onur ve Kerem\u2019in kar\u015f\u0131 kar\u015f\u0131ya gelece\u011fi b\u00fcy\u00fck finalde, kazanan yaln\u0131zca \u015fampiyonluk unvan\u0131n\u0131 de\u011fil, ayn\u0131 zamanda milyonlar\u0131n sevgisini kazanacak. Canl\u0131 yay\u0131nla izleyicilerle bulu\u015facak bu unutulmaz gece, heyecan dolu anlara sahne olacak. MasterChef T\u00fcrkiye&#8217;nin \u015fampiyonu kim oldu? Merakla beklenen bu sorunun cevab\u0131 bu ak\u015fam belli oldu.<\/p>\n<p><img loading=\"lazy\" decoding=\"async\" class=\"alignnone wp-image-119887 size-full\" src=\"https:\/\/www.tgrthaber.com\/mavikadin\/wp-content\/uploads\/MasterChef-Turkiye-sampiyonu-belli-oluyor-MasterChef-final-ne-zaman-finale-kimler-kaldi-1-2.png\" alt=\"\" width=\"1208\" height=\"720\" title=\"\" srcset=\"https:\/\/www.tgrthaber.com\/mavikadin\/wp-content\/uploads\/MasterChef-Turkiye-sampiyonu-belli-oluyor-MasterChef-final-ne-zaman-finale-kimler-kaldi-1-2.png 1208w, https:\/\/www.tgrthaber.com\/mavikadin\/wp-content\/uploads\/MasterChef-Turkiye-sampiyonu-belli-oluyor-MasterChef-final-ne-zaman-finale-kimler-kaldi-1-2-300x179.png 300w, https:\/\/www.tgrthaber.com\/mavikadin\/wp-content\/uploads\/MasterChef-Turkiye-sampiyonu-belli-oluyor-MasterChef-final-ne-zaman-finale-kimler-kaldi-1-2-1024x610.png 1024w, https:\/\/www.tgrthaber.com\/mavikadin\/wp-content\/uploads\/MasterChef-Turkiye-sampiyonu-belli-oluyor-MasterChef-final-ne-zaman-finale-kimler-kaldi-1-2-768x458.png 768w\" sizes=\"(max-width: 1208px) 100vw, 1208px\" \/><\/p>\n<hr \/>\n<h3>MASTERCHEF T\u00dcRK\u0130YE \u015eAMP\u0130YONU K\u0130M OLDU?<\/h3>\n<p class=\"p1\">MasterChef T\u00fcrkiye b\u00fcy\u00fck finali 11 Ocak Cumartesi TV8 ekran\u0131nda saat 20:00&#8217;de yay\u0131nland\u0131. Gecenin sonunda \u015fampiyon olan isim Onur oldu.<\/p>\n","protected":false},"excerpt":{"rendered":"<p>Aylard\u0131r s\u00fcren zorlu m\u00fccadelelerin, unutulmaz tabaklar\u0131n ve heyecan dolu anlar\u0131n ard\u0131ndan MasterChef T\u00fcrkiye\u2019de b\u00fcy\u00fck final vakti geldi. Son iki finalist, nefes kesen yar\u0131\u015fmalar sonucunda belirlendi ve \u015fampiyonluk i\u00e7in kozlar\u0131n\u0131 payla\u015fmaya haz\u0131rlan\u0131yor. Peki MasterChef T\u00fcrkiye finali ne zaman? MasterChef T\u00fcrkiye finalistleri kimler oldu? \u0130\u015fte t\u00fcm detaylar\u2026 <\/p>\n","protected":false},"author":16,"featured_media":119891,"comment_status":"closed","ping_status":"closed","sticky":false,"template":"","format":"standard","meta":{"rank_math_lock_modified_date":false,"footnotes":""},"categories":[101],"tags":[7675,7672,7674,7673],"class_list":["post-119880","post","type-post","status-publish","format-standard","has-post-thumbnail","hentry","category-kesfet","tag-masterchef-sampiyonu-kim","tag-masterchef-turkiye-final","tag-masterchef-turkiye-final-tarihi","tag-masterchef-turkiye-finalistler-kim"],"_links":{"self":[{"href":"https:\/\/www.tgrthaber.com\/mavikadin\/wp-json\/wp\/v2\/posts\/119880"}],"collection":[{"href":"https:\/\/www.tgrthaber.com\/mavikadin\/wp-json\/wp\/v2\/posts"}],"about":[{"href":"https:\/\/www.tgrthaber.com\/mavikadin\/wp-json\/wp\/v2\/types\/post"}],"author":[{"embeddable":true,"href":"https:\/\/www.tgrthaber.com\/mavikadin\/wp-json\/wp\/v2\/users\/16"}],"replies":[{"embeddable":true,"href":"https:\/\/www.tgrthaber.com\/mavikadin\/wp-json\/wp\/v2\/comments?post=119880"}],"version-history":[{"count":4,"href":"https:\/\/www.tgrthaber.com\/mavikadin\/wp-json\/wp\/v2\/posts\/119880\/revisions"}],"predecessor-version":[{"id":120224,"href":"https:\/\/www.tgrthaber.com\/mavikadin\/wp-json\/wp\/v2\/posts\/119880\/revisions\/120224"}],"wp:featuredmedia":[{"embeddable":true,"href":"https:\/\/www.tgrthaber.com\/mavikadin\/wp-json\/wp\/v2\/media\/119891"}],"wp:attachment":[{"href":"https:\/\/www.tgrthaber.com\/mavikadin\/wp-json\/wp\/v2\/media?parent=119880"}],"wp:term":[{"taxonomy":"category","embeddable":true,"href":"https:\/\/www.tgrthaber.com\/mavikadin\/wp-json\/wp\/v2\/categories?post=119880"},{"taxonomy":"post_tag","embeddable":true,"href":"https:\/\/www.tgrthaber.com\/mavikadin\/wp-json\/wp\/v2\/tags?post=119880"}],"curies":[{"name":"wp","href":"https:\/\/api.w.org\/{rel}","templated":true}]}}