{"id":119913,"date":"2025-01-11T12:14:02","date_gmt":"2025-01-11T09:14:02","guid":{"rendered":"https:\/\/www.tgrthaber.com\/mavikadin\/?p=119913"},"modified":"2025-01-11T12:14:02","modified_gmt":"2025-01-11T09:14:02","slug":"wednesday-yayin-tarihi-belli-oldu-mu-wednesday-2-sezon-ne-zaman-yayinlanacak","status":"publish","type":"post","link":"https:\/\/www.tgrthaber.com\/mavikadin\/wednesday-yayin-tarihi-belli-oldu-mu-wednesday-2-sezon-ne-zaman-yayinlanacak\/","title":{"rendered":"Wednesday yay\u0131n tarihi belli oldu mu? Wednesday 2. sezon ne zaman yay\u0131nlanacak?"},"content":{"rendered":"<p class=\"p2\">Netflix\u2019in k\u0131sa s\u00fcrede fenomen haline gelen ve ilk sezonuyla d\u00fcnya \u00e7ap\u0131nda milyonlarca izleyiciye ula\u015fan dizisi <i>Wednesday<\/i>, ikinci sezonuyla geri d\u00f6nmeye haz\u0131rlan\u0131yor. Gotik tarz\u0131, ilgin\u00e7 hikaye \u00f6rg\u00fcs\u00fc ve unutulmaz karakterleriyle platformun en \u00e7ok izlenen yap\u0131mlar\u0131ndan biri olan dizi, yeni sezonuyla \u015fimdiden b\u00fcy\u00fck bir heyecana neden oldu. Hayranlar\u0131n merakla bekledi\u011fi a\u00e7\u0131klama nihayet Netflix taraf\u0131ndan yap\u0131ld\u0131. \u201c<i>Wednesday 2. sezon ne zaman yay\u0131nlanacak?<\/i>\u201d sorusu uzun zamand\u0131r sosyal medyan\u0131n en \u00e7ok konu\u015fulan konular\u0131 aras\u0131ndayd\u0131. Yap\u0131lan duyuruya g\u00f6re, ikinci sezon haz\u0131rl\u0131klar\u0131 t\u00fcm h\u0131z\u0131yla s\u00fcrerken, izleyicilere hikayede daha karanl\u0131k ve gizemli bir macera vaat ediliyor.<span class=\"Apple-converted-space\">\u00a0 <\/span>\u0130\u015fte dizinin yay\u0131n tarihi, yeni sezonun detaylar\u0131 ve oyuncu kadrosu hakk\u0131nda merak edilen t\u00fcm bilgiler&#8230;<\/p>\n<h3>WEDNESDAY \u0130LK SEZONUYLA REKOR KIRMI\u015eTI<\/h3>\n<p class=\"p1\">Netflix\u2019in f\u0131rt\u0131nalar estiren dizisi <i>Wednesday<\/i>, ikinci sezonuyla izleyicilerle bulu\u015fmaya haz\u0131rlan\u0131yor! \u0130lk sezonuyla t\u00fcm d\u00fcnyada geni\u015f bir hayran kitlesi kazanan ve k\u0131sa s\u00fcrede platformun en \u00e7ok izlenen yap\u0131mlar\u0131ndan biri haline gelen dizi, ikinci sezonuyla daha karanl\u0131k bir hikaye vaat ediyor. Hayranlar\u0131n uzun s\u00fcredir bekledi\u011fi resmi a\u00e7\u0131klama nihayet Netflix taraf\u0131ndan yap\u0131ld\u0131. Pek \u00e7ok ki\u015fi, \u201c<i>Wednesday 2. sezon ne zaman yay\u0131nlanacak?<\/i>\u201d sorusunun cevab\u0131n\u0131 sab\u0131rs\u0131zl\u0131kla bekliyordu. Yap\u0131lan a\u00e7\u0131klamalara g\u00f6re, \u00e7ekim haz\u0131rl\u0131klar\u0131 h\u0131zla devam ederken, dizinin yeni sezonunda gizem dolu olaylar ve Wednesday Addams\u2019\u0131n zekas\u0131yla \u00e7\u00f6zece\u011fi yepyeni s\u0131rlar izleyicileri bekliyor.<\/p>\n<p><img loading=\"lazy\" decoding=\"async\" class=\"alignnone wp-image-119929 \" src=\"https:\/\/www.tgrthaber.com\/mavikadin\/wp-content\/uploads\/Ekran-Resmi-2025-01-11-12.08.29.png\" alt=\"\" width=\"980\" height=\"582\" title=\"\" srcset=\"https:\/\/www.tgrthaber.com\/mavikadin\/wp-content\/uploads\/Ekran-Resmi-2025-01-11-12.08.29.png 936w, https:\/\/www.tgrthaber.com\/mavikadin\/wp-content\/uploads\/Ekran-Resmi-2025-01-11-12.08.29-300x178.png 300w, https:\/\/www.tgrthaber.com\/mavikadin\/wp-content\/uploads\/Ekran-Resmi-2025-01-11-12.08.29-768x456.png 768w\" sizes=\"(max-width: 980px) 100vw, 980px\" \/><\/p>\n<hr \/>\n<h3 class=\"p1\"><b>WEDNESDAY 2. SEZON NE ZAMAN YAYINLANACAK?<\/b><\/h3>\n<p class=\"p1\">Netflix, fenomen haline gelen <i>Wednesday<\/i> dizisinin ikinci sezonuyla ilgili merakla beklenen a\u00e7\u0131klamay\u0131 yapt\u0131. Dizinin \u00e7ekimlerinin tamamland\u0131\u011f\u0131 duyurulurken, tam bir yay\u0131n tarihi hen\u00fcz a\u00e7\u0131klanmad\u0131. Hayranlar\u0131n\u0131 daha da heyecanland\u0131ran bu haber, ikinci sezonun yakla\u015ft\u0131\u011f\u0131n\u0131n sinyallerini verdi. Edinilen bilgilere g\u00f6re, <i>Wednesday<\/i> 2. sezonun 2025 y\u0131l\u0131nda Netflix platformunda izleyicilerle bulu\u015fmas\u0131 planlan\u0131yor.<\/p>\n<p><img loading=\"lazy\" decoding=\"async\" class=\"alignnone wp-image-119931 \" src=\"https:\/\/www.tgrthaber.com\/mavikadin\/wp-content\/uploads\/Ekran-Resmi-2025-01-11-12.08.36.png\" alt=\"\" width=\"978\" height=\"582\" title=\"\" srcset=\"https:\/\/www.tgrthaber.com\/mavikadin\/wp-content\/uploads\/Ekran-Resmi-2025-01-11-12.08.36.png 954w, https:\/\/www.tgrthaber.com\/mavikadin\/wp-content\/uploads\/Ekran-Resmi-2025-01-11-12.08.36-300x179.png 300w, https:\/\/www.tgrthaber.com\/mavikadin\/wp-content\/uploads\/Ekran-Resmi-2025-01-11-12.08.36-768x457.png 768w\" sizes=\"(max-width: 978px) 100vw, 978px\" \/><\/p>\n<hr \/>\n<p class=\"p1\">Kesin tarih hen\u00fcz belli olmasa da, sezonun y\u0131l\u0131n ilk yar\u0131s\u0131nda yay\u0131nlanaca\u011f\u0131 tahmin ediliyor. Bu da Wednesday Addams\u2019\u0131n maceralar\u0131na \u00f6zlem duyan izleyicilerin, \u00e7ok fazla beklemeyece\u011fi anlam\u0131na geliyor. Yeni sezonda, Wednesday\u2019in karanl\u0131k zekas\u0131 ve s\u0131ra d\u0131\u015f\u0131 olaylar\u0131n \u00e7\u00f6z\u00fcm\u00fcne dair ipu\u00e7lar\u0131, dizinin en g\u00fc\u00e7l\u00fc y\u00f6nlerinden biri olmaya devam edecek. Hayranlar, a\u00e7\u0131klanacak kesin tarihi d\u00f6rt g\u00f6zle beklerken, ikinci sezonun g\u00f6rkemli bir \u015fekilde geri d\u00f6nece\u011fine olan inan\u00e7 tam!<\/p>\n<p><img loading=\"lazy\" decoding=\"async\" class=\"alignnone wp-image-119932 \" src=\"https:\/\/www.tgrthaber.com\/mavikadin\/wp-content\/uploads\/Ekran-Resmi-2025-01-11-12.08.43.png\" alt=\"\" width=\"977\" height=\"566\" title=\"\" srcset=\"https:\/\/www.tgrthaber.com\/mavikadin\/wp-content\/uploads\/Ekran-Resmi-2025-01-11-12.08.43.png 956w, https:\/\/www.tgrthaber.com\/mavikadin\/wp-content\/uploads\/Ekran-Resmi-2025-01-11-12.08.43-300x174.png 300w, https:\/\/www.tgrthaber.com\/mavikadin\/wp-content\/uploads\/Ekran-Resmi-2025-01-11-12.08.43-768x445.png 768w\" sizes=\"(max-width: 977px) 100vw, 977px\" \/><\/p>\n<hr \/>\n<h3 class=\"p1\"><b>WEDNESDAY 2. SEZONDA \u0130ZLEYICILERI NELER BEKLIYOR?<\/b><\/h3>\n<p class=\"p1\"><i>Wednesday<\/i> dizisinin merakla beklenen ikinci sezonunda, hikaye daha da derinle\u015ferek izleyicilere yepyeni bir deneyim sunacak. Nevermore Akademisi\u2019nde gizemli olaylar\u0131n \u00e7\u00f6z\u00fclmesi ve ilk sezonda cevaplanmayan sorular\u0131n yan\u0131t bulmas\u0131, yeni sezonun ana temalar\u0131ndan biri olacak. Wednesday Addams, zekas\u0131 ve s\u0131ra d\u0131\u015f\u0131 tav\u0131rlar\u0131yla yine karanl\u0131k s\u0131rlar\u0131 ayd\u0131nlatmaya \u00e7al\u0131\u015f\u0131rken, kar\u015f\u0131s\u0131na \u00e7\u0131kacak yeni d\u00fc\u015fmanlar ve beklenmedik dostlar hikayeyi daha da zenginle\u015ftirecek.<\/p>\n<p><img loading=\"lazy\" decoding=\"async\" class=\"alignnone wp-image-119934 \" src=\"https:\/\/www.tgrthaber.com\/mavikadin\/wp-content\/uploads\/Ekran-Resmi-2025-01-11-12.10.28.png\" alt=\"\" width=\"979\" height=\"680\" title=\"\" srcset=\"https:\/\/www.tgrthaber.com\/mavikadin\/wp-content\/uploads\/Ekran-Resmi-2025-01-11-12.10.28.png 858w, https:\/\/www.tgrthaber.com\/mavikadin\/wp-content\/uploads\/Ekran-Resmi-2025-01-11-12.10.28-300x208.png 300w, https:\/\/www.tgrthaber.com\/mavikadin\/wp-content\/uploads\/Ekran-Resmi-2025-01-11-12.10.28-768x533.png 768w\" sizes=\"(max-width: 979px) 100vw, 979px\" \/><\/p>\n<hr \/>\n<p class=\"p1\">Yap\u0131m ekibinden gelen bilgilere g\u00f6re, bu sezon Wednesday\u2019in karakter geli\u015fimine daha fazla odaklan\u0131lacak. Hem duygusal hem de psikolojik derinlikleri ke\u015ffedilecek olan Wednesday, izleyicilere daha insani ve karma\u015f\u0131k bir portre sunacak. Ayr\u0131ca, dizinin senaristleri Alfred Gough ve Miles Millar\u2019\u0131n yapt\u0131\u011f\u0131 a\u00e7\u0131klamalar, hayranlar\u0131 sevindirecek bir detay\u0131 ortaya koydu: Addams Ailesi \u00fcyeleri yeni sezonda daha fazla ekran s\u00fcresi alacak. Bu durum, \u00f6zellikle Morticia Addams\u2019\u0131 (Catherine Zeta-Jones) ve Gomez Addams\u2019\u0131 (Luis Guzm\u00e1n) daha yak\u0131ndan tan\u0131ma f\u0131rsat\u0131n\u0131 beraberinde getiriyor. Aile i\u00e7indeki dinamiklerin ve ili\u015fkilerin daha fazla \u00f6n planda olaca\u011f\u0131 ikinci sezon, hayranlara sadece Wednesday\u2019in de\u011fil, t\u00fcm Addams Ailesi\u2019nin benzersiz d\u00fcnyas\u0131n\u0131 ke\u015ffetme imkan\u0131 sunacak.<\/p>\n","protected":false},"excerpt":{"rendered":"<p>Netflix\u2019in b\u00fcy\u00fck ilgi g\u00f6ren ve d\u00fcnya \u00e7ap\u0131nda milyonlarca izleyiciye ula\u015fan Wednesday dizisi, ikinci sezonuyla geri d\u00f6n\u00fcyor! Gotik havas\u0131, \u00f6zg\u00fcn hikayesi ve unutulmaz karakterleriyle h\u0131zla pop\u00fclerle\u015fen dizi, yeni sezona dair heyecan\u0131 daha da art\u0131rd\u0131. \u201cWednesday 2. sezon ne zaman yay\u0131nlanacak?\u201d sorusu, hayranlar aras\u0131nda en \u00e7ok konu\u015fulan konulardan biri. Peki Wednesday 2. sezon ne zaman? Wednesday yay\u0131n tarihi belli oldu mu? \u0130\u015fte merak edilen sorular\u0131n cevaplar\u0131\u2026 <\/p>\n","protected":false},"author":16,"featured_media":119935,"comment_status":"closed","ping_status":"closed","sticky":false,"template":"","format":"standard","meta":{"rank_math_lock_modified_date":false,"footnotes":""},"categories":[602],"tags":[7688,7686,7687],"class_list":["post-119913","post","type-post","status-publish","format-standard","has-post-thumbnail","hentry","category-diziler","tag-wednesday-2-sezon","tag-wednesday-2-sezon-tarihi","tag-wednesday-yayin-tarihi"],"_links":{"self":[{"href":"https:\/\/www.tgrthaber.com\/mavikadin\/wp-json\/wp\/v2\/posts\/119913"}],"collection":[{"href":"https:\/\/www.tgrthaber.com\/mavikadin\/wp-json\/wp\/v2\/posts"}],"about":[{"href":"https:\/\/www.tgrthaber.com\/mavikadin\/wp-json\/wp\/v2\/types\/post"}],"author":[{"embeddable":true,"href":"https:\/\/www.tgrthaber.com\/mavikadin\/wp-json\/wp\/v2\/users\/16"}],"replies":[{"embeddable":true,"href":"https:\/\/www.tgrthaber.com\/mavikadin\/wp-json\/wp\/v2\/comments?post=119913"}],"version-history":[{"count":1,"href":"https:\/\/www.tgrthaber.com\/mavikadin\/wp-json\/wp\/v2\/posts\/119913\/revisions"}],"predecessor-version":[{"id":119936,"href":"https:\/\/www.tgrthaber.com\/mavikadin\/wp-json\/wp\/v2\/posts\/119913\/revisions\/119936"}],"wp:featuredmedia":[{"embeddable":true,"href":"https:\/\/www.tgrthaber.com\/mavikadin\/wp-json\/wp\/v2\/media\/119935"}],"wp:attachment":[{"href":"https:\/\/www.tgrthaber.com\/mavikadin\/wp-json\/wp\/v2\/media?parent=119913"}],"wp:term":[{"taxonomy":"category","embeddable":true,"href":"https:\/\/www.tgrthaber.com\/mavikadin\/wp-json\/wp\/v2\/categories?post=119913"},{"taxonomy":"post_tag","embeddable":true,"href":"https:\/\/www.tgrthaber.com\/mavikadin\/wp-json\/wp\/v2\/tags?post=119913"}],"curies":[{"name":"wp","href":"https:\/\/api.w.org\/{rel}","templated":true}]}}