{"id":119937,"date":"2025-01-11T12:41:53","date_gmt":"2025-01-11T09:41:53","guid":{"rendered":"https:\/\/www.tgrthaber.com\/mavikadin\/?p=119937"},"modified":"2025-01-11T12:41:53","modified_gmt":"2025-01-11T09:41:53","slug":"ceren-benderlioglu-esref-ruya-dizisinin-kadrosuna-katildi","status":"publish","type":"post","link":"https:\/\/www.tgrthaber.com\/mavikadin\/ceren-benderlioglu-esref-ruya-dizisinin-kadrosuna-katildi\/","title":{"rendered":"Ceren Benderlio\u011flu &#8216;E\u015fref R\u00fcya&#8217; dizisinin kadrosuna kat\u0131ld\u0131!"},"content":{"rendered":"<p class=\"p1\">Kanal D ekranlar\u0131nda yay\u0131nlanacak olan ve b\u00fcy\u00fck bir heyecanla beklenen <i>E\u015fref R\u00fcya<\/i> dizisinin haz\u0131rl\u0131klar\u0131 h\u0131zla devam ediyor. Yap\u0131mc\u0131lar, iddial\u0131 projelerinde \u00f6nemli bir ad\u0131m daha atarak oyuncu kadrosuna yeni bir isim dahil ettiklerini duyurdu. Dizi, hen\u00fcz ilk b\u00f6l\u00fcmleriyle ekranlara gelmeden, g\u00fc\u00e7l\u00fc kadrosu ve heyecan verici hikayesiyle \u015fimdiden b\u00fcy\u00fck bir heyecanla bekleniyor. Dizinin g\u00fc\u00e7l\u00fc oyuncu kadrosunda yer alacak isimlerden birinin de \u00fcnl\u00fc oyuncu Ceren Benderlio\u011flu oldu\u011fu ortaya \u00e7\u0131kt\u0131.<\/p>\n<h3>CEREN BENDERL\u0130O\u011eLU &#8216;E\u015eREF R\u00dcYA&#8217; D\u0130Z\u0130S\u0130N\u0130N KADROSUNDA!<\/h3>\n<p class=\"p1\">Kanal D\u2019nin merakla beklenen dizisi <i>E\u015fref R\u00fcya<\/i>, ba\u015frollerinde \u00c7a\u011fatay Ulusoy ve Demet \u00d6zdemir\u2019i bulundururken, g\u00fc\u00e7l\u00fc oyuncu kadrosuyla da dikkat \u00e7ekiyor. B\u00fc\u015fra Develi, Necip Memilli, G\u00f6rkem Sevindik ve Deniz Hamzao\u011flu gibi \u00fcnl\u00fc isimlerin yer ald\u0131\u011f\u0131 bu yeni yap\u0131m, su\u00e7 d\u00fcnyas\u0131nda h\u00fck\u00fcm s\u00fcren E\u015fref\u2019in hikayesini izleyicilere aktaracak. Dizi, ad\u0131ndan s\u0131k\u00e7a s\u00f6z ettirecek gibi g\u00f6r\u00fcn\u00fcyor.<\/p>\n<p><img loading=\"lazy\" decoding=\"async\" class=\"alignnone wp-image-119938 size-full\" src=\"https:\/\/www.tgrthaber.com\/mavikadin\/wp-content\/uploads\/Ekran-Resmi-2025-01-11-12.35.35.png\" alt=\"\" width=\"1672\" height=\"942\" title=\"\" srcset=\"https:\/\/www.tgrthaber.com\/mavikadin\/wp-content\/uploads\/Ekran-Resmi-2025-01-11-12.35.35.png 1672w, https:\/\/www.tgrthaber.com\/mavikadin\/wp-content\/uploads\/Ekran-Resmi-2025-01-11-12.35.35-300x169.png 300w, https:\/\/www.tgrthaber.com\/mavikadin\/wp-content\/uploads\/Ekran-Resmi-2025-01-11-12.35.35-1024x577.png 1024w, https:\/\/www.tgrthaber.com\/mavikadin\/wp-content\/uploads\/Ekran-Resmi-2025-01-11-12.35.35-768x433.png 768w, https:\/\/www.tgrthaber.com\/mavikadin\/wp-content\/uploads\/Ekran-Resmi-2025-01-11-12.35.35-1536x865.png 1536w\" sizes=\"(max-width: 1672px) 100vw, 1672px\" \/><\/p>\n<hr \/>\n<p class=\"p1\">Dizinin kadrosuna yeni bir isim daha kat\u0131ld\u0131: Ba\u015far\u0131l\u0131 oyuncu Ceren Benderlio\u011flu! Benderlio\u011flu, <i>Irmak<\/i> karakterine hayat verecek. Irmak, G\u00fcrdal\u2019\u0131n otel m\u00fcd\u00fcrl\u00fc\u011f\u00fcn\u00fc yapan k\u0131z karde\u015fi olarak hikayeye dahil olacak ve bu karakterin, dizinin dinami\u011fine \u00f6nemli bir katk\u0131 sa\u011flamas\u0131 bekleniyor. Ceren Benderlio\u011flu&#8217;nun g\u00fc\u00e7l\u00fc performans\u0131, <i>E\u015fref R\u00fcya<\/i>n\u0131n oyuncu kadrosuna b\u00fcy\u00fck bir de\u011fer katacak gibi g\u00f6r\u00fcn\u00fcyor.<\/p>\n<p><img loading=\"lazy\" decoding=\"async\" class=\"alignnone wp-image-119939 size-full\" src=\"https:\/\/www.tgrthaber.com\/mavikadin\/wp-content\/uploads\/Ekran-Resmi-2025-01-11-12.35.42.png\" alt=\"\" width=\"1602\" height=\"928\" title=\"\" srcset=\"https:\/\/www.tgrthaber.com\/mavikadin\/wp-content\/uploads\/Ekran-Resmi-2025-01-11-12.35.42.png 1602w, https:\/\/www.tgrthaber.com\/mavikadin\/wp-content\/uploads\/Ekran-Resmi-2025-01-11-12.35.42-300x174.png 300w, https:\/\/www.tgrthaber.com\/mavikadin\/wp-content\/uploads\/Ekran-Resmi-2025-01-11-12.35.42-1024x593.png 1024w, https:\/\/www.tgrthaber.com\/mavikadin\/wp-content\/uploads\/Ekran-Resmi-2025-01-11-12.35.42-768x445.png 768w, https:\/\/www.tgrthaber.com\/mavikadin\/wp-content\/uploads\/Ekran-Resmi-2025-01-11-12.35.42-1536x890.png 1536w\" sizes=\"(max-width: 1602px) 100vw, 1602px\" \/><\/p>\n<hr \/>\n<h3>&#8216;E\u015eREF R\u00dcYA&#8217; D\u0130Z\u0130S\u0130N\u0130N KONUSU NE?<\/h3>\n<p class=\"p1\"><i>E\u015fref R\u00fcya<\/i> dizisinin ba\u015f karakteri E\u015fref, \u00e7ocukluk y\u0131llar\u0131nda ya\u015fad\u0131\u011f\u0131 derin yaln\u0131zl\u0131k ve kay\u0131plar sonucu su\u00e7 d\u00fcnyas\u0131na ad\u0131m atm\u0131\u015f bir adamd\u0131r. Hen\u00fcz k\u00fc\u00e7\u00fck ya\u015flarda yetim kalan E\u015fref, kaybetti\u011fi ailesinin yerine koydu\u011fu karde\u015fleriyle bir aile kurmaya \u00e7al\u0131\u015fm\u0131\u015f, ancak bu &#8220;aile&#8221; hi\u00e7bir zaman g\u00fcvenli ve huzurlu bir yer olmam\u0131\u015ft\u0131r. Y\u0131llar i\u00e7inde su\u00e7 d\u00fcnyas\u0131nda edindi\u011fi g\u00fc\u00e7l\u00fc konum, onu bir yeralt\u0131 \u00f6rg\u00fct\u00fcn\u00fcn lideri yapm\u0131\u015f olsa da, E\u015fref&#8217;in i\u00e7inde kaybolan o huzur aray\u0131\u015f\u0131 bir t\u00fcrl\u00fc son bulmaz.<\/p>\n<p><img loading=\"lazy\" decoding=\"async\" class=\"alignnone wp-image-119940 \" src=\"https:\/\/www.tgrthaber.com\/mavikadin\/wp-content\/uploads\/Ekran-Resmi-2025-01-11-12.37.05.png\" alt=\"\" width=\"979\" height=\"579\" title=\"\" srcset=\"https:\/\/www.tgrthaber.com\/mavikadin\/wp-content\/uploads\/Ekran-Resmi-2025-01-11-12.37.05.png 950w, https:\/\/www.tgrthaber.com\/mavikadin\/wp-content\/uploads\/Ekran-Resmi-2025-01-11-12.37.05-300x177.png 300w, https:\/\/www.tgrthaber.com\/mavikadin\/wp-content\/uploads\/Ekran-Resmi-2025-01-11-12.37.05-768x454.png 768w\" sizes=\"(max-width: 979px) 100vw, 979px\" \/><\/p>\n<hr \/>\n<p class=\"p1\">E\u015fref\u2019in bu \u00e7at\u0131\u015fmal\u0131 hayat\u0131, hep bir denge kurma \u00e7abas\u0131yla \u015fekillenir. Su\u00e7 d\u00fcnyas\u0131n\u0131n ac\u0131mas\u0131z kurallar\u0131 ve liderlik sorumlulu\u011fu onu a\u011f\u0131r bir y\u00fck alt\u0131na sokarken, di\u011fer yandan i\u00e7indeki insani de\u011ferleri, arad\u0131\u011f\u0131 huzuru bulma iste\u011fiyle devaml\u0131 bir i\u00e7sel m\u00fccadeleye girer. Ancak bir g\u00fcn, beklenmedik bir \u015fekilde kar\u015f\u0131s\u0131na \u00e7\u0131kan Nisan, E\u015fref\u2019in d\u00fcnyas\u0131nda f\u0131rt\u0131nalar koparacakt\u0131r. Nisan\u2019\u0131n gizemli ve s\u00fcr\u00fckleyici varl\u0131\u011f\u0131, E\u015fref\u2019in y\u0131llard\u0131r kurmaya \u00e7al\u0131\u015ft\u0131\u011f\u0131 dengeyi alt \u00fcst edecek ve onu tahmin edilemez bir yolculu\u011fa s\u00fcr\u00fckleyecektir. Bu kar\u015f\u0131la\u015fma, E\u015fref\u2019in t\u00fcm hayat\u0131n\u0131 ve su\u00e7 d\u00fcnyas\u0131ndaki yerini sorgulamas\u0131na neden olacakt\u0131r.<\/p>\n","protected":false},"excerpt":{"rendered":"<p>Kanal D&#8217;nin b\u00fcy\u00fck bir merakla beklenen dizisi E\u015fref R\u00fcya, izleyicileri ekran ba\u015f\u0131na kilitlemeye haz\u0131rlan\u0131yor. Diziye y\u00f6nelik haz\u0131rl\u0131klar t\u00fcm h\u0131z\u0131yla s\u00fcrerken, yap\u0131mc\u0131lar kadroya yeni bir y\u0131ld\u0131z daha kat\u0131ld\u0131\u011f\u0131n\u0131 duyurdu. \u00dcnl\u00fc oyuncu Ceren Benderlio\u011flu\u2019da \u2018E\u015fref R\u00fcya\u2019 dizisinin kadrosunda yer almaya haz\u0131rlan\u0131yor. \u0130\u015fte t\u00fcm detaylar\u2026 <\/p>\n","protected":false},"author":16,"featured_media":119941,"comment_status":"closed","ping_status":"closed","sticky":false,"template":"","format":"standard","meta":{"rank_math_lock_modified_date":false,"footnotes":""},"categories":[602],"tags":[7689,7690],"class_list":["post-119937","post","type-post","status-publish","format-standard","has-post-thumbnail","hentry","category-diziler","tag-esref-ruya-ceren-benderlioglu","tag-esref-ruya-dizisi-ceren-benderlioglu"],"_links":{"self":[{"href":"https:\/\/www.tgrthaber.com\/mavikadin\/wp-json\/wp\/v2\/posts\/119937"}],"collection":[{"href":"https:\/\/www.tgrthaber.com\/mavikadin\/wp-json\/wp\/v2\/posts"}],"about":[{"href":"https:\/\/www.tgrthaber.com\/mavikadin\/wp-json\/wp\/v2\/types\/post"}],"author":[{"embeddable":true,"href":"https:\/\/www.tgrthaber.com\/mavikadin\/wp-json\/wp\/v2\/users\/16"}],"replies":[{"embeddable":true,"href":"https:\/\/www.tgrthaber.com\/mavikadin\/wp-json\/wp\/v2\/comments?post=119937"}],"version-history":[{"count":2,"href":"https:\/\/www.tgrthaber.com\/mavikadin\/wp-json\/wp\/v2\/posts\/119937\/revisions"}],"predecessor-version":[{"id":119943,"href":"https:\/\/www.tgrthaber.com\/mavikadin\/wp-json\/wp\/v2\/posts\/119937\/revisions\/119943"}],"wp:featuredmedia":[{"embeddable":true,"href":"https:\/\/www.tgrthaber.com\/mavikadin\/wp-json\/wp\/v2\/media\/119941"}],"wp:attachment":[{"href":"https:\/\/www.tgrthaber.com\/mavikadin\/wp-json\/wp\/v2\/media?parent=119937"}],"wp:term":[{"taxonomy":"category","embeddable":true,"href":"https:\/\/www.tgrthaber.com\/mavikadin\/wp-json\/wp\/v2\/categories?post=119937"},{"taxonomy":"post_tag","embeddable":true,"href":"https:\/\/www.tgrthaber.com\/mavikadin\/wp-json\/wp\/v2\/tags?post=119937"}],"curies":[{"name":"wp","href":"https:\/\/api.w.org\/{rel}","templated":true}]}}