{"id":119965,"date":"2025-01-11T13:24:19","date_gmt":"2025-01-11T10:24:19","guid":{"rendered":"https:\/\/www.tgrthaber.com\/mavikadin\/?p=119965"},"modified":"2025-01-11T13:41:58","modified_gmt":"2025-01-11T10:41:58","slug":"masterchef-kerem-bilginer-kimdir-hayati-merak-konusu-oldu","status":"publish","type":"post","link":"https:\/\/www.tgrthaber.com\/mavikadin\/masterchef-kerem-bilginer-kimdir-hayati-merak-konusu-oldu\/","title":{"rendered":"Masterchef Kerem Bilginer kimdir? Hayat\u0131 merak konusu oldu"},"content":{"rendered":"<p>MasterChef T\u00fcrkiye 2024 \u015fampiyonu bu ak\u015fam belli olacak. Onur \u00dcresin ve Kerem Bilginer\u2019in k\u0131ran k\u0131rana m\u00fccadele edece\u011fi yar\u0131\u015fmada nefesler tutulacak. Gecenin sonunda bir isim MasterChef tarihine ismini yazd\u0131racak.<\/p>\n<h3>MASTERCHEF KEREM B\u0130LG\u0130NER K\u0130MD\u0130R?<\/h3>\n<p>MasterChef Kerem Bilginer kimdir? hayat\u0131 merak edildi. Final kupas\u0131na ad\u0131m ad\u0131m yakla\u015fan yar\u0131\u015fmada Onur ile Kerem kar\u015f\u0131 kar\u015f\u0131ya gelecek.<\/p>\n<p>MasterChef Kerem Bilginer kimdir? merak konusu oldu. Sous Chef (Yard\u0131mc\u0131 \u015eef) olarak ABD&#8217;de Michelin Y\u0131ld\u0131z\u0131&#8217;na sahip bir restoranda \u00e7al\u0131\u015fan Kerem yar\u0131\u015fmaya New York&#8217;tan gelmi\u015fti.<\/p>\n<p><img loading=\"lazy\" decoding=\"async\" class=\"alignnone wp-image-119966\" src=\"https:\/\/www.tgrthaber.com\/mavikadin\/wp-content\/uploads\/Masterchef-Kerem-Bilginer-1.jpg\" alt=\"\" width=\"1208\" height=\"805\" title=\"\" srcset=\"https:\/\/www.tgrthaber.com\/mavikadin\/wp-content\/uploads\/Masterchef-Kerem-Bilginer-1.jpg 1066w, https:\/\/www.tgrthaber.com\/mavikadin\/wp-content\/uploads\/Masterchef-Kerem-Bilginer-1-300x200.jpg 300w, https:\/\/www.tgrthaber.com\/mavikadin\/wp-content\/uploads\/Masterchef-Kerem-Bilginer-1-1024x682.jpg 1024w, https:\/\/www.tgrthaber.com\/mavikadin\/wp-content\/uploads\/Masterchef-Kerem-Bilginer-1-768x512.jpg 768w\" sizes=\"(max-width: 1208px) 100vw, 1208px\" \/><\/p>\n<hr \/>\n<h3>MASTERCHEF KEREM B\u0130LG\u0130NER NE \u0130\u015e YAPIYOR?<\/h3>\n<p>Kahramanmara\u015fl\u0131 olan Kerem Bilginer \u0130stanbul\u2019da do\u011fdu. Yar\u0131\u015fmaya New York&#8217;tan kat\u0131lan Bilginer Y\u0131ld\u0131z Teknik \u00dcniversitesi Mekatronik M\u00fchendisli\u011fi mezunu.<br \/>\n8 y\u0131ld\u0131r \u015fef olarak \u00e7al\u0131\u015fan Kerem Bilginer ABD&#8217;de Michelin Y\u0131ld\u0131z\u0131&#8217;na sahip bir restoranda Sous Chef (Yard\u0131mc\u0131 \u015eef) olarak \u00e7al\u0131\u015f\u0131yor. Bilginer, yar\u0131\u015fma i\u00e7in i\u015finden ayr\u0131ld\u0131.<\/p>\n<p><img loading=\"lazy\" decoding=\"async\" class=\"alignnone wp-image-119967\" src=\"https:\/\/www.tgrthaber.com\/mavikadin\/wp-content\/uploads\/Masterchef-Kerem-Bilginer-2.jpg\" alt=\"\" width=\"1208\" height=\"805\" title=\"\" srcset=\"https:\/\/www.tgrthaber.com\/mavikadin\/wp-content\/uploads\/Masterchef-Kerem-Bilginer-2.jpg 1065w, https:\/\/www.tgrthaber.com\/mavikadin\/wp-content\/uploads\/Masterchef-Kerem-Bilginer-2-300x200.jpg 300w, https:\/\/www.tgrthaber.com\/mavikadin\/wp-content\/uploads\/Masterchef-Kerem-Bilginer-2-1024x683.jpg 1024w, https:\/\/www.tgrthaber.com\/mavikadin\/wp-content\/uploads\/Masterchef-Kerem-Bilginer-2-768x512.jpg 768w\" sizes=\"(max-width: 1208px) 100vw, 1208px\" \/><\/p>\n<hr \/>\n<h3>MASTERCHEF KEREM B\u0130LG\u0130NER EVL\u0130 M\u0130?<\/h3>\n<p>MasterChef Kerem Bilginer haz\u0131rlad\u0131\u011f\u0131 yemeklerle ba\u015far\u0131l\u0131 bir performans sergileyen Kerem Bilginer Sabrina Roman Bilginer ile evli.<\/p>\n","protected":false},"excerpt":{"rendered":"<p>MasterChef Kerem Bilginer kimdir? final \u00f6ncesi merak konusu oldu. Finale ad\u0131m ad\u0131m yakla\u015fan MasterChef T\u00fcrkiye&#8217;de \u015fef ceketini kazanan ilk yar\u0131\u015fmac\u0131 Kerem olmu\u015ftu. G\u00f6sterdi\u011fi performans ile ad\u0131ndan s\u00f6z ettirmeyi ba\u015faran ikinci isim ise Kerem Bilginer oldu.<\/p>\n","protected":false},"author":5,"featured_media":119968,"comment_status":"closed","ping_status":"closed","sticky":false,"template":"","format":"standard","meta":{"rank_math_lock_modified_date":false,"footnotes":""},"categories":[491],"tags":[7697,6500],"class_list":["post-119965","post","type-post","status-publish","format-standard","has-post-thumbnail","hentry","category-biyografi","tag-kerem-bilginer","tag-masterchef-kerem"],"_links":{"self":[{"href":"https:\/\/www.tgrthaber.com\/mavikadin\/wp-json\/wp\/v2\/posts\/119965"}],"collection":[{"href":"https:\/\/www.tgrthaber.com\/mavikadin\/wp-json\/wp\/v2\/posts"}],"about":[{"href":"https:\/\/www.tgrthaber.com\/mavikadin\/wp-json\/wp\/v2\/types\/post"}],"author":[{"embeddable":true,"href":"https:\/\/www.tgrthaber.com\/mavikadin\/wp-json\/wp\/v2\/users\/5"}],"replies":[{"embeddable":true,"href":"https:\/\/www.tgrthaber.com\/mavikadin\/wp-json\/wp\/v2\/comments?post=119965"}],"version-history":[{"count":3,"href":"https:\/\/www.tgrthaber.com\/mavikadin\/wp-json\/wp\/v2\/posts\/119965\/revisions"}],"predecessor-version":[{"id":119979,"href":"https:\/\/www.tgrthaber.com\/mavikadin\/wp-json\/wp\/v2\/posts\/119965\/revisions\/119979"}],"wp:featuredmedia":[{"embeddable":true,"href":"https:\/\/www.tgrthaber.com\/mavikadin\/wp-json\/wp\/v2\/media\/119968"}],"wp:attachment":[{"href":"https:\/\/www.tgrthaber.com\/mavikadin\/wp-json\/wp\/v2\/media?parent=119965"}],"wp:term":[{"taxonomy":"category","embeddable":true,"href":"https:\/\/www.tgrthaber.com\/mavikadin\/wp-json\/wp\/v2\/categories?post=119965"},{"taxonomy":"post_tag","embeddable":true,"href":"https:\/\/www.tgrthaber.com\/mavikadin\/wp-json\/wp\/v2\/tags?post=119965"}],"curies":[{"name":"wp","href":"https:\/\/api.w.org\/{rel}","templated":true}]}}