{"id":120094,"date":"2025-01-11T17:48:11","date_gmt":"2025-01-11T14:48:11","guid":{"rendered":"https:\/\/www.tgrthaber.com\/mavikadin\/?p=120094"},"modified":"2025-01-11T17:48:12","modified_gmt":"2025-01-11T14:48:12","slug":"sarkici-burak-kuttan-sasirtan-acun-ilicali-itirafi-acun-ilicali-bir-televizyon-dahisi","status":"publish","type":"post","link":"https:\/\/www.tgrthaber.com\/mavikadin\/sarkici-burak-kuttan-sasirtan-acun-ilicali-itirafi-acun-ilicali-bir-televizyon-dahisi\/","title":{"rendered":"\u015eark\u0131c\u0131 Burak Kut&#8217;tan \u015fa\u015f\u0131rtan Acun Il\u0131cal\u0131 itiraf\u0131: &#8220;Acun Il\u0131cal\u0131 bir televizyon dahisi&#8221;"},"content":{"rendered":"<p>&#8216;O Ses T\u00fcrkiye Y\u0131lba\u015f\u0131 \u00f6zel&#8217; program\u0131ndaki dans \u015fovu ve etkileyici performans\u0131 ile magazin g\u00fcndeminde g\u00fcnlerce ismini konu\u015fturan \u00fcnl\u00fc \u015fark\u0131c\u0131 Burak Kut, herkesin konu\u015ftu\u011fu o performans\u0131ndan sonra \u015fa\u015f\u0131rt\u0131c\u0131 bir Acun Il\u0131cal\u0131 itiraf\u0131 ile yeniden magazin g\u00fcndemine konu oldu.<\/p>\n<h3>\u015eARKICI BURAK KUT: &#8220;ACUN ILICALI B\u0130R TELEV\u0130ZYON DAH\u0130S\u0130&#8221;<\/h3>\n<p>Bebeto lakab\u0131 ile \u00f6ne \u00e7\u0131kan \u00fcnl\u00fc \u015fark\u0131c\u0131 Burak Kut, sunuculu\u011funu H\u00fclya Av\u015far&#8217;\u0131n yapt\u0131\u011f\u0131 bir\u00a0 YouTube program\u0131na konuk oldu.<\/p>\n<p><img loading=\"lazy\" decoding=\"async\" class=\"alignnone wp-image-120097\" src=\"https:\/\/www.tgrthaber.com\/mavikadin\/wp-content\/uploads\/74-7.png\" alt=\"\" width=\"1208\" height=\"658\" title=\"\" srcset=\"https:\/\/www.tgrthaber.com\/mavikadin\/wp-content\/uploads\/74-7.png 790w, https:\/\/www.tgrthaber.com\/mavikadin\/wp-content\/uploads\/74-7-300x163.png 300w, https:\/\/www.tgrthaber.com\/mavikadin\/wp-content\/uploads\/74-7-768x418.png 768w\" sizes=\"(max-width: 1208px) 100vw, 1208px\" \/><\/p>\n<hr \/>\n<p>Program esnas\u0131nda yat\u0131\u011f\u0131 Acun Il\u0131cal\u0131 itiraf\u0131yla \u015fa\u015f\u0131rtan Burak Kut, konu\u015fmas\u0131nda \u00e7arp\u0131c\u0131 a\u00e7\u0131klamalara imza att\u0131.<\/p>\n<h3>&#8220;MONTAJDAN ARAYIP S\u00d6YLEM\u0130\u015eT\u0130&#8221;<\/h3>\n<p>51 ya\u015f\u0131ndaki sevilen \u00fcnl\u00fc \u015fark\u0131c\u0131 Burak Kut, &#8220;Ba\u015fka bir \u015fey daha s\u00f6yleyeyim. Kusura bakmas\u0131n Acun da&#8230; Bir g\u00fcn \u00f6nce montajdan aray\u0131p da b\u00f6yle bir g\u00fcndem yarataca\u011f\u0131n\u0131 g\u00f6rd\u00fc\u011f\u00fcn\u00fc s\u00f6yledi&#8221; ifadesinde bulundu.<\/p>\n<h3>BURAK KUT&#8217;UN PROGRAMA HAZIRLANMA S\u00dcREC\u0130! &#8220;HAFIZALARDA YER EDECEK B\u0130R G\u00d6STER\u0130 HAZIRLAMALIYIM&#8221;<\/h3>\n<p>Sahnede sergiledi\u011fi b\u00fcy\u00fcleyici performans\u0131 ile g\u00fcnlerce konu\u015fulup g\u00fcndem olan \u015fark\u0131c\u0131 Burak Kut, aktif kulland\u0131\u011f\u0131 y\u00fcksek takip\u00e7ili sosyal medyada kendisine gelen \u00f6vg\u00fc dolu yorumlara cevap verirken; programa kat\u0131lma s\u00fcrecini de dile getirmi\u015fti.<\/p>\n<p><img loading=\"lazy\" decoding=\"async\" class=\"alignnone wp-image-115655\" src=\"https:\/\/www.tgrthaber.com\/mavikadin\/wp-content\/uploads\/Burak-Kut-kac-yasinda-kiminle-evli-Cocugu-var-mi-Hayati-arastiriliyor-1-2.png\" alt=\"\" width=\"1208\" height=\"680\" title=\"\" srcset=\"https:\/\/www.tgrthaber.com\/mavikadin\/wp-content\/uploads\/Burak-Kut-kac-yasinda-kiminle-evli-Cocugu-var-mi-Hayati-arastiriliyor-1-2.png 1920w, https:\/\/www.tgrthaber.com\/mavikadin\/wp-content\/uploads\/Burak-Kut-kac-yasinda-kiminle-evli-Cocugu-var-mi-Hayati-arastiriliyor-1-2-300x169.png 300w, https:\/\/www.tgrthaber.com\/mavikadin\/wp-content\/uploads\/Burak-Kut-kac-yasinda-kiminle-evli-Cocugu-var-mi-Hayati-arastiriliyor-1-2-1024x576.png 1024w, https:\/\/www.tgrthaber.com\/mavikadin\/wp-content\/uploads\/Burak-Kut-kac-yasinda-kiminle-evli-Cocugu-var-mi-Hayati-arastiriliyor-1-2-768x432.png 768w, https:\/\/www.tgrthaber.com\/mavikadin\/wp-content\/uploads\/Burak-Kut-kac-yasinda-kiminle-evli-Cocugu-var-mi-Hayati-arastiriliyor-1-2-1536x864.png 1536w\" sizes=\"(max-width: 1208px) 100vw, 1208px\" \/><\/p>\n<hr \/>\n<p>\u00dcnl\u00fc \u015fark\u0131c\u0131 Burak Kut, takip\u00e7ileri ile payla\u015ft\u0131\u011f\u0131 sosyal medyada hesab\u0131ndaki payla\u015f\u0131m\u0131nda \u015fu ifadeleri kullanm\u0131\u015ft\u0131:<\/p>\n<p><em>&#8220;D\u00fcn geceden beri yaz\u0131p g\u00f6nderdi\u011finiz saymayaca\u011f\u0131m kadar \u00e7ok g\u00fczel yorumlar\u0131n\u0131za cevaben&#8230; Bir gece yar\u0131s\u0131 Acun Il\u0131cal\u0131 a\u011fabeyin, O Ses Y\u0131lba\u015f\u0131 2025 \u00e7ekimine davet i\u00e7in aramas\u0131 akabinde, akl\u0131ma ilk d\u00fc\u015fen fikir i\u00e7imde ilk uyanan duygu &#8216;Zaten herkesin bir s\u0131k\u0131nt\u0131s\u0131 oldu\u011fu g\u00fcnlerde, hi\u00e7 de\u011filse yeni y\u0131la hep beraber iyi ve y\u00fcksek enerjiyle girebilece\u011fimiz, moralimizi d\u00fczeltecek haf\u0131zalarda yer edecek bir g\u00f6steri haz\u0131rlamal\u0131y\u0131m&#8217; oldu. Nas\u0131l olur diye soranlara; \u00d6ncelikle dinledi\u011finiz unutulmaz \u015fark\u0131lar\u0131n s\u00f6z\u00fcn\u00fc m\u00fczi\u011fini yazan, d\u00fczenlemelerini yapan harika m\u00fczisyen dostlar\u0131m sayesinde oldu.&#8221;<\/em><\/p>\n","protected":false},"excerpt":{"rendered":"<p>Acun Il\u0131cal\u0131&#8217;n\u0131n sundu\u011fu &#8216;O Ses T\u00fcrkiye Y\u0131lba\u015f\u0131 \u00d6zel&#8217; program\u0131nda unutulmaz bir \u015fov sergileyerek konu\u015fulan Burak Kut&#8217;tan \u015fa\u015f\u0131rtan bir itiraf geldi.<\/p>\n","protected":false},"author":27,"featured_media":120100,"comment_status":"closed","ping_status":"closed","sticky":false,"template":"","format":"standard","meta":{"rank_math_lock_modified_date":false,"footnotes":""},"categories":[76],"tags":[2368,7721],"class_list":["post-120094","post","type-post","status-publish","format-standard","has-post-thumbnail","hentry","category-magazin","tag-acun-ilicali","tag-burak-kut"],"_links":{"self":[{"href":"https:\/\/www.tgrthaber.com\/mavikadin\/wp-json\/wp\/v2\/posts\/120094"}],"collection":[{"href":"https:\/\/www.tgrthaber.com\/mavikadin\/wp-json\/wp\/v2\/posts"}],"about":[{"href":"https:\/\/www.tgrthaber.com\/mavikadin\/wp-json\/wp\/v2\/types\/post"}],"author":[{"embeddable":true,"href":"https:\/\/www.tgrthaber.com\/mavikadin\/wp-json\/wp\/v2\/users\/27"}],"replies":[{"embeddable":true,"href":"https:\/\/www.tgrthaber.com\/mavikadin\/wp-json\/wp\/v2\/comments?post=120094"}],"version-history":[{"count":2,"href":"https:\/\/www.tgrthaber.com\/mavikadin\/wp-json\/wp\/v2\/posts\/120094\/revisions"}],"predecessor-version":[{"id":120103,"href":"https:\/\/www.tgrthaber.com\/mavikadin\/wp-json\/wp\/v2\/posts\/120094\/revisions\/120103"}],"wp:featuredmedia":[{"embeddable":true,"href":"https:\/\/www.tgrthaber.com\/mavikadin\/wp-json\/wp\/v2\/media\/120100"}],"wp:attachment":[{"href":"https:\/\/www.tgrthaber.com\/mavikadin\/wp-json\/wp\/v2\/media?parent=120094"}],"wp:term":[{"taxonomy":"category","embeddable":true,"href":"https:\/\/www.tgrthaber.com\/mavikadin\/wp-json\/wp\/v2\/categories?post=120094"},{"taxonomy":"post_tag","embeddable":true,"href":"https:\/\/www.tgrthaber.com\/mavikadin\/wp-json\/wp\/v2\/tags?post=120094"}],"curies":[{"name":"wp","href":"https:\/\/api.w.org\/{rel}","templated":true}]}}