{"id":120095,"date":"2025-01-11T17:53:39","date_gmt":"2025-01-11T14:53:39","guid":{"rendered":"https:\/\/www.tgrthaber.com\/mavikadin\/?p=120095"},"modified":"2025-01-11T17:53:40","modified_gmt":"2025-01-11T14:53:40","slug":"tugba-ekincinin-serenay-sarikaya-gondermeli-cem-yilmaz-yorumuna-tepki-yagdi-ona-da-pay-verin","status":"publish","type":"post","link":"https:\/\/www.tgrthaber.com\/mavikadin\/tugba-ekincinin-serenay-sarikaya-gondermeli-cem-yilmaz-yorumuna-tepki-yagdi-ona-da-pay-verin\/","title":{"rendered":"Tu\u011fba Ekinci&#8217;nin Serenay Sar\u0131kaya g\u00f6ndermeli Cem Y\u0131lmaz yorumuna tepki ya\u011fd\u0131! \u2018Ona da pay verin!"},"content":{"rendered":"<p class=\"p1\">Son g\u00fcnlerde magazin d\u00fcnyas\u0131n\u0131n en \u00e7ok konu\u015fulan isimlerinden olan \u00fcnl\u00fc menajer Ay\u015fe Bar\u0131m ve Serenay Sar\u0131kaya hakk\u0131ndaki iddialar b\u00fcy\u00fck yank\u0131 uyand\u0131rd\u0131. Sar\u0131kaya&#8217;n\u0131n ad\u0131yla ili\u015fkilendirilen olaylar\u0131n ard\u0131ndan, Ay\u015fe Bar\u0131m hakk\u0131nda soru\u015fturma ba\u015flat\u0131ld\u0131. Bu geli\u015fmeye bir tepki de \u015fark\u0131c\u0131 Tu\u011fba Ekinci\u2019den geldi. Ekinci&#8217;nin yapt\u0131\u011f\u0131 a\u00e7\u0131klama, sosyal medyada k\u0131sa s\u00fcrede tepkilere yol a\u00e7t\u0131 ve g\u00fcndem oldu.<\/p>\n<h3>SOSYAL MEDYA BU \u0130DD\u0130A \u0130LE \u00c7ALKALANIYOR<\/h3>\n<p class=\"p1\">TV100 yazar\u0131 Fuat U\u011fur, Eyl\u00fcl 2024&#8217;te kaleme ald\u0131\u011f\u0131 yaz\u0131s\u0131nda, Rekabet Kurumu&#8217;nun baz\u0131 yap\u0131m \u015firketleri ve ajanslara y\u00f6nelik bask\u0131nlar yapaca\u011f\u0131na dair dikkat \u00e7eken bir iddiada bulundu. U\u011fur, bu bask\u0131nlar\u0131n gerek\u00e7esinin &#8220;kartelle\u015fme ve piyasadaki hakimiyetin k\u00f6t\u00fcye kullan\u0131lmas\u0131&#8221; oldu\u011funu belirtti. Ayr\u0131ca, yaz\u0131s\u0131nda, bir kad\u0131n menajerin, kad\u0131n oyuncular\u0131ndan birini \u00fcnl\u00fc bir e\u015fcinsel \u015fark\u0131c\u0131yla sevgili gibi g\u00f6sterdi\u011fi ve \u015fark\u0131c\u0131n\u0131n i\u015f adam\u0131 sevgilisinden 5 milyon dolar ald\u0131\u011f\u0131na dair \u00e7arp\u0131c\u0131 bir iddiada bulunmu\u015ftu.<span class=\"Apple-converted-space\">\u00a0 <\/span>Ortaya at\u0131lan iddialar\u0131n ard\u0131ndan, bu kad\u0131n menajerin ID \u0130leti\u015fim&#8217;in kurucu orta\u011f\u0131 Ay\u015fe Bar\u0131m oldu\u011fu ve s\u00f6z konusu kad\u0131n oyuncunun da Serenay Sar\u0131kaya oldu\u011fu y\u00f6n\u00fcndeki s\u00f6ylentiler h\u0131zla yay\u0131ld\u0131. Bu iddialar, sosyal medyada b\u00fcy\u00fck yank\u0131 uyand\u0131r\u0131rken, sekt\u00f6rdeki kulislerde de tart\u0131\u015fmalara neden oldu.<\/p>\n<p><img loading=\"lazy\" decoding=\"async\" class=\"alignnone wp-image-120098 size-full\" src=\"https:\/\/www.tgrthaber.com\/mavikadin\/wp-content\/uploads\/Ekran-Resmi-2025-01-11-17.42.50.png\" alt=\"\" width=\"1324\" height=\"840\" title=\"\" srcset=\"https:\/\/www.tgrthaber.com\/mavikadin\/wp-content\/uploads\/Ekran-Resmi-2025-01-11-17.42.50.png 1324w, https:\/\/www.tgrthaber.com\/mavikadin\/wp-content\/uploads\/Ekran-Resmi-2025-01-11-17.42.50-300x190.png 300w, https:\/\/www.tgrthaber.com\/mavikadin\/wp-content\/uploads\/Ekran-Resmi-2025-01-11-17.42.50-1024x650.png 1024w, https:\/\/www.tgrthaber.com\/mavikadin\/wp-content\/uploads\/Ekran-Resmi-2025-01-11-17.42.50-768x487.png 768w\" sizes=\"(max-width: 1324px) 100vw, 1324px\" \/><\/p>\n<hr \/>\n<h3 class=\"p1\">A\u00c7IKLAMA GEC\u0130KMED\u0130<\/h3>\n<p class=\"p1\">Serenay Sar\u0131kaya, yay\u0131lan iddialar hakk\u0131nda yapt\u0131\u011f\u0131 a\u00e7\u0131klamada, &#8220;O kadar tuhaf ve ak\u0131lalmaz \u015feyler ki s\u00f6ylenecek hi\u00e7bir \u015fey yok buna. Zaten hem ID \u0130leti\u015fim olarak hem de ben ki\u015fisel olarak s\u00fcreci mahkemeye ta\u015f\u0131d\u0131k. Mahkeme s\u00fcreci devam etti\u011fi i\u00e7in \u015fu an daha fazla bir \u015fey s\u00f6ylemek istemiyorum,&#8221; \u015feklinde konu\u015ftu. Bu a\u00e7\u0131klama, iddialara dair resmi bir duru\u015f sergileyen oyuncunun, hukuki s\u00fcrecin devam etti\u011fini vurgulamas\u0131 olarak dikkat \u00e7ekti.<\/p>\n<p><img loading=\"lazy\" decoding=\"async\" class=\"alignnone wp-image-120099 \" src=\"https:\/\/www.tgrthaber.com\/mavikadin\/wp-content\/uploads\/Ekran-Resmi-2025-01-11-16.59.15-1.png\" alt=\"\" width=\"991\" height=\"618\" title=\"\" srcset=\"https:\/\/www.tgrthaber.com\/mavikadin\/wp-content\/uploads\/Ekran-Resmi-2025-01-11-16.59.15-1.png 972w, https:\/\/www.tgrthaber.com\/mavikadin\/wp-content\/uploads\/Ekran-Resmi-2025-01-11-16.59.15-1-300x187.png 300w, https:\/\/www.tgrthaber.com\/mavikadin\/wp-content\/uploads\/Ekran-Resmi-2025-01-11-16.59.15-1-768x479.png 768w\" sizes=\"(max-width: 991px) 100vw, 991px\" \/><\/p>\n<hr \/>\n<h3 class=\"p1\">TU\u011eBA EK\u0130NC\u0130\u2019N\u0130N SERENAY G\u00d6NDERMEL\u0130 CEM YILMAZ YORUMU TEPK\u0130 \u00c7EKT\u0130<\/h3>\n<p class=\"p1\">Konuya dair \u00fcnl\u00fc isimlerin yorumlar\u0131 h\u0131zla gelmeye devam ederken, Tu\u011fba Ekinci de kendi g\u00f6r\u00fc\u015f\u00fcn\u00fc sosyal medya \u00fczerinden payla\u015ft\u0131. Ekinci, Serenay Sar\u0131kaya, Ay\u015fe Bar\u0131m ve Cem Y\u0131lmaz&#8217;\u0131n yer ald\u0131\u011f\u0131 bir foto\u011fraf\u0131 payla\u015farak, &#8220;Hop! Be\u015f milyon dolardan Cem\u2019e de burada hak d\u00fc\u015f\u00fcyor. Cem\u2019e de paydan verin.<\/p>\n<p><img loading=\"lazy\" decoding=\"async\" class=\"alignnone wp-image-120101 size-full\" src=\"https:\/\/www.tgrthaber.com\/mavikadin\/wp-content\/uploads\/Ekran-Resmi-2025-01-11-17.42.43.png\" alt=\"\" width=\"1376\" height=\"974\" title=\"\" srcset=\"https:\/\/www.tgrthaber.com\/mavikadin\/wp-content\/uploads\/Ekran-Resmi-2025-01-11-17.42.43.png 1376w, https:\/\/www.tgrthaber.com\/mavikadin\/wp-content\/uploads\/Ekran-Resmi-2025-01-11-17.42.43-300x212.png 300w, https:\/\/www.tgrthaber.com\/mavikadin\/wp-content\/uploads\/Ekran-Resmi-2025-01-11-17.42.43-1024x725.png 1024w, https:\/\/www.tgrthaber.com\/mavikadin\/wp-content\/uploads\/Ekran-Resmi-2025-01-11-17.42.43-768x544.png 768w\" sizes=\"(max-width: 1376px) 100vw, 1376px\" \/><\/p>\n<hr \/>\n<p class=\"p1\">Cem\u2019den ayr\u0131lm\u0131\u015f olmasa kiminle g\u00f6r\u00fc\u015fece\u011fi Serenay\u2019\u0131n dikkatini \u00e7ekmezdi. Ay\u0131p olmu\u015f,&#8221; \u015feklinde bir yorumda bulundu. Ekinci&#8217;nin bu a\u00e7\u0131klamas\u0131, sosyal medyada b\u00fcy\u00fck tepki toplarken, \u00fcnl\u00fc ismin yapt\u0131\u011f\u0131 \u00e7\u0131k\u0131\u015f, konuya dair daha fazla g\u00fcndem olu\u015fturdu.<\/p>\n","protected":false},"excerpt":{"rendered":"<p>Son g\u00fcnlerde magazin d\u00fcnyas\u0131nda b\u00fcy\u00fck yank\u0131 uyand\u0131ran Ay\u015fe Bar\u0131m ve Serenay Sar\u0131kaya hakk\u0131ndaki iddialar sonras\u0131, \u00fcnl\u00fc menajer hakk\u0131nda soru\u015fturma ba\u015flat\u0131ld\u0131. Bu geli\u015fmeye \u015fark\u0131c\u0131 Tu\u011fba Ekinci de kay\u0131ts\u0131z kalmad\u0131. Ekinci&#8217;nin Serenay Sar\u0131kaya g\u00f6ndermeli Cem Y\u0131lmaz yorumu tepki \u00e7ekti. <\/p>\n","protected":false},"author":16,"featured_media":120105,"comment_status":"closed","ping_status":"closed","sticky":false,"template":"","format":"standard","meta":{"rank_math_lock_modified_date":false,"footnotes":""},"categories":[76],"tags":[7724,7723,7722],"class_list":["post-120095","post","type-post","status-publish","format-standard","has-post-thumbnail","hentry","category-magazin","tag-tugba-ekinci-ayse-barim","tag-tugba-ekinci-cem-yilmaz-serenay-sarikaya","tag-tugba-ekinci-serenay-sarikaya"],"_links":{"self":[{"href":"https:\/\/www.tgrthaber.com\/mavikadin\/wp-json\/wp\/v2\/posts\/120095"}],"collection":[{"href":"https:\/\/www.tgrthaber.com\/mavikadin\/wp-json\/wp\/v2\/posts"}],"about":[{"href":"https:\/\/www.tgrthaber.com\/mavikadin\/wp-json\/wp\/v2\/types\/post"}],"author":[{"embeddable":true,"href":"https:\/\/www.tgrthaber.com\/mavikadin\/wp-json\/wp\/v2\/users\/16"}],"replies":[{"embeddable":true,"href":"https:\/\/www.tgrthaber.com\/mavikadin\/wp-json\/wp\/v2\/comments?post=120095"}],"version-history":[{"count":1,"href":"https:\/\/www.tgrthaber.com\/mavikadin\/wp-json\/wp\/v2\/posts\/120095\/revisions"}],"predecessor-version":[{"id":120106,"href":"https:\/\/www.tgrthaber.com\/mavikadin\/wp-json\/wp\/v2\/posts\/120095\/revisions\/120106"}],"wp:featuredmedia":[{"embeddable":true,"href":"https:\/\/www.tgrthaber.com\/mavikadin\/wp-json\/wp\/v2\/media\/120105"}],"wp:attachment":[{"href":"https:\/\/www.tgrthaber.com\/mavikadin\/wp-json\/wp\/v2\/media?parent=120095"}],"wp:term":[{"taxonomy":"category","embeddable":true,"href":"https:\/\/www.tgrthaber.com\/mavikadin\/wp-json\/wp\/v2\/categories?post=120095"},{"taxonomy":"post_tag","embeddable":true,"href":"https:\/\/www.tgrthaber.com\/mavikadin\/wp-json\/wp\/v2\/tags?post=120095"}],"curies":[{"name":"wp","href":"https:\/\/api.w.org\/{rel}","templated":true}]}}