{"id":120236,"date":"2025-01-12T10:51:37","date_gmt":"2025-01-12T07:51:37","guid":{"rendered":"https:\/\/www.tgrthaber.com\/mavikadin\/?p=120236"},"modified":"2025-01-12T10:51:37","modified_gmt":"2025-01-12T07:51:37","slug":"serdar-ortac-evini-degistiriyor-sagligi-el-vermedigi-icin-10-milyon-dolarlik-evinden-vazgecti","status":"publish","type":"post","link":"https:\/\/www.tgrthaber.com\/mavikadin\/serdar-ortac-evini-degistiriyor-sagligi-el-vermedigi-icin-10-milyon-dolarlik-evinden-vazgecti\/","title":{"rendered":"Serdar Orta\u00e7 evini de\u011fi\u015ftiriyor! Sa\u011fl\u0131\u011f\u0131 el vermedi\u011fi i\u00e7in 10 milyon dolarl\u0131k evinden vazge\u00e7ti"},"content":{"rendered":"<p>\u00dcnl\u00fc sanat\u00e7\u0131 Serdar Orta\u00e7, bir s\u00fcredir MS hastal\u0131\u011f\u0131 nedeniyle tedavi g\u00f6r\u00fcyor. Uzun s\u00fcredir ya\u015fad\u0131\u011f\u0131 sa\u011fl\u0131k sorunlar\u0131 nedeniyle evini de\u011fi\u015ftirme karar\u0131 alan Serdar Orta\u00e7, sa\u011fl\u0131\u011f\u0131 el vermedi\u011fi i\u00e7in 10 milyon dolarl\u0131k evinden vazge\u00e7ti. \u0130\u015fte detaylar\u2026<\/p>\n<h3>SERDAR ORTA\u00c7 EV\u0130N\u0130 DE\u011e\u0130\u015eT\u0130R\u0130YOR!<\/h3>\n<p>Son zamanlarda yasa d\u0131\u015f\u0131 bahis su\u00e7lamalar\u0131yla s\u0131k s\u0131k g\u00fcndeme gelen Serdar Orta\u00e7, bu kez l\u00fcks villas\u0131yla g\u00fcndeme geldi. \u00dcnl\u00fc sanat\u00e7\u0131 Orta\u00e7, sa\u011fl\u0131k sorunlar\u0131 nedeniyle evini de\u011fi\u015ftiriyor. Bir s\u00fcredir MS hastal\u0131\u011f\u0131 nedeniyle tedavi g\u00f6ren Orta\u00e7, desteksiz y\u00fcr\u00fcmekte zorluk \u00e7ekiyor. Orta\u00e7\u2019\u0131n l\u00fcks villas\u0131nda asans\u00f6r olmad\u0131\u011f\u0131 i\u00e7in \u00fcst katlara \u00e7\u0131kmakta g\u00fc\u00e7l\u00fck \u00e7ekiyordu.<\/p>\n<p><img loading=\"lazy\" decoding=\"async\" class=\"alignnone wp-image-120237\" src=\"https:\/\/www.tgrthaber.com\/mavikadin\/wp-content\/uploads\/Adsiz-tasarim-42-12-1024x576.jpg\" alt=\"Serdar Orta\u00e7 evini de\u011fi\u015ftiriyor! Sa\u011fl\u0131\u011f\u0131 el vermedi\u011fi i\u00e7in 10 milyon dolarl\u0131k evinden vazge\u00e7ti \" width=\"1208\" height=\"680\" title=\"\" srcset=\"https:\/\/www.tgrthaber.com\/mavikadin\/wp-content\/uploads\/Adsiz-tasarim-42-12-1024x576.jpg 1024w, https:\/\/www.tgrthaber.com\/mavikadin\/wp-content\/uploads\/Adsiz-tasarim-42-12-300x169.jpg 300w, https:\/\/www.tgrthaber.com\/mavikadin\/wp-content\/uploads\/Adsiz-tasarim-42-12-768x432.jpg 768w, https:\/\/www.tgrthaber.com\/mavikadin\/wp-content\/uploads\/Adsiz-tasarim-42-12-1536x864.jpg 1536w, https:\/\/www.tgrthaber.com\/mavikadin\/wp-content\/uploads\/Adsiz-tasarim-42-12.jpg 1600w\" sizes=\"(max-width: 1208px) 100vw, 1208px\" \/><\/p>\n<hr \/>\n<p>L\u00fcks villas\u0131nda \u00fcst katlara \u00e7\u0131kmakta zorluk \u00e7eken Serdar Orta\u00e7\u2019\u0131n sa\u011fl\u0131\u011f\u0131 el vermedi\u011fi i\u00e7in 10 milyon dolarl\u0131k villas\u0131ndan vazge\u00e7ti\u011fi \u00f6\u011frenildi. Uzun zamand\u0131r MS hastal\u0131\u011f\u0131 nedeniyle sa\u011fl\u0131k sorunlar\u0131 ya\u015fayan Orta\u00e7, sahneye \u00e7\u0131kmakta bile zorlan\u0131yordu.<\/p>\n<h3>10 M\u0130LYON DOLARLIK EV\u0130NDEN VAZGE\u00c7T\u0130!<\/h3>\n<p>\u00dcnl\u00fc sanat\u00e7\u0131 Serdar Orta\u00e7\u2019\u0131n, 10 milyon dolarl\u0131k l\u00fcks villas\u0131ndan vazge\u00e7ti\u011fi ve yeni bir ev aray\u0131\u015f\u0131nda oldu\u011fu konu\u015fuluyor. Hastal\u0131\u011f\u0131 nedeniyle villas\u0131ndan ayr\u0131lmak zorunda kalan Orta\u00e7, ev de\u011fi\u015fikli\u011fine gidiyor. Orta\u00e7\u2019\u0131n tedavi g\u00f6rd\u00fc\u011f\u00fc MS hastal\u0131\u011f\u0131 nedeniyle evini sat\u0131l\u0131\u011fa \u00e7\u0131kard\u0131\u011f\u0131 konu\u015fuluyor.<\/p>\n<p><img loading=\"lazy\" decoding=\"async\" class=\"alignnone wp-image-120238\" src=\"https:\/\/www.tgrthaber.com\/mavikadin\/wp-content\/uploads\/Adsiz-tasarim-39-14-1024x576.jpg\" alt=\"Serdar Orta\u00e7 evini de\u011fi\u015ftiriyor! Sa\u011fl\u0131\u011f\u0131 el vermedi\u011fi i\u00e7in 10 milyon dolarl\u0131k evinden vazge\u00e7ti \" width=\"1208\" height=\"680\" title=\"\" srcset=\"https:\/\/www.tgrthaber.com\/mavikadin\/wp-content\/uploads\/Adsiz-tasarim-39-14-1024x576.jpg 1024w, https:\/\/www.tgrthaber.com\/mavikadin\/wp-content\/uploads\/Adsiz-tasarim-39-14-300x169.jpg 300w, https:\/\/www.tgrthaber.com\/mavikadin\/wp-content\/uploads\/Adsiz-tasarim-39-14-768x432.jpg 768w, https:\/\/www.tgrthaber.com\/mavikadin\/wp-content\/uploads\/Adsiz-tasarim-39-14-1536x864.jpg 1536w, https:\/\/www.tgrthaber.com\/mavikadin\/wp-content\/uploads\/Adsiz-tasarim-39-14.jpg 1600w\" sizes=\"(max-width: 1208px) 100vw, 1208px\" \/><\/p>\n<hr \/>\n<p>Evini sat\u0131\u015fa \u00e7\u0131karan Serdar Orta\u00e7\u2019\u0131n, tek katl\u0131 m\u00fcstakil ya da bir apartman dairesi almak i\u00e7in aray\u0131\u015fa girdi\u011fi s\u00f6yleniyor. Orta\u00e7\u2019\u0131n sa\u011fl\u0131k sorunlar\u0131 ve desteksiz y\u00fcr\u00fcyemedi\u011fi i\u00e7in daha k\u00fc\u00e7\u00fck ve zahmetsiz bir ev istedi\u011fi s\u00f6yleniyor. Ayn\u0131 zamanda \u00fcnl\u00fc sanat\u00e7\u0131n\u0131n sat\u0131\u015fa \u00e7\u0131kard\u0131\u011f\u0131 Sar\u0131yer\u2019deki havuzlu villas\u0131n\u0131n 10 milyon dolar oldu\u011fu da konu\u015fulanlar aras\u0131nda yer al\u0131yor.<\/p>\n<h3>SERDAR ORTA\u00c7 MORAL KAYNA\u011eININ NE OLDU\u011eUNU A\u00c7IKLAMI\u015eTI!<\/h3>\n<p>Yasa d\u0131\u015f\u0131 bahis soru\u015fturmas\u0131 \u00e7er\u00e7evesinde g\u00f6zalt\u0131na al\u0131n\u0131p ev hapsine al\u0131nan \u00fcnl\u00fc \u015fark\u0131c\u0131 Serdar Orta\u00e7,\u00a0moral kayna\u011f\u0131n\u0131n ne oldu\u011funu a\u00e7\u0131klam\u0131\u015ft\u0131. Son zamanlarda ya\u015fad\u0131\u011f\u0131 talihsiz olaylar ve yasa d\u0131\u015f\u0131 bahise te\u015fvik su\u00e7undan \u00fc\u00e7 y\u0131l kadar hapis cezas\u0131 istenen \u00fcnl\u00fc sanat\u00e7\u0131, ge\u00e7ti\u011fimiz haftalarda konser \u00f6ncesi sorular\u0131 yan\u0131tlam\u0131\u015ft\u0131. Orta\u00e7, moral kayna\u011f\u0131n\u0131n ne oldu\u011funu da dile getirmi\u015fti.<\/p>\n<p><img loading=\"lazy\" decoding=\"async\" class=\"alignnone wp-image-120239\" src=\"https:\/\/www.tgrthaber.com\/mavikadin\/wp-content\/uploads\/Adsiz-tasarim-40-20-1024x576.jpg\" alt=\"Serdar Orta\u00e7 evini de\u011fi\u015ftiriyor! Sa\u011fl\u0131\u011f\u0131 el vermedi\u011fi i\u00e7in 10 milyon dolarl\u0131k evinden vazge\u00e7ti \" width=\"1208\" height=\"680\" title=\"\" srcset=\"https:\/\/www.tgrthaber.com\/mavikadin\/wp-content\/uploads\/Adsiz-tasarim-40-20-1024x576.jpg 1024w, https:\/\/www.tgrthaber.com\/mavikadin\/wp-content\/uploads\/Adsiz-tasarim-40-20-300x169.jpg 300w, https:\/\/www.tgrthaber.com\/mavikadin\/wp-content\/uploads\/Adsiz-tasarim-40-20-768x432.jpg 768w, https:\/\/www.tgrthaber.com\/mavikadin\/wp-content\/uploads\/Adsiz-tasarim-40-20-1536x864.jpg 1536w, https:\/\/www.tgrthaber.com\/mavikadin\/wp-content\/uploads\/Adsiz-tasarim-40-20.jpg 1600w\" sizes=\"(max-width: 1208px) 100vw, 1208px\" \/><\/p>\n<hr \/>\n<p>Ge\u00e7ti\u011fimiz haftalarda Jolly Joker Atakent sahnesinde dinleyici ile bulu\u015fan Serdar Orta\u00e7, konser \u00f6ncesi sorular\u0131 yan\u0131tlam\u0131\u015ft\u0131. Moral kayna\u011f\u0131n\u0131n, sa\u011fl\u0131k sorunlar\u0131na ra\u011fmen sahneye \u00e7\u0131kmak oldu\u011funu dile getiren Orta\u00e7, \u201cEv hapsinde kelep\u00e7eyle gezerken stresten sol kolum ile sol aya\u011f\u0131mdaki hissiyat\u0131 kaybettim.\u201d ifadelerini kullanm\u0131\u015ft\u0131.<\/p>\n<p><img loading=\"lazy\" decoding=\"async\" class=\"alignnone wp-image-120240\" src=\"https:\/\/www.tgrthaber.com\/mavikadin\/wp-content\/uploads\/Adsiz-tasarim-44-14-1024x576.jpg\" alt=\"Serdar Orta\u00e7 evini de\u011fi\u015ftiriyor! Sa\u011fl\u0131\u011f\u0131 el vermedi\u011fi i\u00e7in 10 milyon dolarl\u0131k evinden vazge\u00e7ti \" width=\"1208\" height=\"680\" title=\"\" srcset=\"https:\/\/www.tgrthaber.com\/mavikadin\/wp-content\/uploads\/Adsiz-tasarim-44-14-1024x576.jpg 1024w, https:\/\/www.tgrthaber.com\/mavikadin\/wp-content\/uploads\/Adsiz-tasarim-44-14-300x169.jpg 300w, https:\/\/www.tgrthaber.com\/mavikadin\/wp-content\/uploads\/Adsiz-tasarim-44-14-768x432.jpg 768w, https:\/\/www.tgrthaber.com\/mavikadin\/wp-content\/uploads\/Adsiz-tasarim-44-14-1536x864.jpg 1536w, https:\/\/www.tgrthaber.com\/mavikadin\/wp-content\/uploads\/Adsiz-tasarim-44-14.jpg 1600w\" sizes=\"(max-width: 1208px) 100vw, 1208px\" \/><\/p>\n<hr \/>\n<p>Atakent Jolly Joker sahnesinde sevenleriyle ve dinleyicileriyle bir araya gelen Serdar Orta\u00e7, \u201cY\u00fcr\u00fcmekte zorlansam da buraya iyi olmaya geldim.\u201d ifadelerine yer vermi\u015fti. Uzun bir s\u00fcre ard\u0131ndan sevenleriyle bulu\u015fan Orta\u00e7, dinleyicilerine keyifli anlar ya\u015fatarak, e\u011flenceli bir konsere imza atm\u0131\u015ft\u0131. Orta\u00e7\u2019\u0131 dinlemeye bir\u00e7ok hayran\u0131 gelmi\u015fti. Son zamanlarda ya\u015fad\u0131\u011f\u0131 psikolojik ve fiziksel sorunlarla ba\u015f etmeye \u00e7al\u0131\u015fan Orta\u00e7, Atakent sahnesinde sevenleriyle ve dinleyicileriyle moral bulmu\u015ftu.<\/p>\n","protected":false},"excerpt":{"rendered":"<p>Son zamanlarda yasa d\u0131\u015f\u0131 bahis su\u00e7lamalar\u0131yla g\u00fcndeme gelen Serdar Orta\u00e7 sa\u011fl\u0131\u011f\u0131 el vermedi\u011fi i\u00e7in 10 milyon dolarl\u0131k evinden vazge\u00e7ti. \u0130\u015fte detaylar\u2026 <\/p>\n","protected":false},"author":26,"featured_media":120241,"comment_status":"closed","ping_status":"closed","sticky":false,"template":"","format":"standard","meta":{"rank_math_lock_modified_date":false,"footnotes":""},"categories":[76],"tags":[2674,4229,7770],"class_list":["post-120236","post","type-post","status-publish","format-standard","has-post-thumbnail","hentry","category-magazin","tag-serdar-ortac","tag-serdar-ortac-ms","tag-serdar-ortac-villa"],"_links":{"self":[{"href":"https:\/\/www.tgrthaber.com\/mavikadin\/wp-json\/wp\/v2\/posts\/120236"}],"collection":[{"href":"https:\/\/www.tgrthaber.com\/mavikadin\/wp-json\/wp\/v2\/posts"}],"about":[{"href":"https:\/\/www.tgrthaber.com\/mavikadin\/wp-json\/wp\/v2\/types\/post"}],"author":[{"embeddable":true,"href":"https:\/\/www.tgrthaber.com\/mavikadin\/wp-json\/wp\/v2\/users\/26"}],"replies":[{"embeddable":true,"href":"https:\/\/www.tgrthaber.com\/mavikadin\/wp-json\/wp\/v2\/comments?post=120236"}],"version-history":[{"count":1,"href":"https:\/\/www.tgrthaber.com\/mavikadin\/wp-json\/wp\/v2\/posts\/120236\/revisions"}],"predecessor-version":[{"id":120242,"href":"https:\/\/www.tgrthaber.com\/mavikadin\/wp-json\/wp\/v2\/posts\/120236\/revisions\/120242"}],"wp:featuredmedia":[{"embeddable":true,"href":"https:\/\/www.tgrthaber.com\/mavikadin\/wp-json\/wp\/v2\/media\/120241"}],"wp:attachment":[{"href":"https:\/\/www.tgrthaber.com\/mavikadin\/wp-json\/wp\/v2\/media?parent=120236"}],"wp:term":[{"taxonomy":"category","embeddable":true,"href":"https:\/\/www.tgrthaber.com\/mavikadin\/wp-json\/wp\/v2\/categories?post=120236"},{"taxonomy":"post_tag","embeddable":true,"href":"https:\/\/www.tgrthaber.com\/mavikadin\/wp-json\/wp\/v2\/tags?post=120236"}],"curies":[{"name":"wp","href":"https:\/\/api.w.org\/{rel}","templated":true}]}}