{"id":120261,"date":"2025-01-12T11:38:03","date_gmt":"2025-01-12T08:38:03","guid":{"rendered":"https:\/\/www.tgrthaber.com\/mavikadin\/?p=120261"},"modified":"2025-01-12T11:39:06","modified_gmt":"2025-01-12T08:39:06","slug":"kizilcik-serbetinin-gorkemine-ozel-cenaze-ilani-ozge-ozacardan-duygulandiran-veda","status":"publish","type":"post","link":"https:\/\/www.tgrthaber.com\/mavikadin\/kizilcik-serbetinin-gorkemine-ozel-cenaze-ilani-ozge-ozacardan-duygulandiran-veda\/","title":{"rendered":"K\u0131z\u0131lc\u0131k \u015eerbeti\u2019nin G\u00f6rkem\u2019ine \u00f6zel cenaze ilan\u0131! \u00d6zge \u00d6zacar&#8217;dan duyguland\u0131ran veda"},"content":{"rendered":"<p>Show TV ekranlar\u0131n\u0131n reyting rekortmeni fenomen dizisi K\u0131z\u0131lc\u0131k \u015eerbeti\u2019nin ge\u00e7ti\u011fimiz b\u00f6l\u00fcm\u00fcnde G\u00f6rkem karakteri dizinin son b\u00f6l\u00fcm\u00fcnde \u00e7\u0131kan yang\u0131nda hayat\u0131n\u0131 kaybetmi\u015fti. Hayat\u0131n\u0131 kaybeden G\u00f6rkem i\u00e7in \u00f6zel cenaze ilan\u0131 haz\u0131rland\u0131. K\u0131z\u0131lc\u0131k \u015eerbeti\u2019nin G\u00f6rkem\u2019i i\u00e7in haz\u0131rlanan cenaze ilan\u0131 herkesi \u015fa\u015f\u0131rtt\u0131. K\u0131z\u0131lc\u0131k \u015eerbeti\u2019nin G\u00f6rkem\u2019i \u00d6zge \u00d6zacar G\u00f6rkem karakterine veda etti\u2026<\/p>\n<hr \/>\n<h3>KIZILCIK \u015eERBET\u0130\u2019N\u0130N G\u00d6RKEM\u2019\u0130NE \u00d6ZEL CENAZE \u0130LANI!<\/h3>\n<p>Show TV ekranlar\u0131n\u0131n b\u00fcy\u00fck bir ilgiyle takip edilen dizisi K\u0131z\u0131lc\u0131k \u015eerbeti\u2019nin son b\u00f6l\u00fcm\u00fc ekranlara damga vurmu\u015ftu. Final sahnesini aratmayan son b\u00f6l\u00fcmde b\u00fcy\u00fck bir yang\u0131n \u00e7\u0131km\u0131\u015f ve 4 ki\u015fi hayat\u0131n\u0131 kaybetmi\u015fti. Bunun \u00fczerine \u00e7\u0131kan yang\u0131nda hayat\u0131n\u0131 kaybeden oyuncular\u0131n kimler oldu\u011fu merak edilmi\u015fti. Diziye kesin olarak veda edecek isimlerin aras\u0131nda G\u00f6rkem karakteri yer al\u0131yordu. Dizinin son b\u00f6l\u00fcm\u00fcnde ise G\u00f6rkem karakteri i\u00e7in \u00f6zel cenaze ilan\u0131 haz\u0131rland\u0131.<\/p>\n<p><img loading=\"lazy\" decoding=\"async\" class=\"alignnone wp-image-120265\" src=\"https:\/\/www.tgrthaber.com\/mavikadin\/wp-content\/uploads\/Adsiz-tasarim-50-13-1024x576.jpg\" alt=\"K\u0131z\u0131lc\u0131k \u015eerbeti\u2019nin G\u00f6rkem\u2019ine \u00f6zel cenaze ilan\u0131! \" width=\"1208\" height=\"680\" title=\"\" srcset=\"https:\/\/www.tgrthaber.com\/mavikadin\/wp-content\/uploads\/Adsiz-tasarim-50-13-1024x576.jpg 1024w, https:\/\/www.tgrthaber.com\/mavikadin\/wp-content\/uploads\/Adsiz-tasarim-50-13-300x169.jpg 300w, https:\/\/www.tgrthaber.com\/mavikadin\/wp-content\/uploads\/Adsiz-tasarim-50-13-768x432.jpg 768w, https:\/\/www.tgrthaber.com\/mavikadin\/wp-content\/uploads\/Adsiz-tasarim-50-13-1536x864.jpg 1536w, https:\/\/www.tgrthaber.com\/mavikadin\/wp-content\/uploads\/Adsiz-tasarim-50-13.jpg 1600w\" sizes=\"(max-width: 1208px) 100vw, 1208px\" \/><\/p>\n<hr \/>\n<p>K\u0131z\u0131c\u0131k \u015eerbeti\u2019nin G\u00f6rkem\u2019i dizinin son b\u00f6l\u00fcm\u00fcnde \u00e7\u0131kan yang\u0131nda hayat\u0131n\u0131 kaybetmi\u015fti. Hayat\u0131n\u0131 kaybeden G\u00f6rkem i\u00e7in \u00f6zel cenaze ilan\u0131 haz\u0131rland\u0131. G\u00f6rkem Erdem \u00dcnal i\u00e7in haz\u0131rlanan \u00f6zel cenaze ilan\u0131nda: \u201cErdem ailesinin g\u00f6z bebe\u011fi, biricik k\u0131zlar\u0131 G\u00f6rkem Erdem \u00dcnal, kat\u0131ld\u0131\u011f\u0131 y\u0131lba\u015f\u0131 partisinde \u00e7\u0131kan yang\u0131n sonucunda hayat\u0131n\u0131 kaybetmi\u015ftir. Cenazesi 10 Ocak Cuma g\u00fcn\u00fc \u00f6\u011fle namaz\u0131na m\u00fcteakip Karacaahmet \u015eakirin Camii\u2019nden kald\u0131r\u0131lacak olup Karacaahmet mezarl\u0131\u011f\u0131na defnedilecektir. Allahtan rahmet Erdem ailesine ba\u015f sa\u011fl\u0131\u011f\u0131 dileriz\u201d ifadeleri yer ald\u0131.<\/p>\n<p><img loading=\"lazy\" decoding=\"async\" class=\"alignnone wp-image-120268\" src=\"https:\/\/www.tgrthaber.com\/mavikadin\/wp-content\/uploads\/Adsiz-tasarim-49-10-1024x576.jpg\" alt=\"K\u0131z\u0131lc\u0131k \u015eerbeti\u2019nin G\u00f6rkem\u2019ine \u00f6zel cenaze ilan\u0131! \" width=\"1208\" height=\"680\" title=\"\" srcset=\"https:\/\/www.tgrthaber.com\/mavikadin\/wp-content\/uploads\/Adsiz-tasarim-49-10-1024x576.jpg 1024w, https:\/\/www.tgrthaber.com\/mavikadin\/wp-content\/uploads\/Adsiz-tasarim-49-10-300x169.jpg 300w, https:\/\/www.tgrthaber.com\/mavikadin\/wp-content\/uploads\/Adsiz-tasarim-49-10-768x432.jpg 768w, https:\/\/www.tgrthaber.com\/mavikadin\/wp-content\/uploads\/Adsiz-tasarim-49-10-1536x864.jpg 1536w, https:\/\/www.tgrthaber.com\/mavikadin\/wp-content\/uploads\/Adsiz-tasarim-49-10.jpg 1600w\" sizes=\"(max-width: 1208px) 100vw, 1208px\" \/><\/p>\n<hr \/>\n<h3>\u00d6ZGE \u00d6ZACAR G\u00d6RKEM KARAKTER\u0130NE VEDA ETT\u0130!<\/h3>\n<p>Show TV ekranlar\u0131n\u0131n sevilen dizisi K\u0131z\u0131lc\u0131k \u015eerbeti\u2019nde G\u00f6rkem karakterine can veren \u00d6zge \u00d6zacar, duygusal bir payla\u015f\u0131mla G\u00f6rkem karakterine veda etti. Dizinin son b\u00f6l\u00fcm\u00fcnde \u00e7\u0131kan yang\u0131nda hayat\u0131n\u0131 kaybeden G\u00f6rkem, \u00f6zel cenaze ilan\u0131yla ve cenaze t\u00f6reniyle diziye veda etti. G\u00f6rkem karakterine hayat veren \u00d6zge \u00d6zacar, sosyal medyadan yapt\u0131\u011f\u0131 payla\u015f\u0131mla diziye veda etti\u011fini duyurdu. \u00d6zacar\u2019\u0131n veda payla\u015f\u0131m\u0131n\u0131n \u00fczerine oyuncu arkada\u015flar\u0131 ve izleyiciler veda kar\u015f\u0131s\u0131nda duygular\u0131n\u0131 ifade etti.<\/p>\n<p><img loading=\"lazy\" decoding=\"async\" class=\"alignnone wp-image-120266\" src=\"https:\/\/www.tgrthaber.com\/mavikadin\/wp-content\/uploads\/Adsiz-tasarim-47-13-1024x576.jpg\" alt=\"K\u0131z\u0131lc\u0131k \u015eerbeti\u2019nin G\u00f6rkem\u2019ine \u00f6zel cenaze ilan\u0131! \" width=\"1208\" height=\"680\" title=\"\" srcset=\"https:\/\/www.tgrthaber.com\/mavikadin\/wp-content\/uploads\/Adsiz-tasarim-47-13-1024x576.jpg 1024w, https:\/\/www.tgrthaber.com\/mavikadin\/wp-content\/uploads\/Adsiz-tasarim-47-13-300x169.jpg 300w, https:\/\/www.tgrthaber.com\/mavikadin\/wp-content\/uploads\/Adsiz-tasarim-47-13-768x432.jpg 768w, https:\/\/www.tgrthaber.com\/mavikadin\/wp-content\/uploads\/Adsiz-tasarim-47-13-1536x864.jpg 1536w, https:\/\/www.tgrthaber.com\/mavikadin\/wp-content\/uploads\/Adsiz-tasarim-47-13.jpg 1600w\" sizes=\"(max-width: 1208px) 100vw, 1208px\" \/><\/p>\n<hr \/>\n<p>Instagram hesab\u0131ndan yapt\u0131\u011f\u0131 payla\u015f\u0131mla G\u00f6rkem karakterine veda eden \u00d6zge \u00d6zacar, \u201c\u0130lk g\u00fcnden bug\u00fcne zaman ne h\u0131zl\u0131 ge\u00e7ti sanki. G\u00f6rkem\u2019i canland\u0131rmak, hikayesini anlatmak \u00e7ok b\u00fcy\u00fck bir mutluluktu benim i\u00e7in. Birlikte \u00e7al\u0131\u015fmaktan onur duydu\u011fum ustalar\u0131m, hocalar\u0131m ve k\u0131ymetli oyuncu arkada\u015flar\u0131m&#8230; Kamera arkas\u0131nda inan\u0131lmaz emekleri olan yol arkada\u015flar\u0131m, sizleri \u00e7ok seviyorum! Ve de siz de\u011ferli seyircilerimiz, her \u015fey i\u00e7in \u00e7ok te\u015fekk\u00fcr ederim.\u201d ifadelerini kulland\u0131.<\/p>\n<p><img loading=\"lazy\" decoding=\"async\" class=\"alignnone wp-image-120267\" src=\"https:\/\/www.tgrthaber.com\/mavikadin\/wp-content\/uploads\/Adsiz-tasarim-48-15-1024x576.jpg\" alt=\"K\u0131z\u0131lc\u0131k \u015eerbeti\u2019nin G\u00f6rkem\u2019ine \u00f6zel cenaze ilan\u0131! \" width=\"1208\" height=\"680\" title=\"\" srcset=\"https:\/\/www.tgrthaber.com\/mavikadin\/wp-content\/uploads\/Adsiz-tasarim-48-15-1024x576.jpg 1024w, https:\/\/www.tgrthaber.com\/mavikadin\/wp-content\/uploads\/Adsiz-tasarim-48-15-300x169.jpg 300w, https:\/\/www.tgrthaber.com\/mavikadin\/wp-content\/uploads\/Adsiz-tasarim-48-15-768x432.jpg 768w, https:\/\/www.tgrthaber.com\/mavikadin\/wp-content\/uploads\/Adsiz-tasarim-48-15-1536x864.jpg 1536w, https:\/\/www.tgrthaber.com\/mavikadin\/wp-content\/uploads\/Adsiz-tasarim-48-15.jpg 1600w\" sizes=\"(max-width: 1208px) 100vw, 1208px\" \/><\/p>\n<hr \/>\n<p>\u00d6zge \u00d6zacar\u2019\u0131n payla\u015f\u0131m\u0131n alt\u0131na S\u0131la T\u00fcrko\u011flu, \u201cCan\u0131m \u00d6zgem\u201d ifadelerini kullan\u0131rken, Ceren Karako\u00e7 ise \u201cCan\u0131m benim, seni tan\u0131mak ve seninle \u00e7al\u0131\u015fmak b\u00fcy\u00fck bir zevkti. \u0130\u015fler ba\u015flar biter, arkada\u015fl\u0131\u011f\u0131m\u0131z baki\u201d ifadelerini kulland\u0131.<\/p>\n","protected":false},"excerpt":{"rendered":"<p>Show TV ekranlar\u0131n\u0131n b\u00fcy\u00fck bir ilgiyle takip edilen dizisi K\u0131z\u0131c\u0131k \u015eerbeti\u2019nin G\u00f6rkem\u2019i dizinin son b\u00f6l\u00fcm\u00fcnde \u00e7\u0131kan yang\u0131nda hayat\u0131n\u0131 kaybetmi\u015fti. Hayat\u0131n\u0131 kaybeden G\u00f6rkem i\u00e7in \u00f6zel cenaze ilan\u0131 haz\u0131rland\u0131. \u0130\u015fte K\u0131z\u0131lc\u0131k \u015eerbeti\u2019nin G\u00f6rkem\u2019i i\u00e7in haz\u0131rlanan cenaze ilan\u0131\u2026 <\/p>\n","protected":false},"author":26,"featured_media":120263,"comment_status":"closed","ping_status":"closed","sticky":false,"template":"","format":"standard","meta":{"rank_math_lock_modified_date":false,"footnotes":""},"categories":[76],"tags":[157,4113,5052,3645],"class_list":["post-120261","post","type-post","status-publish","format-standard","has-post-thumbnail","hentry","category-magazin","tag-kizilcik-serbeti","tag-kizilcik-serbeti-dizisi","tag-kizilcik-serbeti-gorkem","tag-ozge-ozacar"],"_links":{"self":[{"href":"https:\/\/www.tgrthaber.com\/mavikadin\/wp-json\/wp\/v2\/posts\/120261"}],"collection":[{"href":"https:\/\/www.tgrthaber.com\/mavikadin\/wp-json\/wp\/v2\/posts"}],"about":[{"href":"https:\/\/www.tgrthaber.com\/mavikadin\/wp-json\/wp\/v2\/types\/post"}],"author":[{"embeddable":true,"href":"https:\/\/www.tgrthaber.com\/mavikadin\/wp-json\/wp\/v2\/users\/26"}],"replies":[{"embeddable":true,"href":"https:\/\/www.tgrthaber.com\/mavikadin\/wp-json\/wp\/v2\/comments?post=120261"}],"version-history":[{"count":3,"href":"https:\/\/www.tgrthaber.com\/mavikadin\/wp-json\/wp\/v2\/posts\/120261\/revisions"}],"predecessor-version":[{"id":120276,"href":"https:\/\/www.tgrthaber.com\/mavikadin\/wp-json\/wp\/v2\/posts\/120261\/revisions\/120276"}],"wp:featuredmedia":[{"embeddable":true,"href":"https:\/\/www.tgrthaber.com\/mavikadin\/wp-json\/wp\/v2\/media\/120263"}],"wp:attachment":[{"href":"https:\/\/www.tgrthaber.com\/mavikadin\/wp-json\/wp\/v2\/media?parent=120261"}],"wp:term":[{"taxonomy":"category","embeddable":true,"href":"https:\/\/www.tgrthaber.com\/mavikadin\/wp-json\/wp\/v2\/categories?post=120261"},{"taxonomy":"post_tag","embeddable":true,"href":"https:\/\/www.tgrthaber.com\/mavikadin\/wp-json\/wp\/v2\/tags?post=120261"}],"curies":[{"name":"wp","href":"https:\/\/api.w.org\/{rel}","templated":true}]}}