{"id":120295,"date":"2025-01-12T12:46:52","date_gmt":"2025-01-12T09:46:52","guid":{"rendered":"https:\/\/www.tgrthaber.com\/mavikadin\/?p=120295"},"modified":"2025-01-12T14:58:36","modified_gmt":"2025-01-12T11:58:36","slug":"cocuklarda-gece-teroru-kac-yasinda-baslar-hangi-doktora-gidilir-uzman-pedagogdan-oneriler","status":"publish","type":"post","link":"https:\/\/www.tgrthaber.com\/mavikadin\/cocuklarda-gece-teroru-kac-yasinda-baslar-hangi-doktora-gidilir-uzman-pedagogdan-oneriler\/","title":{"rendered":"\u00c7ocuklarda gece ter\u00f6r\u00fc ka\u00e7 ya\u015f\u0131nda ba\u015flar, hangi doktora gidilir? Uzman pedagogdan \u00f6neriler"},"content":{"rendered":"<p>Uyku ter\u00f6r\u00fc olarak da bilinen gece ter\u00f6r\u00fc genellikle \u00e7ocuklarda 1-2 ya\u015f\u0131ndan ba\u015flay\u0131p ergenli\u011fe kadar devam eden bir uyku bozuklu\u011fudur.<\/p>\n<p>Current Pediatric Reviews\u2019de 2020 y\u0131l\u0131nda yap\u0131lan\u201cUyku Ter\u00f6rleri: G\u00fcncellenmi\u015f Bir \u0130nceleme\u201d adl\u0131 \u00e7al\u0131\u015fmaya g\u00f6re gece ter\u00f6r\u00fc 1 ila 12 ya\u015f aras\u0131ndaki \u00e7ocuklar\u0131n %1 ila %6,5&#8217;inde meydana geldi\u011fi tahmin edilmektedir. Yeti\u015fkinler aras\u0131nda daha nadir kar\u015f\u0131la\u015f\u0131l\u0131r.<\/p>\n<p>\u00c7ocuk uyuduktan birka\u00e7 saat sonra ba\u015flar, birka\u00e7 dakikadan yar\u0131m saate kadar s\u00fcrebilir.<\/p>\n<p>Gece ter\u00f6r\u00fcnde aniden \u00e7\u0131\u011fl\u0131k atarak uyanma, y\u00fcksek sesle a\u011flama, \u00e7\u0131rp\u0131nma, korkmu\u015f bir y\u00fcz ifadesi,\u00a0 titreme, donuk bakma, anlams\u0131z \u015fekilde konu\u015fma, olay\u0131n ertesi g\u00fcn hat\u0131rlanmamas\u0131 gibi belirtiler ya\u015fanabiliyor.<\/p>\n<p>Gece ter\u00f6r\u00fc baz\u0131 \u00e7ocuklarda ergenli\u011fe kadar s\u00fcrebiliyor, genellikle tedavi gerektirmeden ergenli\u011fe yakla\u015ft\u0131k\u00e7a kendili\u011finden ge\u00e7iyor.<\/p>\n<p><img loading=\"lazy\" decoding=\"async\" class=\"wp-image-120298\" src=\"https:\/\/www.tgrthaber.com\/mavikadin\/wp-content\/uploads\/cocuklarda-gece-teroru-kac-yasinda-baslar-hangi-doktora-gidilir-2.jpg\" alt=\"\u00e7ocuklarda gece ter\u00f6r\u00fc ka\u00e7 ya\u015f\u0131nda ba\u015flar, hangi doktora gidilir\" width=\"1208\" height=\"680\" title=\"\" srcset=\"https:\/\/www.tgrthaber.com\/mavikadin\/wp-content\/uploads\/cocuklarda-gece-teroru-kac-yasinda-baslar-hangi-doktora-gidilir-2.jpg 1920w, https:\/\/www.tgrthaber.com\/mavikadin\/wp-content\/uploads\/cocuklarda-gece-teroru-kac-yasinda-baslar-hangi-doktora-gidilir-2-300x169.jpg 300w, https:\/\/www.tgrthaber.com\/mavikadin\/wp-content\/uploads\/cocuklarda-gece-teroru-kac-yasinda-baslar-hangi-doktora-gidilir-2-1024x576.jpg 1024w, https:\/\/www.tgrthaber.com\/mavikadin\/wp-content\/uploads\/cocuklarda-gece-teroru-kac-yasinda-baslar-hangi-doktora-gidilir-2-768x432.jpg 768w, https:\/\/www.tgrthaber.com\/mavikadin\/wp-content\/uploads\/cocuklarda-gece-teroru-kac-yasinda-baslar-hangi-doktora-gidilir-2-1536x864.jpg 1536w\" sizes=\"(max-width: 1208px) 100vw, 1208px\" \/><\/p>\n<hr \/>\n<h3>\u00c7OCUKLARDA GECE TER\u00d6R\u00dc BEL\u0130RT\u0130LER\u0130 NELERD\u0130R?<\/h3>\n<p>\u00c7ocuklarda gece ter\u00f6r\u00fc \u015fiddetli a\u011flama, \u00e7\u0131\u011fl\u0131k atmayla ba\u015flay\u0131p \u015fu belirtiler bu duruma e\u015flik edebiliyor:<\/p>\n<ul>\n<li>Terleme<\/li>\n<li>H\u0131zl\u0131 kalp at\u0131\u015f\u0131<\/li>\n<li>G\u00f6z bebeklerinin b\u00fcy\u00fcmesi<\/li>\n<li>Nefes al\u0131\u015fveri\u015fte art\u0131\u015f<\/li>\n<li>G\u00f6zlerin a\u00e7\u0131k veya kapal\u0131 olmas\u0131. G\u00f6zler a\u00e7\u0131k olsa bile asl\u0131nda \u00e7ocu\u011fun bilinci yerinde de\u011fildir, derin uyku halindedir.<\/li>\n<li>Yatarken oturur pozisyona ge\u00e7mek<\/li>\n<li>Yatakta \u00e7\u0131rp\u0131nma<\/li>\n<li>Kar\u015f\u0131s\u0131nda biri varm\u0131\u015f gibi anlams\u0131z kelimeler konu\u015fma<\/li>\n<li>Ebeveynin yat\u0131\u015ft\u0131rma iste\u011fine tepki vermeme, sizi duymamas\u0131<\/li>\n<li>Ko\u015farak oday\u0131 terk etme<\/li>\n<li>Onlar\u0131 tutmaya \u00e7al\u0131\u015f\u0131rsan\u0131z, sizi uzakla\u015ft\u0131rmaya \u00e7al\u0131\u015fmalar\u0131 gibi belirtiler g\u00f6zlemlenebiliyor.<\/li>\n<\/ul>\n<p><img loading=\"lazy\" decoding=\"async\" class=\"wp-image-120299\" src=\"https:\/\/www.tgrthaber.com\/mavikadin\/wp-content\/uploads\/cocuklarda-gece-teroru-kac-yasinda-baslar-hangi-doktora-gidilir-6.jpg\" alt=\"\u00e7ocuklarda gece ter\u00f6r\u00fc ka\u00e7 ya\u015f\u0131nda ba\u015flar, hangi doktora gidilir\" width=\"1208\" height=\"680\" title=\"\" srcset=\"https:\/\/www.tgrthaber.com\/mavikadin\/wp-content\/uploads\/cocuklarda-gece-teroru-kac-yasinda-baslar-hangi-doktora-gidilir-6.jpg 1920w, https:\/\/www.tgrthaber.com\/mavikadin\/wp-content\/uploads\/cocuklarda-gece-teroru-kac-yasinda-baslar-hangi-doktora-gidilir-6-300x169.jpg 300w, https:\/\/www.tgrthaber.com\/mavikadin\/wp-content\/uploads\/cocuklarda-gece-teroru-kac-yasinda-baslar-hangi-doktora-gidilir-6-1024x576.jpg 1024w, https:\/\/www.tgrthaber.com\/mavikadin\/wp-content\/uploads\/cocuklarda-gece-teroru-kac-yasinda-baslar-hangi-doktora-gidilir-6-768x432.jpg 768w, https:\/\/www.tgrthaber.com\/mavikadin\/wp-content\/uploads\/cocuklarda-gece-teroru-kac-yasinda-baslar-hangi-doktora-gidilir-6-1536x864.jpg 1536w\" sizes=\"(max-width: 1208px) 100vw, 1208px\" \/><\/p>\n<hr \/>\n<h3>\u00c7OCUKLARDA GECE TER\u00d6R\u00dc NEDEN OLUR?<\/h3>\n<p>\u00c7ocuklarda gece ter\u00f6r\u00fcn\u00fcn kesin nedeni bilinmemekle birlikte bu olay\u0131n \u015fu nedenlere ba\u011fl\u0131 geli\u015fti\u011fi d\u00fc\u015f\u00fcn\u00fcl\u00fcyor:<\/p>\n<p><strong>\u00c7ocuklar\u0131n sinir sistemlerinin yeterince geli\u015fmemi\u015f olmas\u0131.<\/strong><\/p>\n<p>Ekrana maruz kalma. \u00d6zellikle \u015fiddet i\u00e7eren sahneler \u00e7ocuklarda gece ter\u00f6r\u00fcn\u00fcn ortaya \u00e7\u0131kmas\u0131nda etkili rol oynamaktad\u0131r.<\/p>\n<p><strong>Genetik yatk\u0131nl\u0131k. Aile b\u00fcy\u00fcklerinde bu problem varsa \u00e7ocukta da g\u00f6r\u00fclebiliyor.<\/strong><\/p>\n<p>Anksiyete ve kayg\u0131. Uzmanlar kayg\u0131l\u0131 \u00e7ocuklarda gece ter\u00f6r\u00fcyle daha s\u0131k kar\u015f\u0131la\u015ft\u0131klar\u0131n\u0131 ifade ediyor.<\/p>\n<p><strong>Yorgunluk. G\u00fcn i\u00e7erisinde \u00e7ocu\u011fun \u00e7ok fazla yorulmas\u0131 da gece ter\u00f6r\u00fcn\u00fcn yayg\u0131n nedenlerinden.<\/strong><\/p>\n<p>Stres. Stres, aile i\u00e7i sorunlar, bo\u015fanma ve ebeveynlerin kavgalar\u0131 \u00e7ocu\u011fa yans\u0131y\u0131p uykuda gece ter\u00f6r\u00fc olarak belirti verebiliyor.<\/p>\n<p><img loading=\"lazy\" decoding=\"async\" class=\"wp-image-120300\" src=\"https:\/\/www.tgrthaber.com\/mavikadin\/wp-content\/uploads\/cocuklarda-gece-teroru-kac-yasinda-baslar-hangi-doktora-gidilir-4.jpg\" alt=\"\u00e7ocuklarda gece ter\u00f6r\u00fc ka\u00e7 ya\u015f\u0131nda ba\u015flar, hangi doktora gidilir\" width=\"1208\" height=\"680\" title=\"\" srcset=\"https:\/\/www.tgrthaber.com\/mavikadin\/wp-content\/uploads\/cocuklarda-gece-teroru-kac-yasinda-baslar-hangi-doktora-gidilir-4.jpg 1920w, https:\/\/www.tgrthaber.com\/mavikadin\/wp-content\/uploads\/cocuklarda-gece-teroru-kac-yasinda-baslar-hangi-doktora-gidilir-4-300x169.jpg 300w, https:\/\/www.tgrthaber.com\/mavikadin\/wp-content\/uploads\/cocuklarda-gece-teroru-kac-yasinda-baslar-hangi-doktora-gidilir-4-1024x576.jpg 1024w, https:\/\/www.tgrthaber.com\/mavikadin\/wp-content\/uploads\/cocuklarda-gece-teroru-kac-yasinda-baslar-hangi-doktora-gidilir-4-768x432.jpg 768w, https:\/\/www.tgrthaber.com\/mavikadin\/wp-content\/uploads\/cocuklarda-gece-teroru-kac-yasinda-baslar-hangi-doktora-gidilir-4-1536x864.jpg 1536w\" sizes=\"(max-width: 1208px) 100vw, 1208px\" \/><\/p>\n<hr \/>\n<h3>\u00c7OCUKLARDA GECE TER\u00d6R\u00dc \u0130\u00c7\u0130N HANG\u0130 DOKTORA G\u0130D\u0130LMEL\u0130?<\/h3>\n<p>\u00c7ocu\u011funuzda s\u0131kl\u0131kla gece ter\u00f6r\u00fc ya\u015f\u0131yorsan\u0131z \u00e7ocuk n\u00f6roloji ve \u00e7ocuk psikiyatri doktoruna ba\u015fvurmal\u0131s\u0131n\u0131z.<\/p>\n<p>Doktora gitmeden \u00f6nce \u00e7ocu\u011fun gece ter\u00f6r\u00fc ge\u00e7irdi\u011fi an kameraya al\u0131nmal\u0131, doktora bu g\u00f6r\u00fcnt\u00fcler g\u00f6sterilmelidir.<\/p>\n<p>Nadiren de olsa epilepsi, epileptik n\u00f6betler de bu duruma yol a\u00e7abiliyor.<\/p>\n<p>Ayr\u0131ca gece ter\u00f6r\u00fc vakalar\u0131n\u0131 kontrol alt\u0131na almak i\u00e7in doktor \u00e7ocu\u011fa d\u00fc\u015f\u00fck doz antidepresan da re\u00e7ete edebiliyor.<\/p>\n<p><img loading=\"lazy\" decoding=\"async\" class=\"wp-image-120301\" src=\"https:\/\/www.tgrthaber.com\/mavikadin\/wp-content\/uploads\/cocuklarda-gece-teroru-kac-yasinda-baslar-hangi-doktora-gidilir-7.jpg\" alt=\"\u00e7ocuklarda gece ter\u00f6r\u00fc ka\u00e7 ya\u015f\u0131nda ba\u015flar, hangi doktora gidilir\" width=\"1208\" height=\"680\" title=\"\" srcset=\"https:\/\/www.tgrthaber.com\/mavikadin\/wp-content\/uploads\/cocuklarda-gece-teroru-kac-yasinda-baslar-hangi-doktora-gidilir-7.jpg 1920w, https:\/\/www.tgrthaber.com\/mavikadin\/wp-content\/uploads\/cocuklarda-gece-teroru-kac-yasinda-baslar-hangi-doktora-gidilir-7-300x169.jpg 300w, https:\/\/www.tgrthaber.com\/mavikadin\/wp-content\/uploads\/cocuklarda-gece-teroru-kac-yasinda-baslar-hangi-doktora-gidilir-7-1024x576.jpg 1024w, https:\/\/www.tgrthaber.com\/mavikadin\/wp-content\/uploads\/cocuklarda-gece-teroru-kac-yasinda-baslar-hangi-doktora-gidilir-7-768x432.jpg 768w, https:\/\/www.tgrthaber.com\/mavikadin\/wp-content\/uploads\/cocuklarda-gece-teroru-kac-yasinda-baslar-hangi-doktora-gidilir-7-1536x864.jpg 1536w\" sizes=\"(max-width: 1208px) 100vw, 1208px\" \/><\/p>\n<hr \/>\n<h3>\u00c7OCUKLARDA GECE TER\u00d6R\u00dc NASIL \u00d6NLEN\u0130R?<\/h3>\n<p>\u00c7ocuklarda gece ter\u00f6r\u00fcn\u00fc \u00f6nlemek i\u00e7in \u015fu y\u00f6ntemler uygulanmal\u0131d\u0131r:<\/p>\n<ol>\n<li>\u00c7ocuk her g\u00fcn ayn\u0131 saatte uykuya yat\u0131r\u0131lmal\u0131, gece ve g\u00fcnd\u00fcz uyku zamanlar\u0131 d\u00fczenli ve sistematik olmal\u0131.<\/li>\n<li>\u00c7ocu\u011fun odas\u0131n\u0131n cam\u0131 geceden birka\u00e7 saat a\u00e7\u0131k b\u0131rak\u0131lmal\u0131. Yaln\u0131zca odan\u0131n havaland\u0131r\u0131lmas\u0131 sayesinde bu sorundan kurtuldu\u011funu bildiren ailelerimiz de mevcut.<\/li>\n<li>\u00c7ocuk odas\u0131 tamamen karanl\u0131k olmamal\u0131, ak\u015famdan gece lambas\u0131 a\u00e7\u0131l\u0131p sabaha kadar a\u00e7\u0131k kalabilir.<\/li>\n<li>G\u00fcn boyu ekran kullan\u0131m\u0131 k\u0131s\u0131tl\u0131 ve ebeveyn kontrol\u00fcnde olmal\u0131, \u015fiddet i\u00e7eren yay\u0131nlara asla m\u00fcsaade edilmemeli.<\/li>\n<li>\u00c7ocuk uyumadan \u00f6nce rutin olu\u015fturulmal\u0131 \u00e7ocu\u011fa hikaye anlat\u0131labilir, kitap okunabilir, masaj yap\u0131labilir.<\/li>\n<li>\u00c7ocu\u011fa uyku arkada\u015f\u0131 oyuncak temin etmeli. Uyku arkada\u015f\u0131 \u00e7ocu\u011fa g\u00fcven verip uyku ter\u00f6r\u00fcn\u00fcn \u00f6nlenmesine yard\u0131mc\u0131 olabiliyor.<\/li>\n<li>Uyumadan \u00f6nce yemek yedirilmemeli, uykudan en az 2 saat \u00f6nce yemek fasl\u0131 bitmi\u015f olmal\u0131d\u0131r.<\/li>\n<li>\u00c7ocuklarda gece ter\u00f6r\u00fcn\u00fc \u00f6nlemek i\u00e7in en etkili y\u00f6ntemlerden biri de \u015fayet bu durum ayn\u0131 saatlerde g\u00f6r\u00fcl\u00fcyorsa uyku ter\u00f6r\u00fc ba\u015flamadan \u00e7ocuk uyand\u0131r\u0131lmal\u0131, birka\u00e7 dakika boyunca oyalan\u0131p daha sonra uyumas\u0131na m\u00fcsaade edilmelidir. Bu esnada \u00e7ocu\u011fa su verilebilir, tuvalete kald\u0131r\u0131labilir.<\/li>\n<\/ol>\n<p><img loading=\"lazy\" decoding=\"async\" class=\"wp-image-120302\" src=\"https:\/\/www.tgrthaber.com\/mavikadin\/wp-content\/uploads\/cocuklarda-gece-teroru-kac-yasinda-baslar-hangi-doktora-gidilir-3.jpg\" alt=\"\u00e7ocuklarda gece ter\u00f6r\u00fc ka\u00e7 ya\u015f\u0131nda ba\u015flar, hangi doktora gidilir\" width=\"1208\" height=\"680\" title=\"\" srcset=\"https:\/\/www.tgrthaber.com\/mavikadin\/wp-content\/uploads\/cocuklarda-gece-teroru-kac-yasinda-baslar-hangi-doktora-gidilir-3.jpg 1920w, https:\/\/www.tgrthaber.com\/mavikadin\/wp-content\/uploads\/cocuklarda-gece-teroru-kac-yasinda-baslar-hangi-doktora-gidilir-3-300x169.jpg 300w, https:\/\/www.tgrthaber.com\/mavikadin\/wp-content\/uploads\/cocuklarda-gece-teroru-kac-yasinda-baslar-hangi-doktora-gidilir-3-1024x576.jpg 1024w, https:\/\/www.tgrthaber.com\/mavikadin\/wp-content\/uploads\/cocuklarda-gece-teroru-kac-yasinda-baslar-hangi-doktora-gidilir-3-768x432.jpg 768w, https:\/\/www.tgrthaber.com\/mavikadin\/wp-content\/uploads\/cocuklarda-gece-teroru-kac-yasinda-baslar-hangi-doktora-gidilir-3-1536x864.jpg 1536w\" sizes=\"(max-width: 1208px) 100vw, 1208px\" \/><\/p>\n<hr \/>\n<h3>\u00c7OCUKLARDA GECE TER\u00d6R\u00dc ESNASINDA NELER YAPMALI, GECE TER\u00d6R\u00dc NASIL GE\u00c7ER?<\/h3>\n<p>Ebeveynler olarak so\u011fukkanl\u0131 ve sakin kalmal\u0131, bu durum \u00e7ocuklarda yayg\u0131n kar\u015f\u0131la\u015f\u0131lan bir uyku bozuklu\u011fudur.<\/p>\n<p>\u00c7ocukta gece ter\u00f6r\u00fc ile kar\u015f\u0131la\u015f\u0131nca \u00e7ocu\u011fu uyand\u0131rmaya \u00e7al\u0131\u015fmamal\u0131, sakinle\u015ftirmek ve kendisine zarar vermesini \u00f6nlemek i\u00e7in sar\u0131labilir, ninni s\u00f6ylenilebilir.<\/p>\n<p>K\u0131s\u0131k ses tonuyla \u201cAnnecim yan\u0131nday\u0131m, g\u00fcvendesin ge\u00e7ti\u201d gibi ifadeler kullan\u0131labilir.<\/p>\n<p>Sessizce bu an\u0131n ge\u00e7mesi beklenebilir.<\/p>\n<p>S\u0131k s\u0131k bu durum meydana geliyorsa \u00e7ocuk n\u00f6rolojisi ve \u00e7ocuk psikiyatrisine ba\u015fvurmal\u0131d\u0131r.<\/p>\n<p><img loading=\"lazy\" decoding=\"async\" class=\"size-full wp-image-120304\" src=\"https:\/\/www.tgrthaber.com\/mavikadin\/wp-content\/uploads\/cocuklarda-gece-teroru-kac-yasinda-baslar-hangi-doktora-gidilir-5.jpg\" alt=\"\u00e7ocuklarda gece ter\u00f6r\u00fc ka\u00e7 ya\u015f\u0131nda ba\u015flar, hangi doktora gidilir\" width=\"1920\" height=\"1080\" title=\"\" srcset=\"https:\/\/www.tgrthaber.com\/mavikadin\/wp-content\/uploads\/cocuklarda-gece-teroru-kac-yasinda-baslar-hangi-doktora-gidilir-5.jpg 1920w, https:\/\/www.tgrthaber.com\/mavikadin\/wp-content\/uploads\/cocuklarda-gece-teroru-kac-yasinda-baslar-hangi-doktora-gidilir-5-300x169.jpg 300w, https:\/\/www.tgrthaber.com\/mavikadin\/wp-content\/uploads\/cocuklarda-gece-teroru-kac-yasinda-baslar-hangi-doktora-gidilir-5-1024x576.jpg 1024w, https:\/\/www.tgrthaber.com\/mavikadin\/wp-content\/uploads\/cocuklarda-gece-teroru-kac-yasinda-baslar-hangi-doktora-gidilir-5-768x432.jpg 768w, https:\/\/www.tgrthaber.com\/mavikadin\/wp-content\/uploads\/cocuklarda-gece-teroru-kac-yasinda-baslar-hangi-doktora-gidilir-5-1536x864.jpg 1536w\" sizes=\"(max-width: 1920px) 100vw, 1920px\" \/><\/p>\n<hr \/>\n<h3>\u00c7OCUKLARDA GECE TER\u00d6R\u00dc ESNASINDA HANG\u0130 SURELER OKUNUR?<\/h3>\n<p>Kuran-\u0131 Kerim&#8217;in her harfinde maddi manevi hastal\u0131klara \u015fifa vard\u0131r.\u00a0 \u015eifa niyetine Ayetel k\u00fcrsi, Felak, Nas, Fatiha gibi sureler okunup \u00e7ocu\u011fa \u00fcflenebilir.<\/p>\n<h3>GECE TER\u00d6R\u00dc \u0130LE KABUS ARASINDAK\u0130 FARK NED\u0130R?<\/h3>\n<p>Gece ter\u00f6r\u00fc ve kabus farkl\u0131 kavramlard\u0131r.<\/p>\n<p>Gece ter\u00f6r\u00fc esnas\u0131nda \u00e7ocu\u011fun g\u00f6zleri a\u00e7\u0131k olsa bile bilinci kapal\u0131 fakat kabus g\u00f6ren \u00e7ocuk uykudan uyanm\u0131\u015f bilinci a\u00e7\u0131kt\u0131r.<\/p>\n<p>Gece ter\u00f6r\u00fcnde ertesi g\u00fcn \u00e7ocuk gece ya\u015fad\u0131\u011f\u0131 olay\u0131 hat\u0131rlamaz, kabus g\u00f6ren \u00e7ocuk hat\u0131rlay\u0131p size anlatabilir.<\/p>\n<p>Kabus k\u0131sa s\u00fcrer, uyanma ile son bulur gece ter\u00f6r\u00fc ise yar\u0131m saat boyunca devam edebilir.<\/p>\n","protected":false},"excerpt":{"rendered":"<p>Gece ter\u00f6r\u00fc \u00e7ocuklarda derin uykuda ortaya \u00e7\u0131kan, \u00e7ocu\u011fun aniden a\u011flayarak, \u00e7\u0131\u011fl\u0131k atarak uyanmas\u0131 gibi belirtiler veren, genellikle ergenlikle birlikte ge\u00e7en bir uyku sorunudur. \u00c7ocuk Geli\u015fimi Uzman\u0131 Selma Yenido\u011fan \u00e7ocuklarda gece ter\u00f6r\u00fc belirtileri, nedenleri ve tedavisi hakk\u0131nda \u015fu ifadelerde bulundu:<\/p>\n","protected":false},"author":30,"featured_media":120296,"comment_status":"closed","ping_status":"closed","sticky":false,"template":"","format":"standard","meta":{"rank_math_lock_modified_date":false,"footnotes":""},"categories":[111],"tags":[7810,7811],"class_list":["post-120295","post","type-post","status-publish","format-standard","has-post-thumbnail","hentry","category-anne-cocuk","tag-gece-teroru","tag-uyku-teroru"],"_links":{"self":[{"href":"https:\/\/www.tgrthaber.com\/mavikadin\/wp-json\/wp\/v2\/posts\/120295"}],"collection":[{"href":"https:\/\/www.tgrthaber.com\/mavikadin\/wp-json\/wp\/v2\/posts"}],"about":[{"href":"https:\/\/www.tgrthaber.com\/mavikadin\/wp-json\/wp\/v2\/types\/post"}],"author":[{"embeddable":true,"href":"https:\/\/www.tgrthaber.com\/mavikadin\/wp-json\/wp\/v2\/users\/30"}],"replies":[{"embeddable":true,"href":"https:\/\/www.tgrthaber.com\/mavikadin\/wp-json\/wp\/v2\/comments?post=120295"}],"version-history":[{"count":2,"href":"https:\/\/www.tgrthaber.com\/mavikadin\/wp-json\/wp\/v2\/posts\/120295\/revisions"}],"predecessor-version":[{"id":120314,"href":"https:\/\/www.tgrthaber.com\/mavikadin\/wp-json\/wp\/v2\/posts\/120295\/revisions\/120314"}],"wp:featuredmedia":[{"embeddable":true,"href":"https:\/\/www.tgrthaber.com\/mavikadin\/wp-json\/wp\/v2\/media\/120296"}],"wp:attachment":[{"href":"https:\/\/www.tgrthaber.com\/mavikadin\/wp-json\/wp\/v2\/media?parent=120295"}],"wp:term":[{"taxonomy":"category","embeddable":true,"href":"https:\/\/www.tgrthaber.com\/mavikadin\/wp-json\/wp\/v2\/categories?post=120295"},{"taxonomy":"post_tag","embeddable":true,"href":"https:\/\/www.tgrthaber.com\/mavikadin\/wp-json\/wp\/v2\/tags?post=120295"}],"curies":[{"name":"wp","href":"https:\/\/api.w.org\/{rel}","templated":true}]}}