{"id":120387,"date":"2025-01-12T14:53:42","date_gmt":"2025-01-12T11:53:42","guid":{"rendered":"https:\/\/www.tgrthaber.com\/mavikadin\/?p=120387"},"modified":"2025-01-12T14:57:55","modified_gmt":"2025-01-12T11:57:55","slug":"cannesda-tarih-yazan-merve-dizdar-bu-defa-sovalyelik-nisani-alacak","status":"publish","type":"post","link":"https:\/\/www.tgrthaber.com\/mavikadin\/cannesda-tarih-yazan-merve-dizdar-bu-defa-sovalyelik-nisani-alacak\/","title":{"rendered":"Cannes\u2019da tarih yazan Merve Dizdar bu defa \u015f\u00f6valyelik ni\u015fan\u0131 alacak"},"content":{"rendered":"<p>Cannes Film Festivali\u2019nde b\u00fcy\u00fck bir ba\u015far\u0131ya imza atan Merve Dizdar, Nuri Bilge Ceylan\u2019\u0131n y\u00f6netti\u011fi Kuru Otlar \u00dcst\u00fcne filmindeki performans\u0131yla En \u0130yi Kad\u0131n Oyuncu \u00d6d\u00fcl\u00fc\u2019n\u00fc kazand\u0131. Filmde Nuray karakterine hayat veren Dizdar, \u00f6d\u00fcl konu\u015fmas\u0131nda verdi\u011fi mesajla da alk\u0131\u015f ald\u0131.<\/p>\n<p>Merve Dizdar \u00f6d\u00fcl konu\u015fmas\u0131nda, Nuray karakterinin varolu\u015f m\u00fccadelesine dikkat \u00e7ekerek \u015funlar\u0131 s\u00f6yledi:<br \/>\n\u201cNuray, inand\u0131\u011f\u0131 de\u011ferler u\u011fruna bedel \u00f6deyen bir kad\u0131n. Onu tan\u0131mak i\u00e7in uzun uzun \u00e7al\u0131\u015fmak isterdim ama ne yaz\u0131k ki ya\u015fad\u0131\u011f\u0131m co\u011frafyada bir kad\u0131n olmak, Nuray\u2019\u0131n hislerini ezbere bilmeyi gerektiriyor.\u201d<\/p>\n<h3>KURU OTLAR \u00dcST\u00dcNDE \u0130LE GELEN \u00d6D\u00dcL<\/h3>\n<p>Kuru Otlar \u00dcst\u00fcne, T\u00fcrkiye\u2019nin \u00fccra bir k\u00f6y\u00fcnde zorunlu hizmetini tamamlayan gen\u00e7 resim \u00f6\u011fretmeni Samet\u2019in (Deniz Celilo\u011flu) hikayesini anlat\u0131yor. Samet, hayata dair umutlar\u0131n\u0131 yitirdi\u011fi bir d\u00f6nemde, Nuray (Merve Dizdar) ile tan\u0131\u015f\u0131r.<\/p>\n<p><img loading=\"lazy\" decoding=\"async\" class=\"alignnone size-full wp-image-120393\" src=\"https:\/\/www.tgrthaber.com\/mavikadin\/wp-content\/uploads\/Yeni-Proje-27-5.jpg\" alt=\"\" width=\"1208\" height=\"680\" title=\"\" srcset=\"https:\/\/www.tgrthaber.com\/mavikadin\/wp-content\/uploads\/Yeni-Proje-27-5.jpg 1208w, https:\/\/www.tgrthaber.com\/mavikadin\/wp-content\/uploads\/Yeni-Proje-27-5-300x169.jpg 300w, https:\/\/www.tgrthaber.com\/mavikadin\/wp-content\/uploads\/Yeni-Proje-27-5-1024x576.jpg 1024w, https:\/\/www.tgrthaber.com\/mavikadin\/wp-content\/uploads\/Yeni-Proje-27-5-768x432.jpg 768w\" sizes=\"(max-width: 1208px) 100vw, 1208px\" \/><\/p>\n<hr \/>\n<h3>MERVE D\u0130ZDAR&#8217;A \u015e\u00d6VALYEL\u0130K N\u0130\u015eANI<\/h3>\n<p>Cannes ba\u015far\u0131s\u0131n\u0131n ard\u0131ndan Merve Dizdar\u2019a Fransa\u2019n\u0131n prestijli Sanat ve Edebiyat \u015e\u00f6valyelik Ni\u015fan\u0131 (Ordre des Arts et des Lettres) verilecek. Daha \u00f6nce Ajda Pekkan ve Nuri Bilge Ceylan gibi isimlere lay\u0131k g\u00f6r\u00fclen ni\u015fan, 28 Ocak\u2019ta d\u00fczenlenecek \u00f6zel bir t\u00f6renle Merve Dizdar\u2019a takdim edilecek.<\/p>\n<p><img loading=\"lazy\" decoding=\"async\" class=\"alignnone size-full wp-image-120388\" src=\"https:\/\/www.tgrthaber.com\/mavikadin\/wp-content\/uploads\/Yeni-Proje-28-4.jpg\" alt=\"\" width=\"1208\" height=\"680\" title=\"\" srcset=\"https:\/\/www.tgrthaber.com\/mavikadin\/wp-content\/uploads\/Yeni-Proje-28-4.jpg 1208w, https:\/\/www.tgrthaber.com\/mavikadin\/wp-content\/uploads\/Yeni-Proje-28-4-300x169.jpg 300w, https:\/\/www.tgrthaber.com\/mavikadin\/wp-content\/uploads\/Yeni-Proje-28-4-1024x576.jpg 1024w, https:\/\/www.tgrthaber.com\/mavikadin\/wp-content\/uploads\/Yeni-Proje-28-4-768x432.jpg 768w\" sizes=\"(max-width: 1208px) 100vw, 1208px\" \/><\/p>\n<hr \/>\n<h3>MERVE D\u0130ZDAR K\u0130MD\u0130R?<\/h3>\n<p>\u0130zmir\u2019de 1986 y\u0131l\u0131nda do\u011fan Merve Dizdar, \u00c7anakkale Onsekiz Mart \u00dcniversitesi G\u00fczel Sanatlar Fak\u00fcltesi Oyunculuk B\u00f6l\u00fcm\u00fc\u2019nden mezun oldu. Dizdar daha sonra Kadir Has \u00dcniversitesi\u2019nde ileri oyunculuk \u00fczerine y\u00fcksek lisans yapt\u0131.<\/p>\n<p>Tiyatro kariyerine Semaver Kumpanya ile ad\u0131m atan Dizdar, Craft Tiyatro\u2019da \u00f6nemli projelerde yer ald\u0131. Sinema d\u00fcnyas\u0131na Bir Ses B\u00f6ler Geceyi filmiyle giri\u015f yapt\u0131 ve televizyon dizilerinde de \u00f6nemli roller \u00fcstlendi.<\/p>\n<p><img loading=\"lazy\" decoding=\"async\" class=\"alignnone size-full wp-image-120390\" src=\"https:\/\/www.tgrthaber.com\/mavikadin\/wp-content\/uploads\/Yeni-Proje-25-5.jpg\" alt=\"\" width=\"1208\" height=\"680\" title=\"\" srcset=\"https:\/\/www.tgrthaber.com\/mavikadin\/wp-content\/uploads\/Yeni-Proje-25-5.jpg 1208w, https:\/\/www.tgrthaber.com\/mavikadin\/wp-content\/uploads\/Yeni-Proje-25-5-300x169.jpg 300w, https:\/\/www.tgrthaber.com\/mavikadin\/wp-content\/uploads\/Yeni-Proje-25-5-1024x576.jpg 1024w, https:\/\/www.tgrthaber.com\/mavikadin\/wp-content\/uploads\/Yeni-Proje-25-5-768x432.jpg 768w\" sizes=\"(max-width: 1208px) 100vw, 1208px\" \/><\/p>\n<hr \/>\n<p>Dizdar\u2019\u0131n rol ald\u0131\u011f\u0131 projeler aras\u0131nda Kavak Yelleri, Masumlar Apartman\u0131, Be\u015f Karde\u015f, ve \u015fu anda yay\u0131nlanan \u00d6mer dizisi bulunuyor. Ayr\u0131ca TRT \u00c7ocuk\u2019ta Arkada\u015f\u0131m B\u0131d\u0131 ve 23 Nisan \u015eenli\u011fe Do\u011fru adl\u0131 \u00e7ocuk programlar\u0131n\u0131n sunuculu\u011funu yapt\u0131.<\/p>\n<p>Rol ald\u0131\u011f\u0131 diziler: Kavak Yelleri, Geni\u015f Aile, Masumlar Apartman\u0131, \u00d6mer<\/p>\n<p>Oynad\u0131\u011f\u0131 filmler: Bir Ses B\u00f6ler Geceyi, Kuru Otlar \u00dcst\u00fcne<\/p>\n<p>Tiyatro: Semaver Kumpanya ve Craft Tiyatro\u2019da say\u0131s\u0131z oyun<\/p>\n<p><img loading=\"lazy\" decoding=\"async\" class=\"alignnone size-full wp-image-120392\" src=\"https:\/\/www.tgrthaber.com\/mavikadin\/wp-content\/uploads\/Yeni-Proje-26-4.jpg\" alt=\"\" width=\"1208\" height=\"680\" title=\"\" srcset=\"https:\/\/www.tgrthaber.com\/mavikadin\/wp-content\/uploads\/Yeni-Proje-26-4.jpg 1208w, https:\/\/www.tgrthaber.com\/mavikadin\/wp-content\/uploads\/Yeni-Proje-26-4-300x169.jpg 300w, https:\/\/www.tgrthaber.com\/mavikadin\/wp-content\/uploads\/Yeni-Proje-26-4-1024x576.jpg 1024w, https:\/\/www.tgrthaber.com\/mavikadin\/wp-content\/uploads\/Yeni-Proje-26-4-768x432.jpg 768w\" sizes=\"(max-width: 1208px) 100vw, 1208px\" \/><\/p>\n<hr \/>\n<p>Merve Dizdar, Cannes Film Festivali\u2019nde En \u0130yi Kad\u0131n Oyuncu \u00d6d\u00fcl\u00fc alan ilk T\u00fcrk kad\u0131n oyuncu olarak tarihe ge\u00e7ti.<\/p>\n","protected":false},"excerpt":{"rendered":"<p>Merve Dizdar, Cannes Film Festivali\u2019nde En \u0130yi Kad\u0131n Oyuncu \u00d6d\u00fcl\u00fc\u2019n\u00fc kazanan ilk T\u00fcrk kad\u0131n oyuncu olarak tarihe ge\u00e7ti. Nuri Bilge Ceylan\u2019\u0131n y\u00f6netti\u011fi Kuru Otlar \u00dcst\u00fcne filmindeki performans\u0131yla dikkat \u00e7eken Dizdar bu defa \u015f\u00f6valyelik ni\u015fan\u0131 alacak.<\/p>\n","protected":false},"author":4,"featured_media":120394,"comment_status":"closed","ping_status":"closed","sticky":false,"template":"","format":"standard","meta":{"rank_math_lock_modified_date":false,"footnotes":""},"categories":[76],"tags":[7836,2921],"class_list":["post-120387","post","type-post","status-publish","format-standard","has-post-thumbnail","hentry","category-magazin","tag-cannes-film-festivali","tag-merve-dizdar"],"_links":{"self":[{"href":"https:\/\/www.tgrthaber.com\/mavikadin\/wp-json\/wp\/v2\/posts\/120387"}],"collection":[{"href":"https:\/\/www.tgrthaber.com\/mavikadin\/wp-json\/wp\/v2\/posts"}],"about":[{"href":"https:\/\/www.tgrthaber.com\/mavikadin\/wp-json\/wp\/v2\/types\/post"}],"author":[{"embeddable":true,"href":"https:\/\/www.tgrthaber.com\/mavikadin\/wp-json\/wp\/v2\/users\/4"}],"replies":[{"embeddable":true,"href":"https:\/\/www.tgrthaber.com\/mavikadin\/wp-json\/wp\/v2\/comments?post=120387"}],"version-history":[{"count":2,"href":"https:\/\/www.tgrthaber.com\/mavikadin\/wp-json\/wp\/v2\/posts\/120387\/revisions"}],"predecessor-version":[{"id":120398,"href":"https:\/\/www.tgrthaber.com\/mavikadin\/wp-json\/wp\/v2\/posts\/120387\/revisions\/120398"}],"wp:featuredmedia":[{"embeddable":true,"href":"https:\/\/www.tgrthaber.com\/mavikadin\/wp-json\/wp\/v2\/media\/120394"}],"wp:attachment":[{"href":"https:\/\/www.tgrthaber.com\/mavikadin\/wp-json\/wp\/v2\/media?parent=120387"}],"wp:term":[{"taxonomy":"category","embeddable":true,"href":"https:\/\/www.tgrthaber.com\/mavikadin\/wp-json\/wp\/v2\/categories?post=120387"},{"taxonomy":"post_tag","embeddable":true,"href":"https:\/\/www.tgrthaber.com\/mavikadin\/wp-json\/wp\/v2\/tags?post=120387"}],"curies":[{"name":"wp","href":"https:\/\/api.w.org\/{rel}","templated":true}]}}