{"id":120399,"date":"2025-01-12T15:14:22","date_gmt":"2025-01-12T12:14:22","guid":{"rendered":"https:\/\/www.tgrthaber.com\/mavikadin\/?p=120399"},"modified":"2025-01-12T15:14:22","modified_gmt":"2025-01-12T12:14:22","slug":"ezgi-moladan-tepki-ceken-tekellesme-paylasimi-oh-oh-dokun-taslarinizi","status":"publish","type":"post","link":"https:\/\/www.tgrthaber.com\/mavikadin\/ezgi-moladan-tepki-ceken-tekellesme-paylasimi-oh-oh-dokun-taslarinizi\/","title":{"rendered":"Ezgi Mola\u2019dan tepki \u00e7eken tekelle\u015fme payla\u015f\u0131m\u0131: Oh oh d\u00f6k\u00fcn ta\u015flar\u0131n\u0131z\u0131&#8230;"},"content":{"rendered":"<p class=\"p1\">\u00dcnl\u00fc menajer Ay\u015fe Bar\u0131m hakk\u0131ndaki \u201cpiyasaya h\u00e2kimiyet kurma\u201d iddialar\u0131 magazin d\u00fcnyas\u0131nda adeta deprem etkisi yapt\u0131. Bar\u0131m\u2019\u0131n, kendisine boyun e\u011fmeyenleri sekt\u00f6rden uzakla\u015ft\u0131rd\u0131\u011f\u0131 y\u00f6n\u00fcndeki s\u00f6ylentiler, \u00f6zellikle sosyal medyada geni\u015f yank\u0131 buldu. Bu geli\u015fmelerin \u00fczerine, \u00fcnl\u00fc oyuncu Ezgi Mola\u2019n\u0131n sosyal medya hesab\u0131ndan yapt\u0131\u011f\u0131 dikkat \u00e7ekici payla\u015f\u0131m g\u00fcndeme damga vurdu. Mola, &#8220;Oh, oh d\u00f6k\u00fcn ta\u015flar\u0131n\u0131z\u0131&#8221; ifadelerini kullanarak bir\u00e7ok ki\u015finin dikkatini \u00e7ekerken, payla\u015f\u0131m\u0131 \u00e7e\u015fitli yorumlara neden oldu. Kimi sosyal medya kullan\u0131c\u0131lar\u0131 bu ifadeyi sekt\u00f6rdeki mevcut krizle ili\u015fkilendirerek Ezgi Mola\u2019n\u0131n bir mesaj verdi\u011fini d\u00fc\u015f\u00fcnd\u00fc, kimileri ise bu a\u00e7\u0131klamaya tepki g\u00f6sterdi. G\u00fcndemdeki bu tart\u0131\u015fmalar, sekt\u00f6rde perde arkas\u0131nda neler ya\u015fand\u0131\u011f\u0131na dair merak uyand\u0131r\u0131rken, Ezgi Mola\u2019n\u0131n payla\u015f\u0131m\u0131 olaylar\u0131n daha da b\u00fcy\u00fcmesine yol a\u00e7t\u0131. \u00d6te yandan, Bar\u0131m cephesinden hen\u00fcz bir a\u00e7\u0131klama gelmemesi, s\u00f6ylentilerin do\u011frulu\u011funa dair belirsizli\u011fi koruyor.<\/p>\n<h3>AY\u015eE BARIM OLAYI B\u00dcY\u00dcYOR<\/h3>\n<p class=\"p1\">D \u0130leti\u015fim\u2019in kurucusu ve \u00fcnl\u00fc menajer Ay\u015fe Bar\u0131m hakk\u0131nda ortaya at\u0131lan ciddi iddialar, magazin d\u00fcnyas\u0131n\u0131 kar\u0131\u015ft\u0131rd\u0131. \u0130ddialara g\u00f6re Bar\u0131m, kendisine ba\u011fl\u0131 olmayan oyuncular\u0131 sekt\u00f6rden d\u0131\u015flamaya \u00e7al\u0131\u015f\u0131rken, kendi temsil etti\u011fi isimlerin kariyerinde \u00f6ncelik tan\u0131yordu. Bu durumun, baz\u0131 oyuncular\u0131n i\u015f bulmas\u0131n\u0131 engelledi\u011fi ve sekt\u00f6rde haks\u0131z bir rekabet ortam\u0131 olu\u015fturdu\u011funu \u00f6ne s\u00fcr\u00fcld\u00fc.<\/p>\n<p><img loading=\"lazy\" decoding=\"async\" class=\"alignnone wp-image-120401 \" src=\"https:\/\/www.tgrthaber.com\/mavikadin\/wp-content\/uploads\/Ekran-Resmi-2025-01-12-15.08.16.png\" alt=\"\" width=\"992\" height=\"611\" title=\"\" srcset=\"https:\/\/www.tgrthaber.com\/mavikadin\/wp-content\/uploads\/Ekran-Resmi-2025-01-12-15.08.16.png 938w, https:\/\/www.tgrthaber.com\/mavikadin\/wp-content\/uploads\/Ekran-Resmi-2025-01-12-15.08.16-300x185.png 300w, https:\/\/www.tgrthaber.com\/mavikadin\/wp-content\/uploads\/Ekran-Resmi-2025-01-12-15.08.16-768x473.png 768w\" sizes=\"(max-width: 992px) 100vw, 992px\" \/><\/p>\n<hr \/>\n<p class=\"p1\">Sosyal medyada h\u0131zla yay\u0131lan bu s\u00f6ylentiler, oyuncular ve sekt\u00f6r \u00e7al\u0131\u015fanlar\u0131 aras\u0131nda da ayr\u0131\u015fmaya neden oldu. Kimileri Bar\u0131m\u2019a destek vererek iddialar\u0131n as\u0131ls\u0131z oldu\u011funu savunurken, baz\u0131 oyuncular ise bu durumu bizzat ya\u015fad\u0131klar\u0131n\u0131 belirtti. \u00d6zellikle sekt\u00f6rde uzun s\u00fcredir i\u015f bulamayan baz\u0131 isimler, bu t\u00fcr manip\u00fclasyonlar\u0131n sekt\u00f6rdeki sorunlar\u0131 derinle\u015ftirdi\u011fini ifade etti. Ay\u015fe Bar\u0131m cephesinden hen\u00fcz resmi bir a\u00e7\u0131klama gelmemi\u015f olsa da, sekt\u00f6rdeki bu tart\u0131\u015fmalar\u0131n nas\u0131l bir sonuca varaca\u011f\u0131 merak konusu. G\u00f6zler, hem Bar\u0131m\u2019\u0131n hem de iddialarda ad\u0131 ge\u00e7en oyuncular\u0131n yapaca\u011f\u0131 a\u00e7\u0131klamalarda.<\/p>\n<p><img loading=\"lazy\" decoding=\"async\" class=\"alignnone wp-image-120402 \" src=\"https:\/\/www.tgrthaber.com\/mavikadin\/wp-content\/uploads\/Ekran-Resmi-2025-01-12-15.09.18.png\" alt=\"\" width=\"985\" height=\"1632\" title=\"\"><\/p>\n<hr \/>\n<h3>EZG\u0130 MOLA&#8217;DAN TEPK\u0130 \u00c7EKEN TEKELLE\u015eME PAYLA\u015eIMI<\/h3>\n<p class=\"p3\">Bar\u0131m ile ilgili iddialar magazin g\u00fcndemindeki s\u0131cakl\u0131\u011f\u0131n\u0131 korurken, \u00fcnl\u00fc oyuncu Ezgi Mola\u2019n\u0131n sosyal medya payla\u015f\u0131m\u0131 tart\u0131\u015fmalar\u0131 daha da alevlendirdi. Mola, Instagram hesab\u0131ndan yapt\u0131\u011f\u0131 payla\u015f\u0131mda, \u201cOh oh d\u00f6k\u00fcn ta\u015flar\u0131n\u0131z\u0131\u201d ifadelerini kullanarak dikkatleri \u00fczerine \u00e7ekti. Bu payla\u015f\u0131m, \u00f6zellikle sosyal medya kullan\u0131c\u0131lar\u0131 aras\u0131nda geni\u015f bir yank\u0131 uyand\u0131rd\u0131.<\/p>\n<p><img loading=\"lazy\" decoding=\"async\" class=\"alignnone wp-image-120403 size-full\" src=\"https:\/\/www.tgrthaber.com\/mavikadin\/wp-content\/uploads\/Ekran-Resmi-2025-01-12-15.08.21.png\" alt=\"\" width=\"988\" height=\"576\" title=\"\" srcset=\"https:\/\/www.tgrthaber.com\/mavikadin\/wp-content\/uploads\/Ekran-Resmi-2025-01-12-15.08.21.png 988w, https:\/\/www.tgrthaber.com\/mavikadin\/wp-content\/uploads\/Ekran-Resmi-2025-01-12-15.08.21-300x175.png 300w, https:\/\/www.tgrthaber.com\/mavikadin\/wp-content\/uploads\/Ekran-Resmi-2025-01-12-15.08.21-768x448.png 768w\" sizes=\"(max-width: 988px) 100vw, 988px\" \/><\/p>\n<hr \/>\n<h3 class=\"p3\"><b>TEPK\u0130LER \u00c7I\u011e G\u0130B\u0130 B\u00dcY\u00dcD\u00dc<\/b><\/h3>\n<p class=\"p3\">Mola\u2019n\u0131n payla\u015f\u0131m\u0131, bir\u00e7ok ki\u015fi taraf\u0131ndan g\u00fcndemdeki sekt\u00f6r krizine g\u00f6nderme olarak yorumland\u0131 ve ele\u015ftirilerin hedefi haline geldi. Kullan\u0131c\u0131lar, \u201cKaravan\u0131ndan oturmu\u015f, d\u00f6k\u00fcn i\u00e7inizi diyerek alay ediyor\u201d, \u201cKomik olan nedir, insanlar\u0131n i\u015fsiz b\u0131rak\u0131lmas\u0131 m\u0131?\u201d ve \u201cBir insan\u0131n kendine yapt\u0131\u011f\u0131 k\u00f6t\u00fcl\u00fc\u011f\u00fc kimse yapamaz s\u00f6z\u00fcn\u00fcn ya\u015fayan \u00f6rne\u011fi Ezgi Mola\u201d gibi ifadelerle tepkilerini dile getirdi.<\/p>\n","protected":false},"excerpt":{"rendered":"<p>\u00dcnl\u00fc menajer Ay\u015fe Bar\u0131m hakk\u0131ndaki \u201csekt\u00f6re h\u00e2kimiyet\u201d iddialar\u0131 tart\u0131\u015f\u0131lmaya devam ederken, Ezgi Mola\u2019n\u0131n sosyal medya payla\u015f\u0131m\u0131 g\u00fcndeme damgas\u0131n\u0131 vurdu. Mola\u2019n\u0131n \u201cOh, oh d\u00f6k\u00fcn ta\u015flar\u0131n\u0131z\u0131\u201d ifadelerini kulland\u0131\u011f\u0131 bu payla\u015f\u0131m, sekt\u00f6rdeki krize g\u00f6nderme olarak yorumland\u0131. Pek \u00e7ok sosyal medya kullan\u0131c\u0131s\u0131, bu ifadeyi ele\u015ftirirken, payla\u015f\u0131m sekt\u00f6rdeki tart\u0131\u015fmalar\u0131n daha da b\u00fcy\u00fcmesine neden oldu.<\/p>\n","protected":false},"author":16,"featured_media":120404,"comment_status":"closed","ping_status":"closed","sticky":false,"template":"","format":"standard","meta":{"rank_math_lock_modified_date":false,"footnotes":""},"categories":[76],"tags":[7837,7838],"class_list":["post-120399","post","type-post","status-publish","format-standard","has-post-thumbnail","hentry","category-magazin","tag-ezgi-mola-ayse-barim","tag-ezgi-mola-tekellesme-paylasimi"],"_links":{"self":[{"href":"https:\/\/www.tgrthaber.com\/mavikadin\/wp-json\/wp\/v2\/posts\/120399"}],"collection":[{"href":"https:\/\/www.tgrthaber.com\/mavikadin\/wp-json\/wp\/v2\/posts"}],"about":[{"href":"https:\/\/www.tgrthaber.com\/mavikadin\/wp-json\/wp\/v2\/types\/post"}],"author":[{"embeddable":true,"href":"https:\/\/www.tgrthaber.com\/mavikadin\/wp-json\/wp\/v2\/users\/16"}],"replies":[{"embeddable":true,"href":"https:\/\/www.tgrthaber.com\/mavikadin\/wp-json\/wp\/v2\/comments?post=120399"}],"version-history":[{"count":1,"href":"https:\/\/www.tgrthaber.com\/mavikadin\/wp-json\/wp\/v2\/posts\/120399\/revisions"}],"predecessor-version":[{"id":120405,"href":"https:\/\/www.tgrthaber.com\/mavikadin\/wp-json\/wp\/v2\/posts\/120399\/revisions\/120405"}],"wp:featuredmedia":[{"embeddable":true,"href":"https:\/\/www.tgrthaber.com\/mavikadin\/wp-json\/wp\/v2\/media\/120404"}],"wp:attachment":[{"href":"https:\/\/www.tgrthaber.com\/mavikadin\/wp-json\/wp\/v2\/media?parent=120399"}],"wp:term":[{"taxonomy":"category","embeddable":true,"href":"https:\/\/www.tgrthaber.com\/mavikadin\/wp-json\/wp\/v2\/categories?post=120399"},{"taxonomy":"post_tag","embeddable":true,"href":"https:\/\/www.tgrthaber.com\/mavikadin\/wp-json\/wp\/v2\/tags?post=120399"}],"curies":[{"name":"wp","href":"https:\/\/api.w.org\/{rel}","templated":true}]}}