{"id":120407,"date":"2025-01-12T15:58:56","date_gmt":"2025-01-12T12:58:56","guid":{"rendered":"https:\/\/www.tgrthaber.com\/mavikadin\/?p=120407"},"modified":"2025-01-12T15:58:56","modified_gmt":"2025-01-12T12:58:56","slug":"deha-bilimlerin-bobreginde-3-cm-kist-tespit-edildi-deha-bilimler-kac-yasinda-hayati-arastiriliyor","status":"publish","type":"post","link":"https:\/\/www.tgrthaber.com\/mavikadin\/deha-bilimlerin-bobreginde-3-cm-kist-tespit-edildi-deha-bilimler-kac-yasinda-hayati-arastiriliyor\/","title":{"rendered":"Deha Bilimler&#8217;in b\u00f6bre\u011finde 3 cm kist tespit edildi! Deha Bilimler ka\u00e7 ya\u015f\u0131nda? Hayat\u0131 ara\u015ft\u0131r\u0131l\u0131yor!"},"content":{"rendered":"<p class=\"p1\">M\u00fczik piyasas\u0131n\u0131n sevilen isimleri aras\u0131nda yer alan Deha Bilimlier bir\u00e7ok mekanda sahne performans\u0131n\u0131 sergilemeye devam ediyor. \u00dcnl\u00fc \u015fark\u0131c\u0131 son olarak ya\u015fad\u0131\u011f\u0131 sa\u011fl\u0131k problemiyle g\u00fcndeme geldi. Deha Bilimler&#8217;in son sa\u011fl\u0131k kontrolleri s\u0131ras\u0131nda b\u00f6bre\u011finde 3 cm&#8217;lik bir kist tespit edildi. Yap\u0131lan detayl\u0131 incelemeler sonucu, \u015fark\u0131c\u0131n\u0131n hastal\u0131\u011f\u0131n\u0131n iyi huylu bir t\u00fcm\u00f6r oldu\u011fu belirlendi. Ameliyat\u0131n ard\u0131ndan yap\u0131lan testler, \u015fark\u0131c\u0131n\u0131n sa\u011fl\u0131k durumunun d\u00fczelmeye ba\u015flad\u0131\u011f\u0131n\u0131 g\u00f6sterdi. Bu s\u00fcre\u00e7le ilgili konu\u015fan \u00fcnl\u00fc isim, erken te\u015fhisin ne kadar \u00f6nemli oldu\u011funu vurgulayarak, sa\u011fl\u0131k kontrollerinin hayat kurtar\u0131c\u0131 rol\u00fcne dikkat \u00e7ekti.<\/p>\n<h3>DEHA B\u0130L\u0130MLER&#8217;\u0130N B\u00d6BRE\u011e\u0130NDE 3 CM K\u0130ST TESP\u0130T ED\u0130LD\u0130<\/h3>\n<p class=\"p1\">\u00dcnl\u00fc \u015fark\u0131c\u0131 Deha Bilimler, ge\u00e7ti\u011fimiz g\u00fcnlerde yapt\u0131\u011f\u0131 sa\u011fl\u0131k kontrolleri s\u0131ras\u0131nda b\u00f6bre\u011finde 3 cm&#8217;lik bir kist bulundu\u011funu \u00f6\u011frendi. Yap\u0131lan ileri d\u00fczey incelemeler sonucunda, kistin iyi huylu bir t\u00fcm\u00f6r oldu\u011fu belirlendi. Ameliyat s\u00fcrecinin ard\u0131ndan yap\u0131lan testler, \u015fark\u0131c\u0131n\u0131n sa\u011fl\u0131k durumunun h\u0131zla iyile\u015fti\u011fini ortaya koydu. Konuyla ilgili a\u00e7\u0131klamalarda bulunan Deha Bilimler, erken te\u015fhisin hayat kurtar\u0131c\u0131 bir \u00f6neme sahip oldu\u011funu vurgulad\u0131 ve d\u00fczenli sa\u011fl\u0131k kontrollerinin ne kadar kritik oldu\u011funu dinleyicileriyle payla\u015ft\u0131.<\/p>\n<p><img loading=\"lazy\" decoding=\"async\" class=\"alignnone wp-image-120432 \" src=\"https:\/\/www.tgrthaber.com\/mavikadin\/wp-content\/uploads\/Ekran-Resmi-2025-01-12-15.55.05.png\" alt=\"\" width=\"992\" height=\"609\" title=\"\" srcset=\"https:\/\/www.tgrthaber.com\/mavikadin\/wp-content\/uploads\/Ekran-Resmi-2025-01-12-15.55.05.png 932w, https:\/\/www.tgrthaber.com\/mavikadin\/wp-content\/uploads\/Ekran-Resmi-2025-01-12-15.55.05-300x184.png 300w, https:\/\/www.tgrthaber.com\/mavikadin\/wp-content\/uploads\/Ekran-Resmi-2025-01-12-15.55.05-768x471.png 768w\" sizes=\"(max-width: 992px) 100vw, 992px\" \/><\/p>\n<hr \/>\n<h3>DEHA B\u0130L\u0130MLER K\u0130MD\u0130R, KA\u00c7 YA\u015eINDA?<\/h3>\n<p class=\"p1\">Deha Bilimlier, 4 Haziran 1983 tarihinde \u0130zmir&#8217;de d\u00fcnyaya geldi ve k\u00fc\u00e7\u00fck ya\u015flardan itibaren m\u00fczi\u011fe olan ilgisiyle dikkat \u00e7ekti. E\u011fitimini tamamlad\u0131ktan sonra m\u00fczik kariyerine odaklanan Bilimlier, 2004 y\u0131l\u0131nda kat\u0131ld\u0131\u011f\u0131 &#8220;Akademi T\u00fcrkiye&#8221; adl\u0131 yar\u0131\u015fma ile T\u00fcrkiye genelinde tan\u0131nmaya ba\u015flad\u0131. 2008 y\u0131l\u0131nda \u00e7\u0131kard\u0131\u011f\u0131 alb\u00fcmle profesyonel m\u00fczik yolculu\u011funu ba\u015flatan Deha Bilimlier, 2013&#8217;te yay\u0131mlad\u0131\u011f\u0131 &#8220;Mutasyon&#8221; alb\u00fcm\u00fcyle m\u00fczik d\u00fcnyas\u0131nda kendine sa\u011flam bir yer edindi. 2016&#8217;da \u00e7\u0131kard\u0131\u011f\u0131 &#8220;Kalben&#8221; alb\u00fcm\u00fc ise onun m\u00fczik kariyerindeki en \u00f6nemli ad\u0131mlardan biriydi. Avukat Asl\u0131 Bilimlier ile evli olan Deha Bilimlier, ailesiyle birlikte mutlu bir ya\u015fam s\u00fcr\u00fcyor ve \u00fc\u00e7 \u00e7ocu\u011fa sahip: iki k\u0131z ve bir o\u011flan.<\/p>\n<p><img loading=\"lazy\" decoding=\"async\" class=\"alignnone wp-image-120433 \" src=\"https:\/\/www.tgrthaber.com\/mavikadin\/wp-content\/uploads\/Ekran-Resmi-2025-01-12-15.55.13.png\" alt=\"\" width=\"993\" height=\"608\" title=\"\" srcset=\"https:\/\/www.tgrthaber.com\/mavikadin\/wp-content\/uploads\/Ekran-Resmi-2025-01-12-15.55.13.png 944w, https:\/\/www.tgrthaber.com\/mavikadin\/wp-content\/uploads\/Ekran-Resmi-2025-01-12-15.55.13-300x184.png 300w, https:\/\/www.tgrthaber.com\/mavikadin\/wp-content\/uploads\/Ekran-Resmi-2025-01-12-15.55.13-768x470.png 768w\" sizes=\"(max-width: 993px) 100vw, 993px\" \/><\/p>\n<hr \/>\n<h3 class=\"p1\">DEHA B\u0130L\u0130MLER NASIL \u00dcNL\u00dc OLDU?<\/h3>\n<p class=\"p1\">Deha Bilimlier, m\u00fczik kariyerine 2013 y\u0131l\u0131nda \u00e7\u0131kard\u0131\u011f\u0131 &#8220;Mutasyon&#8221; alb\u00fcm\u00fcyle ad\u0131m att\u0131. Bu alb\u00fcm, ona m\u00fczik d\u00fcnyas\u0131nda dikkat \u00e7eken bir yer kazand\u0131rd\u0131 ve ele\u015ftirmenlerden olumlu yorumlar ald\u0131. &#8220;Mutasyon&#8221; alb\u00fcm\u00fcndeki \u015fark\u0131lar, Deha Bilimlier\u2019in kendine has tarz\u0131n\u0131 ve g\u00fc\u00e7l\u00fc vokal yetene\u011fini ortaya koyarak dinleyicilerin ilgisini \u00e7ekti.<\/p>\n<p><img loading=\"lazy\" decoding=\"async\" class=\"alignnone wp-image-120435 \" src=\"https:\/\/www.tgrthaber.com\/mavikadin\/wp-content\/uploads\/Ekran-Resmi-2025-01-12-15.57.05.png\" alt=\"\" width=\"994\" height=\"581\" title=\"\" srcset=\"https:\/\/www.tgrthaber.com\/mavikadin\/wp-content\/uploads\/Ekran-Resmi-2025-01-12-15.57.05.png 958w, https:\/\/www.tgrthaber.com\/mavikadin\/wp-content\/uploads\/Ekran-Resmi-2025-01-12-15.57.05-300x175.png 300w, https:\/\/www.tgrthaber.com\/mavikadin\/wp-content\/uploads\/Ekran-Resmi-2025-01-12-15.57.05-768x449.png 768w\" sizes=\"(max-width: 994px) 100vw, 994px\" \/><\/p>\n<hr \/>\n<p class=\"p1\">2016 y\u0131l\u0131nda \u00e7\u0131kard\u0131\u011f\u0131 &#8220;Kalben&#8221; alb\u00fcm\u00fc ise onun kariyerindeki bir ba\u015fka \u00f6nemli d\u00f6n\u00fcm noktas\u0131yd\u0131. Bu alb\u00fcm, Bilimlier&#8217;in tan\u0131n\u0131rl\u0131\u011f\u0131n\u0131 daha da art\u0131rarak, m\u00fczikseverler aras\u0131nda pop\u00fcler bir isim haline gelmesine zemin haz\u0131rlad\u0131. Y\u0131llar i\u00e7inde kazand\u0131\u011f\u0131 deneyim ve \u00f6zg\u00fcn m\u00fczik tarz\u0131, onu m\u00fczik d\u00fcnyas\u0131nda sa\u011flam bir yer edinmesini sa\u011flad\u0131.<\/p>\n","protected":false},"excerpt":{"rendered":"<p>M\u00fczik d\u00fcnyas\u0131n\u0131n sevilen isimlerinden Deha Bilimlier, sahne performanslar\u0131na devam ederken, ya\u015fad\u0131\u011f\u0131 son sa\u011fl\u0131k problemiyle g\u00fcndeme geldi. Yap\u0131lan son kontrollerde b\u00f6bre\u011finde 3 cm\u2019lik bir kist tespit edilen \u015fark\u0131c\u0131n\u0131n hastal\u0131\u011f\u0131n\u0131n iyi huylu bir t\u00fcm\u00f6r oldu\u011fu anla\u015f\u0131ld\u0131. Ameliyat\u0131n ard\u0131ndan sa\u011fl\u0131k durumu d\u00fczelen Bilimlier, erken te\u015fhisin \u00f6nemini vurgulayarak sa\u011fl\u0131k kontrollerinin hayat kurtar\u0131c\u0131 oldu\u011funu belirtti.<\/p>\n","protected":false},"author":16,"featured_media":120436,"comment_status":"closed","ping_status":"closed","sticky":false,"template":"","format":"standard","meta":{"rank_math_lock_modified_date":false,"footnotes":""},"categories":[76],"tags":[7845,7843,7844],"class_list":["post-120407","post","type-post","status-publish","format-standard","has-post-thumbnail","hentry","category-magazin","tag-deha-bilimler-kac-yasinda","tag-deha-bilimler-kist-ameliyati","tag-deha-bilimler-saglik-durumu"],"_links":{"self":[{"href":"https:\/\/www.tgrthaber.com\/mavikadin\/wp-json\/wp\/v2\/posts\/120407"}],"collection":[{"href":"https:\/\/www.tgrthaber.com\/mavikadin\/wp-json\/wp\/v2\/posts"}],"about":[{"href":"https:\/\/www.tgrthaber.com\/mavikadin\/wp-json\/wp\/v2\/types\/post"}],"author":[{"embeddable":true,"href":"https:\/\/www.tgrthaber.com\/mavikadin\/wp-json\/wp\/v2\/users\/16"}],"replies":[{"embeddable":true,"href":"https:\/\/www.tgrthaber.com\/mavikadin\/wp-json\/wp\/v2\/comments?post=120407"}],"version-history":[{"count":1,"href":"https:\/\/www.tgrthaber.com\/mavikadin\/wp-json\/wp\/v2\/posts\/120407\/revisions"}],"predecessor-version":[{"id":120437,"href":"https:\/\/www.tgrthaber.com\/mavikadin\/wp-json\/wp\/v2\/posts\/120407\/revisions\/120437"}],"wp:featuredmedia":[{"embeddable":true,"href":"https:\/\/www.tgrthaber.com\/mavikadin\/wp-json\/wp\/v2\/media\/120436"}],"wp:attachment":[{"href":"https:\/\/www.tgrthaber.com\/mavikadin\/wp-json\/wp\/v2\/media?parent=120407"}],"wp:term":[{"taxonomy":"category","embeddable":true,"href":"https:\/\/www.tgrthaber.com\/mavikadin\/wp-json\/wp\/v2\/categories?post=120407"},{"taxonomy":"post_tag","embeddable":true,"href":"https:\/\/www.tgrthaber.com\/mavikadin\/wp-json\/wp\/v2\/tags?post=120407"}],"curies":[{"name":"wp","href":"https:\/\/api.w.org\/{rel}","templated":true}]}}