{"id":120413,"date":"2025-01-12T16:07:53","date_gmt":"2025-01-12T13:07:53","guid":{"rendered":"https:\/\/www.tgrthaber.com\/mavikadin\/?p=120413"},"modified":"2025-01-12T21:25:58","modified_gmt":"2025-01-12T18:25:58","slug":"cagla-sikelin-kendisinden-15-yas-kucuk-olup-sir-gibi-sakladigi-sevgilisi-ortaya-cikti-yakalandilar","status":"publish","type":"post","link":"https:\/\/www.tgrthaber.com\/mavikadin\/cagla-sikelin-kendisinden-15-yas-kucuk-olup-sir-gibi-sakladigi-sevgilisi-ortaya-cikti-yakalandilar\/","title":{"rendered":"\u00c7a\u011fla \u015e\u0131kel&#8217;in kendisinden 15 ya\u015f k\u00fc\u00e7\u00fck olup s\u0131r gibi saklad\u0131\u011f\u0131 sevgilisi ortaya \u00e7\u0131kt\u0131! Yakaland\u0131lar&#8230;"},"content":{"rendered":"<p>Son zamanlarda magazin g\u00fcndeminde \u00f6zel hayat\u0131yla\u00a0 konu\u015fulan \u00fcnl\u00fc isimlerden biri olan 46 ya\u015f\u0131ndaki \u00fcnl\u00fc model ve sunucu \u00c7a\u011fla \u015e\u0131kel, Emre Altu\u011f ile olan ayr\u0131l\u0131\u011f\u0131ndan 8 sekiz sene sonra g\u00f6nl\u00fcn\u00fc ba\u015fka birine kapt\u0131rd\u0131. \u00d6zel hayat\u0131n\u0131 magazine pek yans\u0131tmak istemeyen ve sevgilisini gizli tutan \u00c7a\u011fla \u015e\u0131kel, verdi\u011fi rop\u00f6rtajlarda da a\u015fk sorular\u0131n\u0131 es ge\u00e7meye \u00e7al\u0131\u015f\u0131yordu.<\/p>\n<p>Ge\u00e7ti\u011fimiz g\u00fcnlerde kendisinden 15 ya\u015f k\u00fc\u00e7\u00fck olan sevgilisi ile yeni bir a\u015fka yelken a\u00e7t\u0131\u011f\u0131 iddias\u0131yla magazinlere konu olan \u00fcnl\u00fc model ve sunucu \u00c7a\u011fla \u015e\u0131kel, bir hafta arayla ikinci kez e\u011flenceye \u00e7\u0131kt\u0131\u011f\u0131 erkek arkada\u015f\u0131yla yakalanarak a\u015fk iddialar\u0131n\u0131 kuvvetlendirdi. \u00dcnl\u00fc sunucu ve model \u00c7A\u011fla \u015e\u0131kel&#8217;in s\u0131r gibi saklad\u0131\u011f\u0131 sevgilisinin kim oldu\u011fu ise sevenleri taraf\u0131ndan ayr\u0131ca merak ediliyordu.<\/p>\n<h3>\u00c7A\u011eLA \u015eIKEL Y\u0130NE AYNI K\u0130\u015e\u0130YLE YAKALANDI<\/h3>\n<p>1 hafta \u00f6nce Etiler\u2019de kendisini gizli tutan kendisinden k\u00fc\u00e7\u00fck gen\u00e7 bir erkekle e\u011flendi\u011fi g\u00f6r\u00fclen sunucu \u00c7a\u011fla \u015e\u0131kel, yine d\u00fcn gece magazin objektiflerine sevgilisiyle beraber tak\u0131ld\u0131.<\/p>\n<p><img loading=\"lazy\" decoding=\"async\" class=\"alignnone wp-image-120426\" src=\"https:\/\/www.tgrthaber.com\/mavikadin\/wp-content\/uploads\/9666-1.png\" alt=\"\" width=\"1208\" height=\"717\" title=\"\" srcset=\"https:\/\/www.tgrthaber.com\/mavikadin\/wp-content\/uploads\/9666-1.png 926w, https:\/\/www.tgrthaber.com\/mavikadin\/wp-content\/uploads\/9666-1-300x178.png 300w, https:\/\/www.tgrthaber.com\/mavikadin\/wp-content\/uploads\/9666-1-768x456.png 768w\" sizes=\"(max-width: 1208px) 100vw, 1208px\" \/><\/p>\n<hr \/>\n<p>\u00dcnl\u00fc isim Kuru\u00e7e\u015fme\u2019de olan Carla isimli bir mekanda ayn\u0131 ki\u015fiyle e\u011flenirken magazin kameralar\u0131na yans\u0131d\u0131. Bu durumdan ho\u015fnut olmayan \u00c7a\u011fla \u015e\u0131kel&#8217;in panik halleri kameralara yans\u0131d\u0131.<\/p>\n<h3>BASINI G\u00d6R\u00dcNCE \u015eA\u015eKINA D\u00d6NEN \u00c7A\u011eLA \u015eIKEL PAN\u0130K OLDU!<\/h3>\n<p>Gazetecilerin varl\u0131\u011f\u0131ndan bir haber olup mekandan rahat bir \u015fekilde \u00e7\u0131kan \u00c7a\u011fla \u015e\u0131kel ve kendisinden 15 ya\u015f k\u00fc\u00e7\u00fck sevgilisi oldu\u011fu iddia edilen ki\u015fiyle beraber h\u0131zla arac\u0131na binerken sunucu \u00c7a\u011fla \u015e\u0131kel, fla\u015flar\u0131n y\u00fcz\u00fcne patlamas\u0131yla k\u0131sa s\u00fcreli bir \u015fa\u015fk\u0131nl\u0131k ya\u015fad\u0131.<\/p>\n<p><img loading=\"lazy\" decoding=\"async\" class=\"alignnone wp-image-120429\" src=\"https:\/\/www.tgrthaber.com\/mavikadin\/wp-content\/uploads\/333-4.png\" alt=\"\" width=\"1208\" height=\"596\" title=\"\" srcset=\"https:\/\/www.tgrthaber.com\/mavikadin\/wp-content\/uploads\/333-4.png 878w, https:\/\/www.tgrthaber.com\/mavikadin\/wp-content\/uploads\/333-4-300x148.png 300w, https:\/\/www.tgrthaber.com\/mavikadin\/wp-content\/uploads\/333-4-768x379.png 768w\" sizes=\"(max-width: 1208px) 100vw, 1208px\" \/><\/p>\n<hr \/>\n<p>Gazetecilerin kendilerini \u00e7ekmemesi i\u00e7in \u00f6zel bir u\u011fra\u015f sarf eden \u00e7ift, g\u00f6r\u00fcnt\u00fc vermemek i\u00e7in ne kadar u\u011fra\u015fsa da bu giri\u015fimlerinde ba\u015far\u0131s\u0131z oldu. Bas\u0131n\u0131n kendilerini \u00e7ektiklerini fark eden \u00e7ift h\u0131zl\u0131 bir \u015fekilde mekandan uzakla\u015fmaya \u00e7al\u0131\u015ft\u0131, \u00fcnl\u00fc ikilinin ne kadar s\u00fcredir beraber oldu\u011fu ise merak konusu oldu.<\/p>\n<p>Mekandan ayr\u0131 ayr\u0131 \u00e7\u0131kan ama bir arabada bulu\u015fan \u00e7ift, konu ile alakal\u0131 herhangi bir a\u00e7\u0131klamada bulunmad\u0131.<\/p>\n<p><img loading=\"lazy\" decoding=\"async\" class=\"alignnone wp-image-120440\" src=\"https:\/\/www.tgrthaber.com\/mavikadin\/wp-content\/uploads\/dfdfdf.png\" alt=\"\" width=\"1208\" height=\"645\" title=\"\" srcset=\"https:\/\/www.tgrthaber.com\/mavikadin\/wp-content\/uploads\/dfdfdf.png 910w, https:\/\/www.tgrthaber.com\/mavikadin\/wp-content\/uploads\/dfdfdf-300x160.png 300w, https:\/\/www.tgrthaber.com\/mavikadin\/wp-content\/uploads\/dfdfdf-768x410.png 768w\" sizes=\"(max-width: 1208px) 100vw, 1208px\" \/><\/p>\n<h3>\u00c7A\u011eLA \u015eIKEL&#8217;DEN SEVG\u0130L\u0130S\u0130 HAKKINDA \u0130LK A\u00c7IKLAMA<\/h3>\n<p>\u00c7a\u011fla \u015e\u0131kel, sevgilisiyle ilgili \u00e7\u0131kan &#8220;15 ya\u015f k\u00fc\u00e7\u00fck&#8221; haberleriyle ilgili a\u00e7\u0131klama yapt\u0131. \u00dcnl\u00fc sunucu, \u201cE\u011fer 15 ya\u015f k\u00fc\u00e7\u00fckse benim 60 olmam gerekiyor\u201d diyerek &#8220;Hi\u00e7bir \u015fekilde ara\u015ft\u0131rmadan sormadan 15 ya\u015f k\u00fc\u00e7\u00fck sevgilisi yazmak ne kadar kolay de\u011fil mi? E\u011fer 15 ya\u015f k\u00fc\u00e7\u00fckse benim 60 olmam gerekiyor&#8221; ifadelerini kulland\u0131.<\/p>\n<hr \/>\n<p>&nbsp;<\/p>\n","protected":false},"excerpt":{"rendered":"<p>Kendisinden 15 ya\u015f k\u00fc\u00e7\u00fck bir gen\u00e7 ile sevgili oldu\u011fu iddia edilen sunucu \u00c7a\u011fla \u015e\u0131kel&#8217;in yeni sevgilisiyle g\u00f6r\u00fcnt\u00fclenmesi \u00fcnl\u00fc isimde k\u0131sa s\u00fcreli \u015fok etkisi olu\u015fturdu. \u0130\u015fte \u00c7a\u011fla \u015e\u0131kel&#8217;in herkesten gizledi\u011fi o sevgilisi&#8230;.<\/p>\n","protected":false},"author":27,"featured_media":120434,"comment_status":"closed","ping_status":"closed","sticky":false,"template":"","format":"standard","meta":{"rank_math_lock_modified_date":false,"footnotes":""},"categories":[76],"tags":[2584,7846],"class_list":["post-120413","post","type-post","status-publish","format-standard","has-post-thumbnail","hentry","category-magazin","tag-cagla-sikel","tag-cagla-sikel-yeni-sevgilisi"],"_links":{"self":[{"href":"https:\/\/www.tgrthaber.com\/mavikadin\/wp-json\/wp\/v2\/posts\/120413"}],"collection":[{"href":"https:\/\/www.tgrthaber.com\/mavikadin\/wp-json\/wp\/v2\/posts"}],"about":[{"href":"https:\/\/www.tgrthaber.com\/mavikadin\/wp-json\/wp\/v2\/types\/post"}],"author":[{"embeddable":true,"href":"https:\/\/www.tgrthaber.com\/mavikadin\/wp-json\/wp\/v2\/users\/27"}],"replies":[{"embeddable":true,"href":"https:\/\/www.tgrthaber.com\/mavikadin\/wp-json\/wp\/v2\/comments?post=120413"}],"version-history":[{"count":6,"href":"https:\/\/www.tgrthaber.com\/mavikadin\/wp-json\/wp\/v2\/posts\/120413\/revisions"}],"predecessor-version":[{"id":120637,"href":"https:\/\/www.tgrthaber.com\/mavikadin\/wp-json\/wp\/v2\/posts\/120413\/revisions\/120637"}],"wp:featuredmedia":[{"embeddable":true,"href":"https:\/\/www.tgrthaber.com\/mavikadin\/wp-json\/wp\/v2\/media\/120434"}],"wp:attachment":[{"href":"https:\/\/www.tgrthaber.com\/mavikadin\/wp-json\/wp\/v2\/media?parent=120413"}],"wp:term":[{"taxonomy":"category","embeddable":true,"href":"https:\/\/www.tgrthaber.com\/mavikadin\/wp-json\/wp\/v2\/categories?post=120413"},{"taxonomy":"post_tag","embeddable":true,"href":"https:\/\/www.tgrthaber.com\/mavikadin\/wp-json\/wp\/v2\/tags?post=120413"}],"curies":[{"name":"wp","href":"https:\/\/api.w.org\/{rel}","templated":true}]}}