{"id":120442,"date":"2025-01-12T16:24:37","date_gmt":"2025-01-12T13:24:37","guid":{"rendered":"https:\/\/www.tgrthaber.com\/mavikadin\/?p=120442"},"modified":"2025-01-12T16:24:37","modified_gmt":"2025-01-12T13:24:37","slug":"askerden-donen-onur-seyit-yaran-okurken-bogazim-dugumlendi","status":"publish","type":"post","link":"https:\/\/www.tgrthaber.com\/mavikadin\/askerden-donen-onur-seyit-yaran-okurken-bogazim-dugumlendi\/","title":{"rendered":"Askerden d\u00f6nen Onur Seyit Yaran: &#8216;Okurken bo\u011faz\u0131m d\u00fc\u011f\u00fcmlendi&#8217;"},"content":{"rendered":"<p>Televizyon ekranlar\u0131nda &#8216;Yan Oda&#8217; &#8216;Vuslat&#8217; &#8216;Kalk Gidelim&#8217; gibi \u00f6nemli yap\u0131mlarda rol alan karizmatik oyuncu Onur Seyit Yaran, son d\u00f6nemlerin parlayan y\u0131ld\u0131z oyuncular\u0131ndan biri olarak ekran kar\u015f\u0131s\u0131nda izleyicilerle bir araya geliyordu. Her erkek gibi vatani g\u00f6revini yapmak i\u00e7in \u00fcst\u00fcne d\u00fc\u015feni yapmaya haz\u0131rlanan 29 ya\u015f\u0131ndaki \u00fcnl\u00fc oyuncu Onur Seyit Yaran, vatani g\u00f6revini Amasya \/ 15&#8217;inci Piyade E\u011fitim Tugay\u0131&#8217;nda ger\u00e7ekle\u015ftirdi.<\/p>\n<p>Bedelli askerlik yapmay\u0131 tercih eden \u00fcnl\u00fc oyuncu Onur Seyit Yaran, aktif kulland\u0131\u011f\u0131 sosyal medya hesab\u0131 \u00fczerinden askerlik karesini ve kendisini \u00e7ok etkileyen bir an\u0131y\u0131 takip\u00e7ileriyle payla\u015fmay\u0131 ihmal etmedi.<\/p>\n<h3>OYUNCU ONUR SEY\u0130T YARAN&#8217;DAN ETK\u0130LEY\u0130C\u0130 PAYLA\u015eIM: &#8220;OKURKEN BO\u011eAZIMI D\u00dc\u011e\u00dcMLED\u0130&#8221;<\/h3>\n<p>29 ya\u015f\u0131ndaki yak\u0131\u015f\u0131kl\u0131 oyuncu Onur Seyit Yaran, bir \u015fiir defterine ait olan sayfalar\u0131 da kendi sosyal medya hesab\u0131ndan yay\u0131mlayarak askerde kendisini etkileyen bir olaydan takip\u00e7ilerine de bahsetti.<\/p>\n<p><img loading=\"lazy\" decoding=\"async\" class=\"alignnone wp-image-120445\" src=\"https:\/\/www.tgrthaber.com\/mavikadin\/wp-content\/uploads\/fgfgfg.png\" alt=\"\" width=\"1208\" height=\"683\" title=\"\" srcset=\"https:\/\/www.tgrthaber.com\/mavikadin\/wp-content\/uploads\/fgfgfg.png 800w, https:\/\/www.tgrthaber.com\/mavikadin\/wp-content\/uploads\/fgfgfg-300x170.png 300w, https:\/\/www.tgrthaber.com\/mavikadin\/wp-content\/uploads\/fgfgfg-768x434.png 768w\" sizes=\"(max-width: 1208px) 100vw, 1208px\" \/><\/p>\n<hr \/>\n<p>Y\u00fcksek takip\u00e7ili Instagram hesab\u0131nda payla\u015f\u0131m yapan ve yapt\u0131\u011f\u0131 bu payla\u015f\u0131mda da kendisini derinden sarsan olay i\u00e7in \u015fu ifadeleri kullanarak an\u0131s\u0131n\u0131 anlatt\u0131:<\/p>\n<p>Bedelli askerlik g\u00f6revimi tamamlam\u0131\u015f bulunmaktay\u0131m. Amasya&#8217;da ge\u00e7irdi\u011fim s\u00fcre boyunca beni en etkileyen olaylardan birini sizinle payla\u015fmak istedim. 6 ayl\u0131k askerlerden birinin bana \u015fiir defterini hediye etmesi, g\u00fcnlerce okurken bo\u011faz\u0131m\u0131 d\u00fc\u011f\u00fcmledi. \u0130sim veremiyorum. \u00c7\u00fcnk\u00fc vermemi istemedi. Umar\u0131m ilerleyen g\u00fcnlerde bu g\u00fczel adam\u0131 \u0130stanbul&#8217;da misafir edip, sizlere kendisini g\u00f6sterebilirim. Defterdeki \u015fiirlerden birini \u00e7er\u00e7eveletmek \u00fczere kopard\u0131m, ektedir.<\/p>\n<h3>OYUNCU ONUR SEY\u0130T YARAN KISACA K\u0130MD\u0130R?<\/h3>\n<p>13 Ocak 1995 tarihinde do\u011fan \u00fcnl\u00fc oyuncu Onur Seyit Yaran, Best Model of Turkey 2016 birincisidir. Best Model of Turkey yar\u0131\u015fmas\u0131na kat\u0131ld\u0131ktan sonra Best Model Of World yar\u0131\u015fmas\u0131nda \u00fcnl\u00fc oyuncu \u00fclkemizi temsil etmi\u015ftir.<\/p>\n<p><img loading=\"lazy\" decoding=\"async\" class=\"alignnone wp-image-100106\" src=\"https:\/\/www.tgrthaber.com\/mavikadin\/wp-content\/uploads\/620x409-onur-seyit-yaran-ispanyanin-unlu-magazin-dergisine-konuk-oldu-1659604982654.jpg\" alt=\"\" width=\"1208\" height=\"797\" title=\"\" srcset=\"https:\/\/www.tgrthaber.com\/mavikadin\/wp-content\/uploads\/620x409-onur-seyit-yaran-ispanyanin-unlu-magazin-dergisine-konuk-oldu-1659604982654.jpg 620w, https:\/\/www.tgrthaber.com\/mavikadin\/wp-content\/uploads\/620x409-onur-seyit-yaran-ispanyanin-unlu-magazin-dergisine-konuk-oldu-1659604982654-300x198.jpg 300w\" sizes=\"(max-width: 1208px) 100vw, 1208px\" \/><\/p>\n<hr \/>\n<p>E\u011fitimini ise Hali\u00e7 \u00dcniversitesi Spor Akademisi Spor Y\u00f6neticili\u011fi B\u00f6l\u00fcm\u00fc\u2019nde alm\u0131\u015f ve uzun bir zaman lisansl\u0131 olarak futbol oynam\u0131\u015ft\u0131r. Ba\u015far\u0131l\u0131 oyuncu Onur Seyit Yaran, futbolculu\u011funun yan\u0131 s\u0131ra hobi olarak ayn\u0131 zamanda da satran\u00e7 sporcusudur.<\/p>\n<p>2018 da Kalk Gidelim isimli dizi ile ilk oyunculuk deneyimini ya\u015fam\u0131\u015ft\u0131r.<\/p>\n","protected":false},"excerpt":{"rendered":"<p>Askerden d\u00f6nen \u00fcnl\u00fc oyuncu Onur Seyit Yaran, sosyal medya hesab\u0131ndan askerlikte kendisini etkileyen bir an\u0131s\u0131n\u0131 payla\u015ft\u0131.<\/p>\n","protected":false},"author":27,"featured_media":120444,"comment_status":"closed","ping_status":"closed","sticky":false,"template":"","format":"standard","meta":{"rank_math_lock_modified_date":false,"footnotes":""},"categories":[76],"tags":[133,3172],"class_list":["post-120442","post","type-post","status-publish","format-standard","has-post-thumbnail","hentry","category-magazin","tag-magazin","tag-onur-seyit-yaran"],"_links":{"self":[{"href":"https:\/\/www.tgrthaber.com\/mavikadin\/wp-json\/wp\/v2\/posts\/120442"}],"collection":[{"href":"https:\/\/www.tgrthaber.com\/mavikadin\/wp-json\/wp\/v2\/posts"}],"about":[{"href":"https:\/\/www.tgrthaber.com\/mavikadin\/wp-json\/wp\/v2\/types\/post"}],"author":[{"embeddable":true,"href":"https:\/\/www.tgrthaber.com\/mavikadin\/wp-json\/wp\/v2\/users\/27"}],"replies":[{"embeddable":true,"href":"https:\/\/www.tgrthaber.com\/mavikadin\/wp-json\/wp\/v2\/comments?post=120442"}],"version-history":[{"count":3,"href":"https:\/\/www.tgrthaber.com\/mavikadin\/wp-json\/wp\/v2\/posts\/120442\/revisions"}],"predecessor-version":[{"id":120448,"href":"https:\/\/www.tgrthaber.com\/mavikadin\/wp-json\/wp\/v2\/posts\/120442\/revisions\/120448"}],"wp:featuredmedia":[{"embeddable":true,"href":"https:\/\/www.tgrthaber.com\/mavikadin\/wp-json\/wp\/v2\/media\/120444"}],"wp:attachment":[{"href":"https:\/\/www.tgrthaber.com\/mavikadin\/wp-json\/wp\/v2\/media?parent=120442"}],"wp:term":[{"taxonomy":"category","embeddable":true,"href":"https:\/\/www.tgrthaber.com\/mavikadin\/wp-json\/wp\/v2\/categories?post=120442"},{"taxonomy":"post_tag","embeddable":true,"href":"https:\/\/www.tgrthaber.com\/mavikadin\/wp-json\/wp\/v2\/tags?post=120442"}],"curies":[{"name":"wp","href":"https:\/\/api.w.org\/{rel}","templated":true}]}}