{"id":120443,"date":"2025-01-12T16:29:43","date_gmt":"2025-01-12T13:29:43","guid":{"rendered":"https:\/\/www.tgrthaber.com\/mavikadin\/?p=120443"},"modified":"2025-01-12T16:29:43","modified_gmt":"2025-01-12T13:29:43","slug":"masterchef-final-gecesi-gozler-ayse-ekizi-aradi-neden-gelmedigi-ortaya-cikti","status":"publish","type":"post","link":"https:\/\/www.tgrthaber.com\/mavikadin\/masterchef-final-gecesi-gozler-ayse-ekizi-aradi-neden-gelmedigi-ortaya-cikti\/","title":{"rendered":"MasterChef final gecesi g\u00f6zler Ay\u015fe Ekiz&#8217;i arad\u0131! Neden gelmedi\u011fi ortaya \u00e7\u0131kt\u0131"},"content":{"rendered":"<p class=\"p1\">MasterChef T\u00fcrkiye&#8217;nin \u015fampiyonunun belirlendi\u011fi gecede, yar\u0131\u015fmaya kat\u0131lan eski yar\u0131\u015fmac\u0131lar da izleyicilerin kar\u015f\u0131s\u0131na \u00e7\u0131kt\u0131. Ancak bu y\u0131l\u0131n en \u00e7ok konu\u015fulan ismi Ay\u015fe Ekiz, finale kat\u0131lamad\u0131\u011f\u0131 i\u00e7in merak konusu oldu. Ay\u015fe Ekiz\u2019in finalde yer alamamas\u0131n\u0131n arkas\u0131ndaki sebep ortaya \u00e7\u0131kt\u0131. Bak\u0131n Ay\u015fe Ekiz MasterChef finaline neden gelememi\u015f!<\/p>\n<h3>MASTERCHEF F\u0130NAL\u0130NDE G\u00d6ZLER AY\u015eE EK\u0130Z&#8217;\u0130 ARADI!<\/h3>\n<p class=\"p1\">MasterChef T\u00fcrkiye&#8217;nin b\u00fcy\u00fck finali, izleyicilerine unutulmaz anlar ya\u015fatt\u0131. Son ikiye kalan Kerem ve Onur, \u015feflere haz\u0131rlad\u0131klar\u0131 imza tabaklar\u0131yla heyecanl\u0131 bir yar\u0131\u015fa girdi. Sonunda Onur \u015fampiyon olmay\u0131 ba\u015fard\u0131. Ancak, final gecesinde en \u00e7ok dikkat \u00e7eken detaylardan biri, yar\u0131\u015fman\u0131n bu y\u0131lki en pop\u00fcler isimlerinden Ay\u015fe Ekiz&#8217;in st\u00fcdyoda yer almam\u0131\u015f olmas\u0131yd\u0131.<\/p>\n<p><img loading=\"lazy\" decoding=\"async\" class=\"alignnone wp-image-120449 size-full\" src=\"https:\/\/www.tgrthaber.com\/mavikadin\/wp-content\/uploads\/Ekran-Resmi-2025-01-12-16.24.05.png\" alt=\"\" width=\"1014\" height=\"652\" title=\"\" srcset=\"https:\/\/www.tgrthaber.com\/mavikadin\/wp-content\/uploads\/Ekran-Resmi-2025-01-12-16.24.05.png 1014w, https:\/\/www.tgrthaber.com\/mavikadin\/wp-content\/uploads\/Ekran-Resmi-2025-01-12-16.24.05-300x193.png 300w, https:\/\/www.tgrthaber.com\/mavikadin\/wp-content\/uploads\/Ekran-Resmi-2025-01-12-16.24.05-768x494.png 768w\" sizes=\"(max-width: 1014px) 100vw, 1014px\" \/><\/p>\n<hr \/>\n<p class=\"p1\">Ay\u015fe Ekiz, Afyonkarahisar&#8217;dan kat\u0131ld\u0131\u011f\u0131 MasterChef T\u00fcrkiye ile b\u00fcy\u00fck ilgi toplam\u0131\u015f, yar\u0131\u015fmadaki ba\u015far\u0131s\u0131yla ad\u0131ndan s\u00f6z ettirmi\u015fti. Ancak, izleyiciler final b\u00f6l\u00fcm\u00fcnde Ay\u015fe&#8217;yi g\u00f6r\u00fcnce merak i\u00e7inde kald\u0131lar. Ay\u015fe Ekiz&#8217;in neden finalde yer almad\u0131\u011f\u0131 sorusu g\u00fcndeme oturdu. Bir s\u00fcre sonra, Ay\u015fe Ekiz&#8217;in \u00f6zel sebeplerden \u00f6t\u00fcr\u00fc canl\u0131 yay\u0131na kat\u0131lamad\u0131\u011f\u0131 a\u00e7\u0131kland\u0131. Bu a\u00e7\u0131klama, izleyicilerin merak\u0131n\u0131 giderse de, Ay\u015fe&#8217;nin finale kat\u0131lmamas\u0131 hala bir\u00e7ok ki\u015fi taraf\u0131ndan konu\u015fulmaya devam etti.<\/p>\n<p class=\"p1\">Ay\u015fe Ekiz&#8217;in MasterChef T\u00fcrkiye finaline kat\u0131lamama sebebinin a\u011f\u0131r bir grip oldu\u011fu \u00f6\u011frenildi. Zeynep, Ay\u015fe&#8217;nin sa\u011fl\u0131k durumu nedeniyle yay\u0131na kat\u0131lamad\u0131\u011f\u0131n\u0131 ve \u00f6zel olarak bir elbise bile ald\u0131\u011f\u0131n\u0131 belirtti. Zeynep, &#8220;Herkese selam\u0131 var, gelmek istiyordu ama gripten daha a\u011f\u0131r bir hastal\u0131\u011fa yakaland\u0131&#8221; diyerek Ay\u015fe&#8217;nin hastal\u0131\u011f\u0131n\u0131n ciddiyetine dikkat \u00e7ekti.<\/p>\n<p><img loading=\"lazy\" decoding=\"async\" class=\"alignnone wp-image-120450 size-full\" src=\"https:\/\/www.tgrthaber.com\/mavikadin\/wp-content\/uploads\/Ekran-Resmi-2025-01-12-16.24.11.png\" alt=\"\" width=\"986\" height=\"566\" title=\"\" srcset=\"https:\/\/www.tgrthaber.com\/mavikadin\/wp-content\/uploads\/Ekran-Resmi-2025-01-12-16.24.11.png 986w, https:\/\/www.tgrthaber.com\/mavikadin\/wp-content\/uploads\/Ekran-Resmi-2025-01-12-16.24.11-300x172.png 300w, https:\/\/www.tgrthaber.com\/mavikadin\/wp-content\/uploads\/Ekran-Resmi-2025-01-12-16.24.11-768x441.png 768w\" sizes=\"(max-width: 986px) 100vw, 986px\" \/><\/p>\n<hr \/>\n<h3 class=\"p1\"><b>YEN\u0130 \u0130\u015e\u0130YLE DE G\u00dcNDEME GELM\u0130\u015eT\u0130<\/b><\/h3>\n<p class=\"p3\">Afyonkarahisar&#8217;dan yar\u0131\u015fmaya kat\u0131lan Ay\u015fe Ekiz, tar\u0131m ve hayvanc\u0131l\u0131kla ilgilendi\u011fini a\u00e7\u0131klayarak b\u00fcy\u00fck ilgi toplam\u0131\u015ft\u0131. Ba\u015fvuru videosunda, hayvanlar\u0131yla olan ba\u011f\u0131n\u0131 payla\u015farak izleyicilerden b\u00fcy\u00fck sempati kazanm\u0131\u015ft\u0131. MasterChef&#8217;teki yolculu\u011fu boyunca da kendini tan\u0131t\u0131rken, &#8220;Afyonkarahisar Belediye Ba\u015fkan\u0131m\u0131z Burcu K\u00f6ksal, Gastronomi Biriminde \u00e7al\u0131\u015fmaya davet etti&#8221; diyerek gastronomi alan\u0131nda da bir ad\u0131m atmay\u0131 planlad\u0131\u011f\u0131n\u0131 belirtmi\u015fti.<\/p>\n<p><img loading=\"lazy\" decoding=\"async\" class=\"alignnone wp-image-120451 \" src=\"https:\/\/www.tgrthaber.com\/mavikadin\/wp-content\/uploads\/Ekran-Resmi-2025-01-12-16.24.16.png\" alt=\"\" width=\"991\" height=\"585\" title=\"\" srcset=\"https:\/\/www.tgrthaber.com\/mavikadin\/wp-content\/uploads\/Ekran-Resmi-2025-01-12-16.24.16.png 962w, https:\/\/www.tgrthaber.com\/mavikadin\/wp-content\/uploads\/Ekran-Resmi-2025-01-12-16.24.16-300x177.png 300w, https:\/\/www.tgrthaber.com\/mavikadin\/wp-content\/uploads\/Ekran-Resmi-2025-01-12-16.24.16-768x453.png 768w\" sizes=\"(max-width: 991px) 100vw, 991px\" \/><\/p>\n<hr \/>\n<p class=\"p3\">Ancak ailesinin sa\u011fl\u0131k sorunlar\u0131 nedeniyle bir s\u00fcre onlara bakmak i\u00e7in k\u00f6y\u00fcnde kalaca\u011f\u0131 bilgisini de payla\u015fm\u0131\u015ft\u0131. Ay\u015fe, &#8220;Bir s\u00fcre ailemin yan\u0131nda kalaca\u011f\u0131m ve daha sonra Afyonkarahisar Belediyesi&#8217;nde \u00e7al\u0131\u015f\u0131p tecr\u00fcbe kazanmak istiyorum&#8221; diyerek gelecekteki hedeflerini net bir \u015fekilde ifade etti.<\/p>\n","protected":false},"excerpt":{"rendered":"<p>MasterChef T\u00fcrkiye&#8217;nin heyecanla beklenen finalinde, eski yar\u0131\u015fmac\u0131lar da izleyicilerle bulu\u015ftu. Ancak bu y\u0131l\u0131n dikkat \u00e7eken ismi Ay\u015fe Ekiz, finale kat\u0131lamad\u0131\u011f\u0131 i\u00e7in b\u00fcy\u00fck bir merak konusu oldu. Ay\u015fe Ekiz&#8217;in finalde yer alamamas\u0131n\u0131n ard\u0131ndaki sebep ise k\u0131sa s\u00fcre i\u00e7inde belli oldu. Peki, Ay\u015fe Ekiz MasterChef finaline neden gelememi\u015f? \u0130\u015fte detaylar\u2026 <\/p>\n","protected":false},"author":16,"featured_media":120453,"comment_status":"closed","ping_status":"closed","sticky":false,"template":"","format":"standard","meta":{"rank_math_lock_modified_date":false,"footnotes":""},"categories":[76],"tags":[3363,7847],"class_list":["post-120443","post","type-post","status-publish","format-standard","has-post-thumbnail","hentry","category-magazin","tag-masterchef-ayse-ekiz","tag-masterchef-finali-ayse-ekiz"],"_links":{"self":[{"href":"https:\/\/www.tgrthaber.com\/mavikadin\/wp-json\/wp\/v2\/posts\/120443"}],"collection":[{"href":"https:\/\/www.tgrthaber.com\/mavikadin\/wp-json\/wp\/v2\/posts"}],"about":[{"href":"https:\/\/www.tgrthaber.com\/mavikadin\/wp-json\/wp\/v2\/types\/post"}],"author":[{"embeddable":true,"href":"https:\/\/www.tgrthaber.com\/mavikadin\/wp-json\/wp\/v2\/users\/16"}],"replies":[{"embeddable":true,"href":"https:\/\/www.tgrthaber.com\/mavikadin\/wp-json\/wp\/v2\/comments?post=120443"}],"version-history":[{"count":2,"href":"https:\/\/www.tgrthaber.com\/mavikadin\/wp-json\/wp\/v2\/posts\/120443\/revisions"}],"predecessor-version":[{"id":120455,"href":"https:\/\/www.tgrthaber.com\/mavikadin\/wp-json\/wp\/v2\/posts\/120443\/revisions\/120455"}],"wp:featuredmedia":[{"embeddable":true,"href":"https:\/\/www.tgrthaber.com\/mavikadin\/wp-json\/wp\/v2\/media\/120453"}],"wp:attachment":[{"href":"https:\/\/www.tgrthaber.com\/mavikadin\/wp-json\/wp\/v2\/media?parent=120443"}],"wp:term":[{"taxonomy":"category","embeddable":true,"href":"https:\/\/www.tgrthaber.com\/mavikadin\/wp-json\/wp\/v2\/categories?post=120443"},{"taxonomy":"post_tag","embeddable":true,"href":"https:\/\/www.tgrthaber.com\/mavikadin\/wp-json\/wp\/v2\/tags?post=120443"}],"curies":[{"name":"wp","href":"https:\/\/api.w.org\/{rel}","templated":true}]}}