{"id":120457,"date":"2025-01-12T16:57:47","date_gmt":"2025-01-12T13:57:47","guid":{"rendered":"https:\/\/www.tgrthaber.com\/mavikadin\/?p=120457"},"modified":"2025-01-12T16:57:47","modified_gmt":"2025-01-12T13:57:47","slug":"2025-ilk-cemre-dustu-mu-ilk-cemre-nereye-dusuyor-2025-cemre-zamanlari","status":"publish","type":"post","link":"https:\/\/www.tgrthaber.com\/mavikadin\/2025-ilk-cemre-dustu-mu-ilk-cemre-nereye-dusuyor-2025-cemre-zamanlari\/","title":{"rendered":"2025 ilk cemre d\u00fc\u015ft\u00fc m\u00fc ilk cemre nereye d\u00fc\u015f\u00fcyor 2025 cemre zamanlar\u0131"},"content":{"rendered":"<p class=\"p1\">Cemreler, T\u00fcrk halk takviminde k\u0131\u015f\u0131n sonunu i\u015faret eden ve bahar\u0131n geli\u015fini m\u00fcjdeleyen \u00f6nemli bir do\u011fal olayd\u0131r. \u015eubat ay\u0131n\u0131n sonlar\u0131na do\u011fru ba\u015flayarak, bir hafta arayla havaya, suya ve topra\u011fa d\u00fc\u015ferler. Bu d\u00fc\u015f\u00fc\u015fler, do\u011fadaki de\u011fi\u015fimin sembol\u00fcd\u00fcr ve halk aras\u0131nda b\u00fcy\u00fck bir anlam ta\u015f\u0131r. Cemrelerin ilk d\u00fc\u015f\u00fc\u015f\u00fc, do\u011fan\u0131n uyanmaya ba\u015flad\u0131\u011f\u0131n\u0131n ve k\u0131\u015f\u0131n sona erdi\u011finin g\u00f6stergesidir. Peki, 2025 y\u0131l\u0131nda ilk cemre ne zaman d\u00fc\u015fecek? Cemrelerin anlam\u0131 nedir ve tarihsel olarak halk aras\u0131nda nas\u0131l bir \u00f6neme sahiptir? \u0130\u015fte 2025 cemre zamanlar\u0131 ve cemre hakk\u0131nda t\u00fcm merak edilenlerin cevab\u0131&#8230;<\/p>\n<h3 class=\"p1\"><b>\u0130LK CEMRE NE ZAMAN D\u00dc\u015eER?<\/b><b><\/b><\/h3>\n<p class=\"p1\">\u0130lk cemre, her y\u0131l 19-20 \u015eubat tarihlerinde havaya d\u00fc\u015fer. Bu tarih, k\u0131\u015f\u0131n so\u011fuk g\u00fcnlerinin ard\u0131ndan havan\u0131n \u0131s\u0131nmaya ba\u015flad\u0131\u011f\u0131n\u0131n i\u015faretidir. 2025 y\u0131l\u0131nda da ilk cemrenin 19-20 \u015eubat tarihlerinde havaya d\u00fc\u015fmesi bekleniyor.<\/p>\n<p><img loading=\"lazy\" decoding=\"async\" class=\"alignnone wp-image-120466 \" src=\"https:\/\/www.tgrthaber.com\/mavikadin\/wp-content\/uploads\/Ekran-Resmi-2025-01-12-16.50.33.png\" alt=\"\" width=\"994\" height=\"523\" title=\"\"><\/p>\n<hr \/>\n<h3 class=\"p1\"><b>\u0130LK CEMRE NEREYE D\u00dc\u015eER?<\/b><b><\/b><\/h3>\n<p class=\"p1\">\u0130lk cemre, havaya d\u00fc\u015fer. Bu, do\u011fan\u0131n uyan\u0131\u015f\u0131n\u0131n ilk ad\u0131m\u0131 olarak kabul edilir ve havadaki \u0131s\u0131nman\u0131n habercisidir. \u0130kinci cemre ise 26-27 \u015eubat tarihlerinde suya, \u00fc\u00e7\u00fcnc\u00fc cemre ise 5-6 Mart tarihlerinde topra\u011fa d\u00fc\u015fer.<\/p>\n<h3 class=\"p1\"><b>CEMRELER\u0130N D\u00dc\u015e\u00dc\u015e SIRASI VE TAR\u0130HLER\u0130\u00a0<\/b><\/h3>\n<p class=\"p1\">Cemrelerin d\u00fc\u015f\u00fc\u015f s\u0131ras\u0131 ve tarihleri \u015fu \u015fekildedir:<\/p>\n<p><b>\u0130lk Cemre:<\/b> Havaya d\u00fc\u015fer, 19-20 \u015eubat tarihlerinde.<\/p>\n<p><b>\u0130kinci Cemre:<\/b> Suya d\u00fc\u015fer, 26-27 \u015eubat tarihlerinde.<\/p>\n<p><b>\u00dc\u00e7\u00fcnc\u00fc Cemre:<\/b> Topra\u011fa d\u00fc\u015fer, 5-6 Mart tarihlerinde.<\/p>\n<p class=\"p1\">Bu tarihler, her y\u0131l benzerlik g\u00f6sterir, ancak baz\u0131 y\u0131llarda bir g\u00fcn \u00f6ncesi veya sonras\u0131 olabilir.<\/p>\n<p><img loading=\"lazy\" decoding=\"async\" class=\"alignnone wp-image-120467 \" src=\"https:\/\/www.tgrthaber.com\/mavikadin\/wp-content\/uploads\/Ekran-Resmi-2025-01-12-16.50.45.png\" alt=\"\" width=\"998\" height=\"603\" title=\"\" srcset=\"https:\/\/www.tgrthaber.com\/mavikadin\/wp-content\/uploads\/Ekran-Resmi-2025-01-12-16.50.45.png 980w, https:\/\/www.tgrthaber.com\/mavikadin\/wp-content\/uploads\/Ekran-Resmi-2025-01-12-16.50.45-300x181.png 300w, https:\/\/www.tgrthaber.com\/mavikadin\/wp-content\/uploads\/Ekran-Resmi-2025-01-12-16.50.45-768x464.png 768w\" sizes=\"(max-width: 998px) 100vw, 998px\" \/><\/p>\n<hr \/>\n<h3 class=\"p1\"><b>CEMRELER\u0130N ANLAMI VE \u00d6NEM\u0130\u00a0<\/b><b><\/b><\/h3>\n<p class=\"p1\">Cemreler, halk aras\u0131nda bahar\u0131n m\u00fcjdecisi olarak kabul edilir. Her bir cemre, do\u011fan\u0131n farkl\u0131 bir y\u00f6n\u00fcn\u00fc simgeler:<\/p>\n<p><b>\u0130lk Cemre (Havaya):<\/b> Havan\u0131n \u0131s\u0131nmaya ba\u015flad\u0131\u011f\u0131n\u0131 g\u00f6sterir.<\/p>\n<p><b>\u0130kinci Cemre (Suya):<\/b> Suyun \u0131s\u0131nmaya ba\u015flad\u0131\u011f\u0131n\u0131 ve do\u011fadaki canl\u0131lar\u0131n uyan\u0131\u015f\u0131n\u0131 simgeler.<\/p>\n<p><b>\u00dc\u00e7\u00fcnc\u00fc Cemre (Topra\u011fa):<\/b> Topra\u011f\u0131n \u0131s\u0131nmaya ba\u015flad\u0131\u011f\u0131n\u0131 ve tar\u0131msal faaliyetlerin ba\u015flayaca\u011f\u0131n\u0131 i\u015faret eder.<\/p>\n<p class=\"p1\">Bu inan\u00e7lar, tar\u0131m toplumlar\u0131n\u0131n do\u011fa ile uyumlu ya\u015fam bi\u00e7imlerinin bir yans\u0131mas\u0131d\u0131r.<\/p>\n<p class=\"p1\">Cemreler, T\u00fcrk k\u00fclt\u00fcr\u00fcnde \u00f6nemli bir yer tutar ve her y\u0131l belirli tarihlerde d\u00fc\u015ferek bahar\u0131n geli\u015fini m\u00fcjdeler. 2025 y\u0131l\u0131nda da ilk cemrenin 19-20 \u015eubat tarihlerinde havaya d\u00fc\u015fmesi bekleniyor. Bu tarihler, halk takvimine g\u00f6re belirlenmi\u015ftir ve her y\u0131l benzerlik g\u00f6sterir.Cemrelerin d\u00fc\u015f\u00fc\u015f\u00fc, do\u011fan\u0131n uyan\u0131\u015f\u0131n\u0131 ve mevsimsel de\u011fi\u015fimi simgeler. Bu nedenle, cemrelerin d\u00fc\u015f\u00fc\u015f tarihleri ve anlamlar\u0131, halk aras\u0131nda b\u00fcy\u00fck bir ilgiyle takip edilir.<\/p>\n<p><img loading=\"lazy\" decoding=\"async\" class=\"alignnone wp-image-120468 \" src=\"https:\/\/www.tgrthaber.com\/mavikadin\/wp-content\/uploads\/Ekran-Resmi-2025-01-12-16.50.38.png\" alt=\"\" width=\"992\" height=\"674\" title=\"\" srcset=\"https:\/\/www.tgrthaber.com\/mavikadin\/wp-content\/uploads\/Ekran-Resmi-2025-01-12-16.50.38.png 974w, https:\/\/www.tgrthaber.com\/mavikadin\/wp-content\/uploads\/Ekran-Resmi-2025-01-12-16.50.38-300x204.png 300w, https:\/\/www.tgrthaber.com\/mavikadin\/wp-content\/uploads\/Ekran-Resmi-2025-01-12-16.50.38-768x522.png 768w\" sizes=\"(max-width: 992px) 100vw, 992px\" \/><\/p>\n<hr \/>\n<h3>CEMRE NE DEMEK, CEMREN\u0130N TAR\u0130H\u0130 \u00d6NEM\u0130 NED\u0130R?<\/h3>\n<p class=\"p1\">Cemre, T\u00fcrk halk takvimine g\u00f6re k\u0131\u015f\u0131n sonunu ve bahar\u0131n geli\u015fini m\u00fcjdeleyen \u00f6nemli bir do\u011fa olay\u0131d\u0131r. Cemre, halk aras\u0131nda do\u011fan\u0131n uyan\u0131\u015f\u0131 olarak kabul edilir ve \u00fc\u00e7 a\u015famadan olu\u015fur: havaya, suya ve topra\u011fa d\u00fc\u015fer. Her biri, do\u011fadaki farkl\u0131 bir de\u011fi\u015fimi simgeler. \u0130lk cemre, 19-20 \u015eubat tarihlerinde havaya d\u00fc\u015fer ve havan\u0131n \u0131s\u0131nmaya ba\u015flad\u0131\u011f\u0131n\u0131n i\u015faretidir. \u0130kinci cemre ise 26-27 \u015eubat tarihlerinde suya d\u00fc\u015fer, suyun \u0131s\u0131nd\u0131\u011f\u0131n\u0131 ve do\u011fadaki canl\u0131lar\u0131n uyanmaya ba\u015flad\u0131\u011f\u0131n\u0131 g\u00f6sterir. \u00dc\u00e7\u00fcnc\u00fc cemre, 5-6 Mart tarihlerinde topra\u011fa d\u00fc\u015fer ve topra\u011f\u0131n \u0131s\u0131nmas\u0131, tar\u0131m faaliyetlerinin ba\u015flama zaman\u0131n\u0131 i\u015faret eder.<\/p>\n<p><img loading=\"lazy\" decoding=\"async\" class=\"alignnone wp-image-120469 size-full\" src=\"https:\/\/www.tgrthaber.com\/mavikadin\/wp-content\/uploads\/Ekran-Resmi-2025-01-12-16.53.08.png\" alt=\"\" width=\"986\" height=\"522\" title=\"\" srcset=\"https:\/\/www.tgrthaber.com\/mavikadin\/wp-content\/uploads\/Ekran-Resmi-2025-01-12-16.53.08.png 986w, https:\/\/www.tgrthaber.com\/mavikadin\/wp-content\/uploads\/Ekran-Resmi-2025-01-12-16.53.08-300x159.png 300w, https:\/\/www.tgrthaber.com\/mavikadin\/wp-content\/uploads\/Ekran-Resmi-2025-01-12-16.53.08-768x407.png 768w\" sizes=\"(max-width: 986px) 100vw, 986px\" \/><\/p>\n<hr \/>\n<p class=\"p1\">Cemrelerin tarihi \u00f6nemi, \u00f6zellikle tar\u0131m toplumlar\u0131 i\u00e7in b\u00fcy\u00fckt\u00fcr. Cemrelerin geli\u015f s\u0131ras\u0131, tar\u0131m\u0131n erken d\u00f6nemlerinde \u00f6nemli bir rehber olmu\u015ftur. Bu nedenle, cemreler sadece do\u011fan\u0131n de\u011fi\u015fimini de\u011fil, ayn\u0131 zamanda halk\u0131n ya\u015fam bi\u00e7imini ve tar\u0131m takvimini de etkileyen bir unsur olmu\u015ftur. Cemrelerin d\u00fc\u015f\u00fc\u015f\u00fc, halk aras\u0131nda bahar\u0131n habercisi olarak kabul edilir ve bahar mevsiminin ba\u015flamas\u0131yla do\u011fadaki ya\u015fam\u0131n canland\u0131\u011f\u0131 d\u00fc\u015f\u00fcn\u00fcl\u00fcr. Bu geleneksel inan\u00e7lar, g\u00fcn\u00fcm\u00fczde de halk aras\u0131nda b\u00fcy\u00fck bir ilgiyle takip edilmektedir.<\/p>\n<p>&nbsp;<\/p>\n","protected":false},"excerpt":{"rendered":"<p>Cemreler, T\u00fcrk halk takviminde bahar\u0131n geli\u015fini m\u00fcjdeleyen ve k\u0131\u015f\u0131n sonunu i\u015faret eden \u00f6nemli bir do\u011fa olay\u0131d\u0131r. \u015eubat sonlar\u0131nda ba\u015flayarak, bir hafta arayla havaya, suya ve topra\u011fa d\u00fc\u015ferler. Bu d\u00fc\u015f\u00fc\u015fler, do\u011fan\u0131n uyan\u0131\u015f\u0131n\u0131 ve mevsimsel de\u011fi\u015fimi simgeler. 2025 y\u0131l\u0131nda ilk cemrenin ne zaman d\u00fc\u015fece\u011fi ve cemrelerin tarihsel anlam\u0131, halk aras\u0131nda b\u00fcy\u00fck bir merak konusu olmu\u015ftur. \u0130\u015fte, 2025 cemre zamanlar\u0131 ve cemrelerin anlam\u0131 hakk\u0131nda t\u00fcm bilmeniz gerekenler&#8230;<\/p>\n","protected":false},"author":16,"featured_media":120470,"comment_status":"closed","ping_status":"closed","sticky":false,"template":"","format":"standard","meta":{"rank_math_lock_modified_date":false,"footnotes":""},"categories":[101],"tags":[7849,7848,7850],"class_list":["post-120457","post","type-post","status-publish","format-standard","has-post-thumbnail","hentry","category-kesfet","tag-2025-cemre-dustu-mu","tag-2025-cemre-zamanlari","tag-ilk-cemre-nereye-duser"],"_links":{"self":[{"href":"https:\/\/www.tgrthaber.com\/mavikadin\/wp-json\/wp\/v2\/posts\/120457"}],"collection":[{"href":"https:\/\/www.tgrthaber.com\/mavikadin\/wp-json\/wp\/v2\/posts"}],"about":[{"href":"https:\/\/www.tgrthaber.com\/mavikadin\/wp-json\/wp\/v2\/types\/post"}],"author":[{"embeddable":true,"href":"https:\/\/www.tgrthaber.com\/mavikadin\/wp-json\/wp\/v2\/users\/16"}],"replies":[{"embeddable":true,"href":"https:\/\/www.tgrthaber.com\/mavikadin\/wp-json\/wp\/v2\/comments?post=120457"}],"version-history":[{"count":2,"href":"https:\/\/www.tgrthaber.com\/mavikadin\/wp-json\/wp\/v2\/posts\/120457\/revisions"}],"predecessor-version":[{"id":120472,"href":"https:\/\/www.tgrthaber.com\/mavikadin\/wp-json\/wp\/v2\/posts\/120457\/revisions\/120472"}],"wp:featuredmedia":[{"embeddable":true,"href":"https:\/\/www.tgrthaber.com\/mavikadin\/wp-json\/wp\/v2\/media\/120470"}],"wp:attachment":[{"href":"https:\/\/www.tgrthaber.com\/mavikadin\/wp-json\/wp\/v2\/media?parent=120457"}],"wp:term":[{"taxonomy":"category","embeddable":true,"href":"https:\/\/www.tgrthaber.com\/mavikadin\/wp-json\/wp\/v2\/categories?post=120457"},{"taxonomy":"post_tag","embeddable":true,"href":"https:\/\/www.tgrthaber.com\/mavikadin\/wp-json\/wp\/v2\/tags?post=120457"}],"curies":[{"name":"wp","href":"https:\/\/api.w.org\/{rel}","templated":true}]}}