{"id":120484,"date":"2025-01-12T17:31:35","date_gmt":"2025-01-12T14:31:35","guid":{"rendered":"https:\/\/www.tgrthaber.com\/mavikadin\/?p=120484"},"modified":"2025-01-12T17:31:35","modified_gmt":"2025-01-12T14:31:35","slug":"masterchef-sampiyonu-onur-uresinden-ilk-paylasim-hayallerim-gercek-oldu","status":"publish","type":"post","link":"https:\/\/www.tgrthaber.com\/mavikadin\/masterchef-sampiyonu-onur-uresinden-ilk-paylasim-hayallerim-gercek-oldu\/","title":{"rendered":"Masterchef \u015fampiyonu Onur \u00dcresin&#8217;den ilk payla\u015f\u0131m: Hayallerim ger\u00e7ek oldu!"},"content":{"rendered":"<p class=\"p1\">MasterChef T\u00fcrkiye 2024&#8217;\u00fcn b\u00fcy\u00fck finali sona erdi ve canl\u0131 yay\u0131nda bu y\u0131l\u0131n \u015fampiyonu belli oldu. Yar\u0131\u015fman\u0131n heyecanl\u0131 finalinde Onur \u00dcresin, 2024 y\u0131l\u0131 \u015fampiyonluk kupas\u0131n\u0131 kazanarak b\u00fcy\u00fck bir ba\u015far\u0131ya imza att\u0131. Kendisini destekleyen hayranlar\u0131na te\u015fekk\u00fcr eden Onur, sosyal medya hesab\u0131ndan duygusal bir payla\u015f\u0131mda bulundu. Finalde g\u00f6sterdi\u011fi m\u00fckemmel performansla \u00f6ne \u00e7\u0131kan Onur, zaferini ve bu s\u00fcre\u00e7te edindi\u011fi deneyimleri takip\u00e7ileriyle payla\u015ft\u0131.<\/p>\n<h3>MASTERCHEF \u015eAMP\u0130YONU CANLI YAYINDA BELL\u0130 OLDU<\/h3>\n<p class=\"p1\">MasterChef T\u00fcrkiye 2024&#8217;\u00fcn b\u00fcy\u00fck finali izleyicileri ekran ba\u015f\u0131na kilitledi. Yar\u0131\u015fman\u0131n son d\u00f6rt etab\u0131na kalan isimler Eda, Semih, Kerem ve Onur, b\u00fcy\u00fck \u00f6d\u00fcl i\u00e7in m\u00fccadele etti. \u0130lk finalist Onur \u00dcresin olurken, onu takip eden isim Kerem oldu. \u0130ki yetenekli yar\u0131\u015fmac\u0131, \u015fampiyonluk i\u00e7in son bir kez m\u00fccadeleye girdi.<\/p>\n<p><img loading=\"lazy\" decoding=\"async\" class=\"alignnone wp-image-120486 size-full\" src=\"https:\/\/www.tgrthaber.com\/mavikadin\/wp-content\/uploads\/Ekran-Resmi-2025-01-12-17.28.15.png\" alt=\"\" width=\"1046\" height=\"558\" title=\"\" srcset=\"https:\/\/www.tgrthaber.com\/mavikadin\/wp-content\/uploads\/Ekran-Resmi-2025-01-12-17.28.15.png 1046w, https:\/\/www.tgrthaber.com\/mavikadin\/wp-content\/uploads\/Ekran-Resmi-2025-01-12-17.28.15-300x160.png 300w, https:\/\/www.tgrthaber.com\/mavikadin\/wp-content\/uploads\/Ekran-Resmi-2025-01-12-17.28.15-1024x546.png 1024w, https:\/\/www.tgrthaber.com\/mavikadin\/wp-content\/uploads\/Ekran-Resmi-2025-01-12-17.28.15-768x410.png 768w\" sizes=\"(max-width: 1046px) 100vw, 1046px\" \/><\/p>\n<hr \/>\n<p class=\"p1\">Finale kalan her iki isim de izleyenlere unutulmaz anlar ya\u015fatt\u0131. Onur ve Kerem aras\u0131ndaki bu k\u0131yas\u0131ya rekabet, mutfakta \u00f6zg\u00fcnl\u00fck, beceri ve h\u0131z konusunda her iki yar\u0131\u015fmac\u0131n\u0131n da ne kadar g\u00fc\u00e7l\u00fc olduklar\u0131n\u0131 g\u00f6zler \u00f6n\u00fcne serdi. Finalde yap\u0131lan tabaklar, \u015feflerin ve izleyicilerin be\u011fenisini toplarken, nihayetinde kupay\u0131 kald\u0131ran isim Onur \u00dcresin oldu. Onur&#8217;un zaferi, sadece mutfakta g\u00f6sterdi\u011fi yetenekle de\u011fil, ayn\u0131 zamanda so\u011fukkanl\u0131l\u0131\u011f\u0131 ve azmiyle de ta\u00e7land\u0131. \u015eampiyonluk, Onur i\u00e7in b\u00fcy\u00fck bir d\u00f6n\u00fcm noktas\u0131 olurken, onun bu s\u00fcre\u00e7teki yolculu\u011fu, izleyiciler taraf\u0131ndan da takdirle kar\u015f\u0131land\u0131.<\/p>\n<h3 class=\"p1\"><b>\u015eAMP\u0130YONDAN \u0130LK S\u00d6ZLER\u00a0<\/b><\/h3>\n<p class=\"p3\">Onur, &#8220;Kerem \u00e7ok sevdi\u011fim bir arkada\u015f\u0131m. Bir kupay\u0131 b\u00f6lebilirsem e\u011fer b\u00f6lmek isterim. \u015eampiyonu ger\u00e7ekten iki tane var. \u015eampiyon benim g\u00f6z\u00fcmde iki ki\u015fi. Kupay\u0131 Kerem ile birlikte kald\u0131rmak istiyorum.&#8221; dedi.<\/p>\n<p><img loading=\"lazy\" decoding=\"async\" class=\"alignnone wp-image-120487 \" src=\"https:\/\/www.tgrthaber.com\/mavikadin\/wp-content\/uploads\/Ekran-Resmi-2025-01-12-17.28.20.png\" alt=\"\" width=\"997\" height=\"562\" title=\"\" srcset=\"https:\/\/www.tgrthaber.com\/mavikadin\/wp-content\/uploads\/Ekran-Resmi-2025-01-12-17.28.20.png 972w, https:\/\/www.tgrthaber.com\/mavikadin\/wp-content\/uploads\/Ekran-Resmi-2025-01-12-17.28.20-300x169.png 300w, https:\/\/www.tgrthaber.com\/mavikadin\/wp-content\/uploads\/Ekran-Resmi-2025-01-12-17.28.20-768x433.png 768w\" sizes=\"(max-width: 997px) 100vw, 997px\" \/><\/p>\n<hr \/>\n<h3 class=\"p1\"><b>ONUR \u00dcRES\u0130N\u2019DEN<span class=\"Apple-converted-space\">\u00a0 <\/span>\u0130LK PAYLA\u015eIM\u00a0<\/b><\/h3>\n<p class=\"p3\">MasterChef \u015fampiyonluk kupas\u0131n\u0131 alan Onur \u00dcresin, Instagram hesab\u0131ndan yay\u0131nlad\u0131\u011f\u0131 g\u00f6nderisiyle duygular\u0131n\u0131 payla\u015ft\u0131. \u00dcresin sosyal medya hesab\u0131ndan yapt\u0131\u011f\u0131 payla\u015f\u0131m\u0131nda \u015fu ifadelere yer verdi:<\/p>\n<p class=\"p3\">Bug\u00fcn buraya sadece bir hayal ile ba\u015flad\u0131m. \u00c7ok \u00e7al\u0131\u015ft\u0131m, vazge\u00e7medim ve i\u015fte \u015fimdi hayallerim ger\u00e7ek oldu. Her zorlu\u011fun \u00fcstesinden azimle geldim.Pes etmedim,yorulmad\u0131m ve \u0219imdi buraday\u0131m.<\/p>\n<p><img loading=\"lazy\" decoding=\"async\" class=\"alignnone wp-image-120491 size-full\" src=\"https:\/\/www.tgrthaber.com\/mavikadin\/wp-content\/uploads\/Ekran-Resmi-2025-01-12-17.28.25.png\" alt=\"\" width=\"988\" height=\"552\" title=\"\" srcset=\"https:\/\/www.tgrthaber.com\/mavikadin\/wp-content\/uploads\/Ekran-Resmi-2025-01-12-17.28.25.png 988w, https:\/\/www.tgrthaber.com\/mavikadin\/wp-content\/uploads\/Ekran-Resmi-2025-01-12-17.28.25-300x168.png 300w, https:\/\/www.tgrthaber.com\/mavikadin\/wp-content\/uploads\/Ekran-Resmi-2025-01-12-17.28.25-768x429.png 768w\" sizes=\"(max-width: 988px) 100vw, 988px\" \/><\/p>\n<hr \/>\n<p class=\"p3\">Kendime inand\u0131m,yeteneklerime g\u00fcvendim. Bug\u00fcn bu ba\u015far\u0131, inanc\u0131n ve eme\u011fin zaferi. Beni destekleyen herkese te\u015fekk\u00fcr ederim. Bu ba\u015far\u0131 sadece benim de\u011fil, beni sevenlerin de ba\u015far\u0131s\u0131. Hayal etmekle ba\u015fl\u0131yor her \u015fey .Bug\u00fcn, hayallerimin ne kadar g\u00fc\u00e7l\u00fc oldu\u011funu bir kez daha g\u00f6rd\u00fcm. Herkese \u015funu s\u00f6ylemek istiyorum: Kendi hikayenizi yaz\u0131n, \u00e7\u00fcnk\u00fc o hikaye bir g\u00fcn sizi zirveye ta\u015f\u0131yabilir.<\/p>\n","protected":false},"excerpt":{"rendered":"<p>MasterChef T\u00fcrkiye 2024 b\u00fcy\u00fck finali sona erdi ve \u015fampiyon belli oldu. Onur \u00dcresin, muazzam bir performans sergileyerek 2024 y\u0131l\u0131 \u015fampiyonluk kupas\u0131n\u0131 kazand\u0131. Sosyal medya hesab\u0131 \u00fczerinden duygusal bir te\u015fekk\u00fcr mesaj\u0131 payla\u015fan Onur mesaj\u0131yla dikkat \u00e7ekti. <\/p>\n","protected":false},"author":16,"featured_media":120495,"comment_status":"closed","ping_status":"closed","sticky":false,"template":"","format":"standard","meta":{"rank_math_lock_modified_date":false,"footnotes":""},"categories":[76],"tags":[7859,7860],"class_list":["post-120484","post","type-post","status-publish","format-standard","has-post-thumbnail","hentry","category-magazin","tag-masterchef-sampiyonu-onur-uresin","tag-masterchef-sampiyonu-onur-uresin-paylasimi"],"_links":{"self":[{"href":"https:\/\/www.tgrthaber.com\/mavikadin\/wp-json\/wp\/v2\/posts\/120484"}],"collection":[{"href":"https:\/\/www.tgrthaber.com\/mavikadin\/wp-json\/wp\/v2\/posts"}],"about":[{"href":"https:\/\/www.tgrthaber.com\/mavikadin\/wp-json\/wp\/v2\/types\/post"}],"author":[{"embeddable":true,"href":"https:\/\/www.tgrthaber.com\/mavikadin\/wp-json\/wp\/v2\/users\/16"}],"replies":[{"embeddable":true,"href":"https:\/\/www.tgrthaber.com\/mavikadin\/wp-json\/wp\/v2\/comments?post=120484"}],"version-history":[{"count":2,"href":"https:\/\/www.tgrthaber.com\/mavikadin\/wp-json\/wp\/v2\/posts\/120484\/revisions"}],"predecessor-version":[{"id":120498,"href":"https:\/\/www.tgrthaber.com\/mavikadin\/wp-json\/wp\/v2\/posts\/120484\/revisions\/120498"}],"wp:featuredmedia":[{"embeddable":true,"href":"https:\/\/www.tgrthaber.com\/mavikadin\/wp-json\/wp\/v2\/media\/120495"}],"wp:attachment":[{"href":"https:\/\/www.tgrthaber.com\/mavikadin\/wp-json\/wp\/v2\/media?parent=120484"}],"wp:term":[{"taxonomy":"category","embeddable":true,"href":"https:\/\/www.tgrthaber.com\/mavikadin\/wp-json\/wp\/v2\/categories?post=120484"},{"taxonomy":"post_tag","embeddable":true,"href":"https:\/\/www.tgrthaber.com\/mavikadin\/wp-json\/wp\/v2\/tags?post=120484"}],"curies":[{"name":"wp","href":"https:\/\/api.w.org\/{rel}","templated":true}]}}