{"id":120515,"date":"2025-01-12T18:28:15","date_gmt":"2025-01-12T15:28:15","guid":{"rendered":"https:\/\/www.tgrthaber.com\/mavikadin\/?p=120515"},"modified":"2025-01-12T18:28:54","modified_gmt":"2025-01-12T15:28:54","slug":"sakir-pasa-ailesi-cevat-sakir-kac-kez-evlendi-cevat-sakir-kabaagaclinin-kac-tane-cocugu-var","status":"publish","type":"post","link":"https:\/\/www.tgrthaber.com\/mavikadin\/sakir-pasa-ailesi-cevat-sakir-kac-kez-evlendi-cevat-sakir-kabaagaclinin-kac-tane-cocugu-var\/","title":{"rendered":"\u015eakir Pa\u015fa Ailesi Cevat \u015eakir ka\u00e7 kez evlendi? Cevat \u015eakir Kabaa\u011fa\u00e7l\u0131&#8217;n\u0131n ka\u00e7 tane \u00e7ocu\u011fu var?"},"content":{"rendered":"<p>\u015eakir Pa\u015fa Ailesi dizisi ile g\u00fcndeme gelen Cevat \u015eakir Kabaa\u011fa\u00e7l\u0131, Halikarnas Bal\u0131k\u00e7\u0131s\u0131 olarak tan\u0131nan \u00f6nemli bir edebiyat\u00e7\u0131d\u0131r. \u0130ki evlilik yapan ve be\u015f \u00e7ocu\u011fa sahip olan yazar\u0131n \u00f6zel hayat\u0131na dair merak edilen detaylar\u0131 sizler i\u00e7in derledik. \u015eakir Pa\u015fa Ailesi Cevat \u015eakir ka\u00e7 kez evlendi? Cevat \u015eakir Kabaa\u011fa\u00e7l\u0131&#8217;n\u0131n ka\u00e7 tane \u00e7ocu\u011fu oldu?<\/p>\n<p>T\u00fcrk edebiyat\u0131n\u0131n \u00f6nemli isimlerinden Halikarnas Bal\u0131k\u00e7\u0131s\u0131, ger\u00e7ek ad\u0131yla Cevat \u015eakir Kabaa\u011fa\u00e7l\u0131, hem edebi ba\u015far\u0131lar\u0131 hem de \u00f6zel hayat\u0131yla dikkat \u00e7eken bir isim haline geldi. \u00d6zellikle, NOW&#8217;un yeni dizisi \u015eakir Pa\u015fa Ailesi: Mucizeler ve Skandallar ile yeniden g\u00fcndeme gelen Cevat \u015eakir, ya\u015fam\u0131 ve ailesiyle ilgili s\u0131rlarla da ilgi oda\u011f\u0131 oldu. Peki, Cevat \u015eakir Kabaa\u011fa\u00e7l\u0131 ka\u00e7 kere evlendi ve ka\u00e7 \u00e7ocu\u011fu var?<\/p>\n<h3>\u015eAK\u0130R PA\u015eA A\u0130LES\u0130 CEVAT \u015eAK\u0130R KA\u00c7 EVL\u0130L\u0130K YAPTI?<\/h3>\n<p>\u015eakir Pa\u015fa Ailesi dizisi ile g\u00fcndeme gelen Cevat \u015eakir Kabaa\u011fa\u00e7l\u0131, \u00fc\u00e7 kez evlenmi\u015ftir. \u0130lk evlili\u011fini Halikarnas Bal\u0131k\u00e7\u0131s\u0131 olarak \u00fcnlendi\u011fi y\u0131llarda yapm\u0131\u015f, ikinci evlili\u011fini ise hayat\u0131n\u0131n ilerleyen y\u0131llar\u0131nda ger\u00e7ekle\u015ftirmi\u015ftir. \u0130kinci evlili\u011fini day\u0131s\u0131n\u0131n k\u0131z\u0131 Hamdiye ile, \u00fc\u00e7\u00fcnc\u00fc evlili\u011fini de Hatice Han\u0131m&#8217;la yapan Cevat \u015eakir&#8217;in \u00fc\u00e7 evlili\u011finden toplam be\u015f \u00e7ocu\u011fu olmu\u015ftur<\/p>\n<p><img loading=\"lazy\" decoding=\"async\" class=\"alignnone wp-image-120528\" src=\"https:\/\/www.tgrthaber.com\/mavikadin\/wp-content\/uploads\/Ekran-goruntusu-2025-01-12-175929.png\" alt=\"\" width=\"1064\" height=\"610\" title=\"\" srcset=\"https:\/\/www.tgrthaber.com\/mavikadin\/wp-content\/uploads\/Ekran-goruntusu-2025-01-12-175929.png 1136w, https:\/\/www.tgrthaber.com\/mavikadin\/wp-content\/uploads\/Ekran-goruntusu-2025-01-12-175929-300x172.png 300w, https:\/\/www.tgrthaber.com\/mavikadin\/wp-content\/uploads\/Ekran-goruntusu-2025-01-12-175929-1024x587.png 1024w, https:\/\/www.tgrthaber.com\/mavikadin\/wp-content\/uploads\/Ekran-goruntusu-2025-01-12-175929-768x440.png 768w\" sizes=\"(max-width: 1064px) 100vw, 1064px\" \/><\/p>\n<hr \/>\n<h3>CEVAT \u015eAK\u0130R&#8217;\u0130N KA\u00c7 \u00c7OCU\u011eU OLDU?<\/h3>\n<p>Cevat \u015eakir Kabaa\u011fa\u00e7l\u0131, be\u015f \u00e7ocu\u011fa sahiptir. Osmanl\u0131&#8217;dan Cumhuriyet&#8217;e ge\u00e7i\u015f d\u00f6neminde farkl\u0131 hayatlar s\u00fcren bu \u00e7ocuklar, her biri kendi yolunu izlemi\u015ftir:<\/p>\n<p><strong>Mutarra Agustina<\/strong><\/p>\n<p><strong>\u0130smet Kabaa\u011fa\u00e7l\u0131 Noonan<\/strong><\/p>\n<p><strong>Suat Kabaa\u011fa\u00e7l\u0131<\/strong><\/p>\n<p><strong>Sina Kabaa\u011fa\u00e7<\/strong><\/p>\n<p><strong>Aliye \u00d6nce<\/strong><\/p>\n<p><img loading=\"lazy\" decoding=\"async\" class=\"alignnone size-full wp-image-120529\" src=\"https:\/\/www.tgrthaber.com\/mavikadin\/wp-content\/uploads\/Yeni-Proje-29-6.jpg\" alt=\"\" width=\"1208\" height=\"680\" title=\"\" srcset=\"https:\/\/www.tgrthaber.com\/mavikadin\/wp-content\/uploads\/Yeni-Proje-29-6.jpg 1208w, https:\/\/www.tgrthaber.com\/mavikadin\/wp-content\/uploads\/Yeni-Proje-29-6-300x169.jpg 300w, https:\/\/www.tgrthaber.com\/mavikadin\/wp-content\/uploads\/Yeni-Proje-29-6-1024x576.jpg 1024w, https:\/\/www.tgrthaber.com\/mavikadin\/wp-content\/uploads\/Yeni-Proje-29-6-768x432.jpg 768w\" sizes=\"(max-width: 1208px) 100vw, 1208px\" \/><\/p>\n<hr \/>\n<h3>CEVAT \u015eAK\u0130R\u2019\u0130N KIZI MUTARRA AGUSTINA K\u0130MD\u0130R?<\/h3>\n<p>Cevat \u015eakir Kabaa\u011fa\u00e7l\u0131\u2019n\u0131n k\u0131z\u0131 Mutarra Agustina, isminin anlam\u0131yla da ilgi uyand\u0131ran bir fig\u00fcrd\u00fcr. Osmanl\u0131ca k\u00f6kenli olan Mutarra kelimesi, \u201cAllah\u2019\u0131n korumas\u0131na vesile olan ayetler\u201d anlam\u0131na gelir. Ayn\u0131 zamanda \u201cg\u00fczel kokulu\u201d, \u201ck\u00f6rpe\u201d ve \u201ctaze\u201d gibi anlamlara da sahiptir.<\/p>\n<p><img loading=\"lazy\" decoding=\"async\" class=\"alignnone size-full wp-image-120530\" src=\"https:\/\/www.tgrthaber.com\/mavikadin\/wp-content\/uploads\/Yeni-Proje-35-2-1.jpg\" alt=\"\" width=\"1208\" height=\"680\" title=\"\" srcset=\"https:\/\/www.tgrthaber.com\/mavikadin\/wp-content\/uploads\/Yeni-Proje-35-2-1.jpg 1208w, https:\/\/www.tgrthaber.com\/mavikadin\/wp-content\/uploads\/Yeni-Proje-35-2-1-300x169.jpg 300w, https:\/\/www.tgrthaber.com\/mavikadin\/wp-content\/uploads\/Yeni-Proje-35-2-1-1024x576.jpg 1024w, https:\/\/www.tgrthaber.com\/mavikadin\/wp-content\/uploads\/Yeni-Proje-35-2-1-768x432.jpg 768w\" sizes=\"(max-width: 1208px) 100vw, 1208px\" \/><\/p>\n<hr \/>\n<p>Mutarra\u2019n\u0131n annesi, Cevat \u015eakir\u2019in Londra\u2019da tan\u0131\u015ft\u0131\u011f\u0131 \u0130talyan as\u0131ll\u0131 Agnessia Kafiera\u2019d\u0131r. Bu ili\u015fki, Cevat \u015eakir\u2019in ya\u015fam\u0131nda \u00f6nemli bir d\u00f6n\u00fcm noktas\u0131d\u0131r.<\/p>\n","protected":false},"excerpt":{"rendered":"<p>\u015eakir Pa\u015fa Ailesi dizisi ile g\u00fcndeme gelen Cevat \u015eakir Kabaa\u011fa\u00e7l\u0131, Halikarnas Bal\u0131k\u00e7\u0131s\u0131 olarak tan\u0131nan \u00f6nemli bir edebiyat\u00e7\u0131d\u0131r. \u0130ki evlilik yapan ve be\u015f \u00e7ocu\u011fa sahip olan yazar\u0131n \u00f6zel hayat\u0131na dair merak edilen detaylar\u0131 sizler i\u00e7in derledik. \u015eakir Pa\u015fa Ailesi Cevat \u015eakir ka\u00e7 kez evlendi? Cevat \u015eakir Kabaa\u011fa\u00e7l\u0131&#8217;n\u0131n ka\u00e7 tane \u00e7ocu\u011fu oldu?<\/p>\n","protected":false},"author":4,"featured_media":120531,"comment_status":"closed","ping_status":"closed","sticky":false,"template":"","format":"standard","meta":{"rank_math_lock_modified_date":false,"footnotes":""},"categories":[491],"tags":[7869,3379,3658,2324],"class_list":["post-120515","post","type-post","status-publish","format-standard","has-post-thumbnail","hentry","category-biyografi","tag-agnessia-kafiera","tag-cevat-sakir","tag-cevat-sakir-kabaagacli","tag-sakir-pasa-ailesi"],"_links":{"self":[{"href":"https:\/\/www.tgrthaber.com\/mavikadin\/wp-json\/wp\/v2\/posts\/120515"}],"collection":[{"href":"https:\/\/www.tgrthaber.com\/mavikadin\/wp-json\/wp\/v2\/posts"}],"about":[{"href":"https:\/\/www.tgrthaber.com\/mavikadin\/wp-json\/wp\/v2\/types\/post"}],"author":[{"embeddable":true,"href":"https:\/\/www.tgrthaber.com\/mavikadin\/wp-json\/wp\/v2\/users\/4"}],"replies":[{"embeddable":true,"href":"https:\/\/www.tgrthaber.com\/mavikadin\/wp-json\/wp\/v2\/comments?post=120515"}],"version-history":[{"count":2,"href":"https:\/\/www.tgrthaber.com\/mavikadin\/wp-json\/wp\/v2\/posts\/120515\/revisions"}],"predecessor-version":[{"id":120534,"href":"https:\/\/www.tgrthaber.com\/mavikadin\/wp-json\/wp\/v2\/posts\/120515\/revisions\/120534"}],"wp:featuredmedia":[{"embeddable":true,"href":"https:\/\/www.tgrthaber.com\/mavikadin\/wp-json\/wp\/v2\/media\/120531"}],"wp:attachment":[{"href":"https:\/\/www.tgrthaber.com\/mavikadin\/wp-json\/wp\/v2\/media?parent=120515"}],"wp:term":[{"taxonomy":"category","embeddable":true,"href":"https:\/\/www.tgrthaber.com\/mavikadin\/wp-json\/wp\/v2\/categories?post=120515"},{"taxonomy":"post_tag","embeddable":true,"href":"https:\/\/www.tgrthaber.com\/mavikadin\/wp-json\/wp\/v2\/tags?post=120515"}],"curies":[{"name":"wp","href":"https:\/\/api.w.org\/{rel}","templated":true}]}}