{"id":120532,"date":"2025-01-12T18:51:21","date_gmt":"2025-01-12T15:51:21","guid":{"rendered":"https:\/\/www.tgrthaber.com\/mavikadin\/?p=120532"},"modified":"2025-01-12T18:51:21","modified_gmt":"2025-01-12T15:51:21","slug":"karantina-kitabi-nereden-alinir-karantina-kitabinin-fiyati-kac-bolumden-olusuyor","status":"publish","type":"post","link":"https:\/\/www.tgrthaber.com\/mavikadin\/karantina-kitabi-nereden-alinir-karantina-kitabinin-fiyati-kac-bolumden-olusuyor\/","title":{"rendered":"Karantina kitab\u0131 nereden al\u0131n\u0131r? Karantina kitab\u0131n\u0131n fiyat\u0131, ka\u00e7 b\u00f6l\u00fcmden olu\u015fuyor?"},"content":{"rendered":"<p class=\"p1\">Beyza Alkoc\u2019un &#8220;Karantina&#8221; kitab\u0131, son d\u00f6nemin dikkat \u00e7eken eserlerinden biri olarak b\u00fcy\u00fck ilgi g\u00f6r\u00fcyor. Salg\u0131n nedeniyle karantinaya al\u0131nan bir okulda, gizemli bir \u015fekilde \u00f6l\u00fc bulunan bir k\u0131z \u00f6\u011frencinin ard\u0131ndaki s\u0131rlar\u0131 \u00e7\u00f6zmeye \u00e7al\u0131\u015fan d\u00f6rt gen\u00e7 ve onlar\u0131n etraf\u0131nda geli\u015fen esrarengiz olaylar kitapta ele al\u0131n\u0131yor. Bu gerilim dolu hikaye, yaln\u0131zca bedensel de\u011fil, ruhsal bir karantinaya al\u0131nm\u0131\u015f karakterlerin m\u00fccadelesini anlat\u0131yor. Peki, &#8220;Karantina&#8221; kitab\u0131n\u0131 nereden sat\u0131n alabilirsiniz? Fiyat\u0131 ne kadar ve ka\u00e7 b\u00f6l\u00fcmden olu\u015fuyor? \u0130\u015fte merak edilen sorular\u0131n cevaplar\u0131\u2026<\/p>\n<h3>KARANT\u0130NA K\u0130TABI NEREDEN ALINIR?<\/h3>\n<p class=\"p1\">Kitap, T\u00fcrkiye&#8217;deki b\u00fcy\u00fck online kitap sat\u0131\u015f sitelerinde ve fiziksel kitap\u00e7\u0131larda mevcut. D&amp;R, \u0130defix, Amazon T\u00fcrkiyeve Hepsiburada gibi platformlardan rahatl\u0131kla temin edebilirsiniz. E-kitap format\u0131nda da sat\u0131n alabilece\u011finiz bu kitap, dijital kitap ma\u011fazalar\u0131nda da yer almakta.<\/p>\n<p><img loading=\"lazy\" decoding=\"async\" class=\"alignnone wp-image-120550 \" src=\"https:\/\/www.tgrthaber.com\/mavikadin\/wp-content\/uploads\/Ekran-Resmi-2025-01-12-18.45.54.png\" alt=\"\" width=\"988\" height=\"1135\" title=\"\" srcset=\"https:\/\/www.tgrthaber.com\/mavikadin\/wp-content\/uploads\/Ekran-Resmi-2025-01-12-18.45.54.png 676w, https:\/\/www.tgrthaber.com\/mavikadin\/wp-content\/uploads\/Ekran-Resmi-2025-01-12-18.45.54-261x300.png 261w\" sizes=\"(max-width: 988px) 100vw, 988px\" \/><\/p>\n<hr \/>\n<h3>KARANT\u0130NA K\u0130TABI F\u0130YATI NE KADAR?<\/h3>\n<p class=\"p1\">Fiyat\u0131 ise platforma ve sat\u0131\u015f noktas\u0131na g\u00f6re de\u011fi\u015fkenlik g\u00f6sterebilir, ancak genellikle kitaba 329 TL fiyat belirlenmi\u015f durumda.<\/p>\n<h3>KARANT\u0130NA K\u0130TABI KA\u00c7 B\u00d6L\u00dcMDEN OLU\u015eUYOR?<\/h3>\n<p class=\"p1\">Beyza Alko\u00e7\u2019un kaleme ald\u0131\u011f\u0131 <i>Karantina<\/i> kitab\u0131, 2016 y\u0131l\u0131nda yay\u0131mland\u0131\u011f\u0131nda, T\u00fcrk edebiyat\u0131nda \u00f6nemli bir yer edinmeye ba\u015flam\u0131\u015ft\u0131r. 448 sayfal\u0131k derinlemesine bir anlat\u0131ma sahip olan bu eser, <i>\u0130ndigo Kitap<\/i> yay\u0131nevi taraf\u0131ndan ciltli formatta bas\u0131lm\u0131\u015ft\u0131r. Kitap, \u00f6zellikle gen\u00e7 okurlar aras\u0131nda b\u00fcy\u00fck bir ilgi uyand\u0131r\u0131rken, ele\u015ftirmenlerden de \u00f6vg\u00fcler alm\u0131\u015ft\u0131r.<\/p>\n<p class=\"p1\"><i>Beyza Alko\u00e7<\/i>, g\u00fc\u00e7l\u00fc anlat\u0131m\u0131 ve gerilim dolu hikayesiyle okurlar\u0131 etkilemeyi ba\u015farm\u0131\u015ft\u0131r. Kitap, karantina alt\u0131ndaki bir okulda ge\u00e7en gizemli olaylar\u0131 konu al\u0131rken, hem psikolojik derinlik hem de s\u00fcr\u00fckleyici bir anlat\u0131mla okuyucusunu i\u00e7ine \u00e7ekiyor. Karakterlerin ruhsal ve fiziksel s\u0131n\u0131rlar\u0131n\u0131 zorlayan olaylar, her sayfada heyecan\u0131 art\u0131rarak okurlar\u0131n sab\u0131rs\u0131zl\u0131kla devam etmelerini sa\u011fl\u0131yor.<\/p>\n<p><img loading=\"lazy\" decoding=\"async\" class=\"alignnone wp-image-120551 \" src=\"https:\/\/www.tgrthaber.com\/mavikadin\/wp-content\/uploads\/Ekran-Resmi-2025-01-12-18.45.59.png\" alt=\"\" width=\"992\" height=\"910\" title=\"\" srcset=\"https:\/\/www.tgrthaber.com\/mavikadin\/wp-content\/uploads\/Ekran-Resmi-2025-01-12-18.45.59.png 786w, https:\/\/www.tgrthaber.com\/mavikadin\/wp-content\/uploads\/Ekran-Resmi-2025-01-12-18.45.59-300x275.png 300w, https:\/\/www.tgrthaber.com\/mavikadin\/wp-content\/uploads\/Ekran-Resmi-2025-01-12-18.45.59-768x704.png 768w\" sizes=\"(max-width: 992px) 100vw, 992px\" \/><\/p>\n<hr \/>\n<p class=\"p1\"><i>Karar\u0131n\u0131 vermi\u015f olan okurlar<\/i> ve <i>gerilim severler<\/i> i\u00e7in \u00f6nerilen bu kitap, sadece bir hikaye anlatmakla kalmay\u0131p, ayn\u0131 zamanda bir d\u00f6nemin toplumsal ve bireysel zorluklar\u0131n\u0131 da sorgulat\u0131yor. Beyza Alko\u00e7&#8217;un \u00fcslubu, gen\u00e7 okurlardan yeti\u015fkinlere kadar geni\u015f bir kitleye hitap etmekte.<\/p>\n<h3>KARANT\u0130NA K\u0130TABININ YAZARI K\u0130M?<\/h3>\n<p class=\"p1\">Beyza Alko\u00e7&#8217;un <i>Karantina<\/i> adl\u0131 eseri, son y\u0131llarda dikkat \u00e7eken romanlardan biri olarak kitapseverlerle bulu\u015ftu. Yazar, bu eserinde gerilim ve gizem unsurlar\u0131n\u0131 ustaca birle\u015ftirerek okuyucular\u0131n\u0131 farkl\u0131 bir d\u00fcnyaya davet ediyor. Eser, hem i\u00e7erdi\u011fi derin felsefi sorularla hem de karakterlerinin ya\u015fad\u0131\u011f\u0131 karma\u015f\u0131k duygusal durumlarla \u00f6ne \u00e7\u0131k\u0131yor. Beyza Alko\u00e7, kitab\u0131nda psikolojik \u00e7\u00f6z\u00fcmlemeleri ve gerilimi bir arada kullanarak okuyucusuna heyecanl\u0131, d\u00fc\u015f\u00fcnd\u00fcr\u00fcc\u00fc ve bir o kadar da etkileyici bir deneyim sunuyor. <i>Karantina<\/i>, farkl\u0131 duygusal katmanlara sahip, ger\u00e7eklikten kopmayan ve s\u00fcr\u00fckleyici bir okuma arayanlar i\u00e7in ideal bir eser.<\/p>\n","protected":false},"excerpt":{"rendered":"<p>Beyza Alko\u00e7\u2019un Karantina kitab\u0131, son d\u00f6nemde en \u00e7ok konu\u015fulan eserlerden biri haline geldi. Salg\u0131n nedeniyle karantinaya al\u0131nan bir okulda, gizemli bir \u015fekilde \u00f6l\u00fc bulunan bir k\u0131z \u00f6\u011frencinin ard\u0131ndan geli\u015fen olaylar, d\u00f6rt gencin gerilim dolu m\u00fccadelesini konu al\u0131yor. Kitap, sadece bedensel de\u011fil, ruhsal bir karantina i\u00e7inde s\u0131k\u0131\u015fm\u0131\u015f karakterlerin ya\u015fad\u0131\u011f\u0131 i\u00e7sel \u00e7at\u0131\u015fmalar\u0131 da derinlemesine i\u015fliyor. Peki, Karantina kitab\u0131n\u0131 nereden alabilirsiniz, fiyat\u0131 nedir ve ka\u00e7 b\u00f6l\u00fcmden olu\u015fuyor? \u0130\u015fte t\u00fcm bu sorular\u0131n yan\u0131tlar\u0131\u2026<\/p>\n","protected":false},"author":16,"featured_media":120555,"comment_status":"closed","ping_status":"closed","sticky":false,"template":"","format":"standard","meta":{"rank_math_lock_modified_date":false,"footnotes":""},"categories":[101],"tags":[7872,7873],"class_list":["post-120532","post","type-post","status-publish","format-standard","has-post-thumbnail","hentry","category-kesfet","tag-karantina-kitabi-fiyati","tag-karantina-kitabi-kac-bolum"],"_links":{"self":[{"href":"https:\/\/www.tgrthaber.com\/mavikadin\/wp-json\/wp\/v2\/posts\/120532"}],"collection":[{"href":"https:\/\/www.tgrthaber.com\/mavikadin\/wp-json\/wp\/v2\/posts"}],"about":[{"href":"https:\/\/www.tgrthaber.com\/mavikadin\/wp-json\/wp\/v2\/types\/post"}],"author":[{"embeddable":true,"href":"https:\/\/www.tgrthaber.com\/mavikadin\/wp-json\/wp\/v2\/users\/16"}],"replies":[{"embeddable":true,"href":"https:\/\/www.tgrthaber.com\/mavikadin\/wp-json\/wp\/v2\/comments?post=120532"}],"version-history":[{"count":1,"href":"https:\/\/www.tgrthaber.com\/mavikadin\/wp-json\/wp\/v2\/posts\/120532\/revisions"}],"predecessor-version":[{"id":120559,"href":"https:\/\/www.tgrthaber.com\/mavikadin\/wp-json\/wp\/v2\/posts\/120532\/revisions\/120559"}],"wp:featuredmedia":[{"embeddable":true,"href":"https:\/\/www.tgrthaber.com\/mavikadin\/wp-json\/wp\/v2\/media\/120555"}],"wp:attachment":[{"href":"https:\/\/www.tgrthaber.com\/mavikadin\/wp-json\/wp\/v2\/media?parent=120532"}],"wp:term":[{"taxonomy":"category","embeddable":true,"href":"https:\/\/www.tgrthaber.com\/mavikadin\/wp-json\/wp\/v2\/categories?post=120532"},{"taxonomy":"post_tag","embeddable":true,"href":"https:\/\/www.tgrthaber.com\/mavikadin\/wp-json\/wp\/v2\/tags?post=120532"}],"curies":[{"name":"wp","href":"https:\/\/api.w.org\/{rel}","templated":true}]}}