{"id":120627,"date":"2025-01-12T21:18:38","date_gmt":"2025-01-12T18:18:38","guid":{"rendered":"https:\/\/www.tgrthaber.com\/mavikadin\/?p=120627"},"modified":"2025-01-12T21:38:10","modified_gmt":"2025-01-12T18:38:10","slug":"cagla-sikelin-sevgilisi-kimdir-kac-yasinda-iste-ilk-aciklama","status":"publish","type":"post","link":"https:\/\/www.tgrthaber.com\/mavikadin\/cagla-sikelin-sevgilisi-kimdir-kac-yasinda-iste-ilk-aciklama\/","title":{"rendered":"\u00c7a\u011fla \u015e\u0131kel&#8217;in sevgilisi kimdir, ka\u00e7 ya\u015f\u0131nda? \u0130\u015fte ilk a\u00e7\u0131klama"},"content":{"rendered":"<p>\u00c7a\u011fla \u015e\u0131kel, yeni bir a\u015fka yelken a\u00e7t\u0131. Sevgilisinin kendisinden 15 ya\u015f k\u00fc\u00e7\u00fck oldu\u011fu haberleri \u00fczerine \u015e\u0131kel&#8217;den a\u00e7\u0131klama geldi. Peki \u00c7a\u011fla \u015e\u0131kel&#8217;in sevgilisi kimdir, ka\u00e7 ya\u015f\u0131nda? \u0130\u015fte ilk a\u00e7\u0131klama&#8230;<\/p>\n<p>Son d\u00f6nemde \u00f6zel hayat\u0131yla magazin g\u00fcndeminde s\u0131k\u00e7a yer alan \u00fcnl\u00fc model ve sunucu \u00c7a\u011fla \u015e\u0131kel, kalbini yeni birine kapt\u0131rd\u0131. 46 ya\u015f\u0131ndaki \u015e\u0131kel, \u00f6zel hayat\u0131n\u0131 gizli tutmay\u0131 tercih etse de ge\u00e7ti\u011fimiz g\u00fcnlerde sevgilisiyle g\u00f6r\u00fcnt\u00fclendi.<\/p>\n<h3>\u00c7A\u011eLA \u015eIKEL&#8217;\u0130N SEVG\u0130L\u0130S\u0130 K\u0130M?<\/h3>\n<p>\u00c7a\u011fla \u015e\u0131kel, kendisinden 15 ya\u015f k\u00fc\u00e7\u00fck oldu\u011fu iddia edilen sevgilisiyle bir kez daha objektiflere tak\u0131ld\u0131. Etiler\u2019de ge\u00e7ti\u011fimiz hafta sevgilisiyle e\u011flenceye \u00e7\u0131kan \u00fcnl\u00fc isim, bir hafta arayla ikinci kez ayn\u0131 ki\u015fiyle g\u00f6r\u00fcnt\u00fclenerek a\u015fk haberlerini do\u011frulam\u0131\u015f oldu. Ancak, \u00c7a\u011fla \u015e\u0131kel, sevgilisini gizli tutmaya devam ediyor ve medyada yer alan a\u015fk iddialar\u0131na ili\u015fkin a\u00e7\u0131klama yapmaktan ka\u00e7\u0131n\u0131yordu.<\/p>\n<p><img loading=\"lazy\" decoding=\"async\" class=\"alignnone wp-image-120638\" src=\"https:\/\/www.tgrthaber.com\/mavikadin\/wp-content\/uploads\/9666-1-2.png\" alt=\"\" width=\"1150\" height=\"683\" title=\"\" srcset=\"https:\/\/www.tgrthaber.com\/mavikadin\/wp-content\/uploads\/9666-1-2.png 926w, https:\/\/www.tgrthaber.com\/mavikadin\/wp-content\/uploads\/9666-1-2-300x178.png 300w, https:\/\/www.tgrthaber.com\/mavikadin\/wp-content\/uploads\/9666-1-2-768x456.png 768w\" sizes=\"(max-width: 1150px) 100vw, 1150px\" \/><\/p>\n<h3>\u00c7A\u011eLA \u015eIKEL&#8217;DEN &#8220;15 YA\u015e K\u00dc\u00c7\u00dcK SEVG\u0130L\u0130&#8221; HABERLER\u0130 \u0130LE \u0130LG\u0130L\u0130 A\u00c7IKLAMA<\/h3>\n<p>\u00c7a\u011fla \u015e\u0131kel, sevgilisiyle ilgili \u00e7\u0131kan &#8220;15 ya\u015f k\u00fc\u00e7\u00fck&#8221; haberlerine dair a\u00e7\u0131klama yaparak bu konuda \u015fa\u015fk\u0131nl\u0131k yaratt\u0131. \u00dcnl\u00fc sunucu, \u201cE\u011fer 15 ya\u015f k\u00fc\u00e7\u00fckse benim 60 olmam gerekiyor\u201d diyerek &#8220;Hi\u00e7bir \u015fekilde ara\u015ft\u0131rmadan sormadan 15 ya\u015f k\u00fc\u00e7\u00fck sevgilisi yazmak ne kadar kolay de\u011fil mi? E\u011fer 15 ya\u015f k\u00fc\u00e7\u00fckse benim 60 olmam gerekiyor&#8221; ifadelerini kulland\u0131.<\/p>\n<p><img loading=\"lazy\" decoding=\"async\" class=\"alignnone wp-image-120634\" src=\"https:\/\/www.tgrthaber.com\/mavikadin\/wp-content\/uploads\/Yeni-Proje-31-4.jpg\" alt=\"\" width=\"1144\" height=\"644\" title=\"\" srcset=\"https:\/\/www.tgrthaber.com\/mavikadin\/wp-content\/uploads\/Yeni-Proje-31-4.jpg 1208w, https:\/\/www.tgrthaber.com\/mavikadin\/wp-content\/uploads\/Yeni-Proje-31-4-300x169.jpg 300w, https:\/\/www.tgrthaber.com\/mavikadin\/wp-content\/uploads\/Yeni-Proje-31-4-1024x576.jpg 1024w, https:\/\/www.tgrthaber.com\/mavikadin\/wp-content\/uploads\/Yeni-Proje-31-4-768x432.jpg 768w\" sizes=\"(max-width: 1144px) 100vw, 1144px\" \/><\/p>\n<h3>\u00c7A\u011eLA \u015eIKEL A\u015eK ORUCUNU BOZDU<\/h3>\n<p>2008 y\u0131l\u0131nda Emre Altu\u011f ile evlenip, 2014&#8217;te bo\u015fanma karar\u0131 alarak uzun bir s\u00fcre yaln\u0131zca \u00e7ocuklar\u0131 Kuzey ve Uzay ile g\u00fcndeme gelen \u00c7a\u011fla \u015e\u0131kel, son zamanlarda a\u015fk hayat\u0131 ile de dikkat \u00e7ekiyor. Uzun bir aran\u0131n ard\u0131ndan 2022&#8217;de avukat Nail G\u00f6nenli ile ya\u015fad\u0131\u011f\u0131 a\u015fkla g\u00fcndeme gelmi\u015f, ancak bu ili\u015fki birka\u00e7 ay sonra &#8220;arkada\u015f\u00e7a&#8221; son bulmu\u015ftu.<\/p>\n<p><img loading=\"lazy\" decoding=\"async\" class=\"alignnone wp-image-120639\" src=\"https:\/\/www.tgrthaber.com\/mavikadin\/wp-content\/uploads\/333-4-1.png\" alt=\"\" width=\"1148\" height=\"566\" title=\"\" srcset=\"https:\/\/www.tgrthaber.com\/mavikadin\/wp-content\/uploads\/333-4-1.png 878w, https:\/\/www.tgrthaber.com\/mavikadin\/wp-content\/uploads\/333-4-1-300x148.png 300w, https:\/\/www.tgrthaber.com\/mavikadin\/wp-content\/uploads\/333-4-1-768x379.png 768w\" sizes=\"(max-width: 1148px) 100vw, 1148px\" \/><\/p>\n<p>Ancak \u015e\u0131kel&#8217;in a\u015fk hayat\u0131, ge\u00e7ti\u011fimiz gece yeniden g\u00fcndeme geldi. Etiler\u2019de gizemli bir gen\u00e7 erkekle g\u00f6r\u00fcnt\u00fclenen \u00fcnl\u00fc sunucu, bu sefer kimli\u011fini gizlemekte ba\u015far\u0131l\u0131 olamad\u0131. Kuru\u00e7e\u015fme\u2019deki bir mekan \u00e7\u0131k\u0131\u015f\u0131nda, ayn\u0131 araca binen \u00c7a\u011fla \u015e\u0131kel ve yan\u0131ndaki beyefendi g\u00f6r\u00fcnt\u00fclenmekten ka\u00e7amad\u0131. \u00c7ift, g\u00f6r\u00fcnt\u00fc vermemek i\u00e7in b\u00fcy\u00fck bir \u00e7aba sarf etse de bu \u00f6zel anlar kameralar\u0131n objektiflerine yans\u0131d\u0131.<\/p>\n<p><img loading=\"lazy\" decoding=\"async\" class=\"alignnone  wp-image-120641\" src=\"https:\/\/www.tgrthaber.com\/mavikadin\/wp-content\/uploads\/Ekran-goruntusu-2025-01-12-213741.png\" alt=\"\" width=\"1149\" height=\"1852\" title=\"\" srcset=\"https:\/\/www.tgrthaber.com\/mavikadin\/wp-content\/uploads\/Ekran-goruntusu-2025-01-12-213741.png 451w, https:\/\/www.tgrthaber.com\/mavikadin\/wp-content\/uploads\/Ekran-goruntusu-2025-01-12-213741-186x300.png 186w\" sizes=\"(max-width: 1149px) 100vw, 1149px\" \/><\/p>\n","protected":false},"excerpt":{"rendered":"<p>\u00c7a\u011fla \u015e\u0131kel, yeni bir a\u015fka yelken a\u00e7t\u0131. Sevgilisinin kendisinden 15 ya\u015f k\u00fc\u00e7\u00fck oldu\u011fu haberleri \u00fczerine \u015e\u0131kel&#8217;den a\u00e7\u0131klama geldi. Peki \u00c7a\u011fla \u015e\u0131kel&#8217;in sevgilisi kimdir, ka\u00e7 ya\u015f\u0131nda? \u0130\u015fte \u00c7a\u011fla \u015e\u0131kel&#8217;den sevgilisiyle \u00e7\u0131kan haberler hakk\u0131nda ilk a\u00e7\u0131klama&#8230;<\/p>\n","protected":false},"author":4,"featured_media":120628,"comment_status":"closed","ping_status":"closed","sticky":false,"template":"","format":"standard","meta":{"rank_math_lock_modified_date":false,"footnotes":""},"categories":[76],"tags":[2584],"class_list":["post-120627","post","type-post","status-publish","format-standard","has-post-thumbnail","hentry","category-magazin","tag-cagla-sikel"],"_links":{"self":[{"href":"https:\/\/www.tgrthaber.com\/mavikadin\/wp-json\/wp\/v2\/posts\/120627"}],"collection":[{"href":"https:\/\/www.tgrthaber.com\/mavikadin\/wp-json\/wp\/v2\/posts"}],"about":[{"href":"https:\/\/www.tgrthaber.com\/mavikadin\/wp-json\/wp\/v2\/types\/post"}],"author":[{"embeddable":true,"href":"https:\/\/www.tgrthaber.com\/mavikadin\/wp-json\/wp\/v2\/users\/4"}],"replies":[{"embeddable":true,"href":"https:\/\/www.tgrthaber.com\/mavikadin\/wp-json\/wp\/v2\/comments?post=120627"}],"version-history":[{"count":5,"href":"https:\/\/www.tgrthaber.com\/mavikadin\/wp-json\/wp\/v2\/posts\/120627\/revisions"}],"predecessor-version":[{"id":120642,"href":"https:\/\/www.tgrthaber.com\/mavikadin\/wp-json\/wp\/v2\/posts\/120627\/revisions\/120642"}],"wp:featuredmedia":[{"embeddable":true,"href":"https:\/\/www.tgrthaber.com\/mavikadin\/wp-json\/wp\/v2\/media\/120628"}],"wp:attachment":[{"href":"https:\/\/www.tgrthaber.com\/mavikadin\/wp-json\/wp\/v2\/media?parent=120627"}],"wp:term":[{"taxonomy":"category","embeddable":true,"href":"https:\/\/www.tgrthaber.com\/mavikadin\/wp-json\/wp\/v2\/categories?post=120627"},{"taxonomy":"post_tag","embeddable":true,"href":"https:\/\/www.tgrthaber.com\/mavikadin\/wp-json\/wp\/v2\/tags?post=120627"}],"curies":[{"name":"wp","href":"https:\/\/api.w.org\/{rel}","templated":true}]}}