{"id":120651,"date":"2025-01-12T22:02:55","date_gmt":"2025-01-12T19:02:55","guid":{"rendered":"https:\/\/www.tgrthaber.com\/mavikadin\/?p=120651"},"modified":"2025-01-12T22:02:55","modified_gmt":"2025-01-12T19:02:55","slug":"secil-gurden-sok-eden-aciklama-unlu-biri-tarafindan-7-aydir-rahatsiz-ediliyorum","status":"publish","type":"post","link":"https:\/\/www.tgrthaber.com\/mavikadin\/secil-gurden-sok-eden-aciklama-unlu-biri-tarafindan-7-aydir-rahatsiz-ediliyorum\/","title":{"rendered":"Se\u00e7il G\u00fcr&#8217;den \u015fok eden a\u00e7\u0131klama: &#8216;\u00dcnl\u00fc biri taraf\u0131ndan 7 ayd\u0131r rahats\u0131z ediliyorum!&#8217;"},"content":{"rendered":"<p>\u015eark\u0131c\u0131 Se\u00e7il G\u00fcr, 7 ayd\u0131r s\u00f6zl\u00fc, yaz\u0131l\u0131 ve hatta fiziksel olarak tacize u\u011frad\u0131\u011f\u0131n\u0131 duyurdu. Bu ki\u015finin geni\u015f bir \u00e7evre taraf\u0131ndan tan\u0131nd\u0131\u011f\u0131n\u0131 belirten G\u00fcr, &#8220;Pazartesi g\u00fcn\u00fc t\u00fcm hukuki haklar\u0131m\u0131 kullanarak elimdeki t\u00fcm kan\u0131tlarla mahkemeye ba\u015fvuraca\u011f\u0131m&#8221; \u015feklinde konu\u015ftu.<\/p>\n<h3>SE\u00c7\u0130L G\u00dcR&#8217;DEN \u015eOK EDEN A\u00c7IKLAMA<\/h3>\n<p>\u00c7ok \u00fcnl\u00fc bir isim taraf\u0131ndan uzun zamand\u0131r taciz edildi\u011fini a\u00e7\u0131klayan Se\u00e7il G\u00fcr, \u015fimdiye kadar ailesi i\u00e7in sessiz kald\u0131\u011f\u0131n\u0131 fakat art\u0131k bu duruma daha fazla tahamm\u00fcl edemedi\u011fini belirterek a\u00e7\u0131klamas\u0131nda \u015fu s\u00f6zleri kulland\u0131: &#8220;7 ayd\u0131r bilin\u00e7siz bir ki\u015fi taraf\u0131ndan rahats\u0131z ediliyorum. Hem s\u00f6zl\u00fc hem yaz\u0131l\u0131, hatta fiziksel olarak&#8230; Bu konu hakk\u0131nda uzun s\u00fcre sayg\u0131m\u0131 korumaya gayret ettim \u00e7\u00fcnk\u00fc bu ki\u015fi, hayat\u0131ma yakla\u015f\u0131k 5-6 ay dahil etti\u011fim bir insand\u0131. Yapm\u0131\u015f oldu\u011fu t\u00fcm ahlaks\u0131z ve k\u0131\u015fk\u0131rt\u0131c\u0131 hareketlere ra\u011fmen bu zamana kadar sessiz kalmam, kendim ve \u00f6zellikle ailem i\u00e7in olu\u015fturdu\u011fum bir savunma duvar\u0131yd\u0131. Fakat bu ki\u015fi durmaya niyetli de\u011fil.&#8221;<\/p>\n<hr \/>\n<div style=\"width: 640px;\" class=\"wp-video\"><!--[if lt IE 9]><script>document.createElement('video');<\/script><![endif]-->\n<video class=\"wp-video-shortcode\" id=\"video-120651-1\" width=\"640\" height=\"1138\" preload=\"metadata\" controls=\"controls\"><source type=\"video\/mp4\" src=\"https:\/\/www.tgrthaber.com\/mavikadin\/wp-content\/uploads\/secilgur.mp4?_=1\" \/><a href=\"https:\/\/www.tgrthaber.com\/mavikadin\/wp-content\/uploads\/secilgur.mp4\">https:\/\/www.tgrthaber.com\/mavikadin\/wp-content\/uploads\/secilgur.mp4<\/a><\/video><\/div>\n<h3>&#8220;PAZARTES\u0130 G\u00dcN\u00dc MAHKEMEYE BA\u015eVURACA\u011eIM&#8221;<\/h3>\n<p>&#8220;Pazartesi g\u00fcn\u00fc b\u00fct\u00fcn hukuki haklar\u0131m\u0131 kullanarak elimdeki t\u00fcm kan\u0131tlarla dava a\u00e7aca\u011f\u0131m&#8221; diyen Se\u00e7il G\u00fcr, son olarak s\u00f6zlerini; &#8220;Baz\u0131 ki\u015filer var ki, arkada\u015flar aram\u0131zda normal gibi g\u00f6z\u00fck\u00fcp asl\u0131nda hi\u00e7 de normal olmayan&#8230; Allah, herkesi k\u00f6t\u00fc insanlardan muhafaza etsin ve Allah, herkesi iyi insanlarla kar\u015f\u0131la\u015ft\u0131rs\u0131n&#8221; \u015feklinde tamamlad\u0131.<\/p>\n<hr \/>\n<p><img loading=\"lazy\" decoding=\"async\" class=\"alignnone size-full wp-image-120663\" src=\"https:\/\/www.tgrthaber.com\/mavikadin\/wp-content\/uploads\/fvd-Kurtarildi-7.jpg\" alt=\"\" width=\"1280\" height=\"680\" title=\"\" srcset=\"https:\/\/www.tgrthaber.com\/mavikadin\/wp-content\/uploads\/fvd-Kurtarildi-7.jpg 1280w, https:\/\/www.tgrthaber.com\/mavikadin\/wp-content\/uploads\/fvd-Kurtarildi-7-300x159.jpg 300w, https:\/\/www.tgrthaber.com\/mavikadin\/wp-content\/uploads\/fvd-Kurtarildi-7-1024x544.jpg 1024w, https:\/\/www.tgrthaber.com\/mavikadin\/wp-content\/uploads\/fvd-Kurtarildi-7-768x408.jpg 768w\" sizes=\"(max-width: 1280px) 100vw, 1280px\" \/><\/p>\n","protected":false},"excerpt":{"rendered":"<p>Se\u00e7il G\u00fcr, 7 ayd\u0131r \u00e7ok \u00fcnl\u00fc bir isim taraf\u0131ndan s\u00f6zl\u00fc, yaz\u0131l\u0131 ve fiziksel olarak taciz edildi\u011fini duyurdu. <\/p>\n","protected":false},"author":2,"featured_media":120662,"comment_status":"closed","ping_status":"closed","sticky":false,"template":"","format":"standard","meta":{"rank_math_lock_modified_date":false,"footnotes":""},"categories":[76],"tags":[133,2218,1321],"class_list":["post-120651","post","type-post","status-publish","format-standard","has-post-thumbnail","hentry","category-magazin","tag-magazin","tag-magazin-haberleri","tag-secil-gur"],"_links":{"self":[{"href":"https:\/\/www.tgrthaber.com\/mavikadin\/wp-json\/wp\/v2\/posts\/120651"}],"collection":[{"href":"https:\/\/www.tgrthaber.com\/mavikadin\/wp-json\/wp\/v2\/posts"}],"about":[{"href":"https:\/\/www.tgrthaber.com\/mavikadin\/wp-json\/wp\/v2\/types\/post"}],"author":[{"embeddable":true,"href":"https:\/\/www.tgrthaber.com\/mavikadin\/wp-json\/wp\/v2\/users\/2"}],"replies":[{"embeddable":true,"href":"https:\/\/www.tgrthaber.com\/mavikadin\/wp-json\/wp\/v2\/comments?post=120651"}],"version-history":[{"count":2,"href":"https:\/\/www.tgrthaber.com\/mavikadin\/wp-json\/wp\/v2\/posts\/120651\/revisions"}],"predecessor-version":[{"id":120666,"href":"https:\/\/www.tgrthaber.com\/mavikadin\/wp-json\/wp\/v2\/posts\/120651\/revisions\/120666"}],"wp:featuredmedia":[{"embeddable":true,"href":"https:\/\/www.tgrthaber.com\/mavikadin\/wp-json\/wp\/v2\/media\/120662"}],"wp:attachment":[{"href":"https:\/\/www.tgrthaber.com\/mavikadin\/wp-json\/wp\/v2\/media?parent=120651"}],"wp:term":[{"taxonomy":"category","embeddable":true,"href":"https:\/\/www.tgrthaber.com\/mavikadin\/wp-json\/wp\/v2\/categories?post=120651"},{"taxonomy":"post_tag","embeddable":true,"href":"https:\/\/www.tgrthaber.com\/mavikadin\/wp-json\/wp\/v2\/tags?post=120651"}],"curies":[{"name":"wp","href":"https:\/\/api.w.org\/{rel}","templated":true}]}}