{"id":120698,"date":"2025-01-12T22:50:04","date_gmt":"2025-01-12T19:50:04","guid":{"rendered":"https:\/\/www.tgrthaber.com\/mavikadin\/?p=120698"},"modified":"2025-01-13T15:07:33","modified_gmt":"2025-01-13T12:07:33","slug":"elcin-sangu-birsen-altuntasa-sosyal-medyadan-parmak-salladi-yarin-ifsa-edecegim","status":"publish","type":"post","link":"https:\/\/www.tgrthaber.com\/mavikadin\/elcin-sangu-birsen-altuntasa-sosyal-medyadan-parmak-salladi-yarin-ifsa-edecegim\/","title":{"rendered":"El\u00e7in Sangu Birsen Altunta\u015f&#8217;a sosyal medyadan parmak sallad\u0131! \u2018Yar\u0131n if\u015fa edece\u011fim\u2019"},"content":{"rendered":"<p>Uzun s\u00fcredir g\u00fcndemi me\u015fgul eden dizi sekt\u00f6r\u00fcndeki &#8216;tekelle\u015fme&#8217; su\u00e7lamalar\u0131yla ilgili kapsaml\u0131 bir analiz payla\u015fan El\u00e7in Sangu, payla\u015f\u0131m\u0131n\u0131 yapt\u0131ktan k\u0131sa bir s\u00fcre sonra X platformundan \u00e7\u0131kamaz hale geldi.\u00a0\u0130lk olarak Rasim Ozan K\u00fctahyal\u0131 ile tart\u0131\u015fmaya giren Sangu, hemen ard\u0131ndan Birsen Altunta\u015f ile de ate\u015fli bir m\u00fcnaka\u015fan\u0131n i\u00e7ine d\u00fc\u015ft\u00fc. \u00dcnl\u00fc isim, Birsen Altunta\u015f&#8217;a sosyal medyadan parmak sallad\u0131.<\/p>\n<h3>EL\u00c7\u0130N SANGU B\u0130RSEN ALTUNTA\u015e&#8217;A SOSYAL MEDYADAN PARMAK SALLADI<\/h3>\n<p>Menajer gerilimi t\u00fcm h\u0131z\u0131yla s\u00fcrerken, konuya dahil olan El\u00e7in Sangu, yapt\u0131\u011f\u0131 sosyal medya payla\u015f\u0131mlar\u0131yla Birsen Altuna\u015f&#8217;\u0131n tepkisine neden oldu. Altunta\u015f&#8217;a cevap vermekte gecikmeyen Sangu, \u00fcnl\u00fc gazeteciye adeta parmak sallad\u0131. \u0130lk ad\u0131m\u0131 atan ki\u015fi Birsen Altunta\u015f oldu ancak tart\u0131\u015fma b\u00fcy\u00fcd\u00fck\u00e7e b\u00fcy\u00fcd\u00fc ve herkesin dikkatle izledi\u011fi b\u00fcy\u00fck bir \u00e7eki\u015fmeye d\u00f6n\u00fc\u015ft\u00fc.<\/p>\n<h3>B\u0130RB\u0130RLER\u0130NE G\u0130RD\u0130LER<\/h3>\n<p>Ge\u00e7ti\u011fimiz saatlerde, g\u00fcnlerdir dinmek bilmeyen dizi sekt\u00f6r\u00fcndeki &#8220;tekelle\u015fme&#8221; tart\u0131\u015fmas\u0131na El\u00e7in Sangu da kat\u0131lm\u0131\u015ft\u0131. El\u00e7in Sangu&#8217;nun ID \u0130leti\u015fim, Ay\u015fe Bar\u0131m ve Serenay Sar\u0131kaya&#8217;n\u0131n \u00f6n planda oldu\u011fu tekelle\u015fme iddialar\u0131na dair yapt\u0131\u011f\u0131 analiz, g\u00fcndeme adeta bomba gibi d\u00fc\u015ft\u00fc. Hatta ard\u0131ndan Rasim Ozan K\u00fctahyal\u0131&#8217;ya da ince bir g\u00f6ndermede bulundu. Son dakika geli\u015fmesi olarak ise, Farah Zeynep Abdullah&#8217;la ya\u015fad\u0131\u011f\u0131 polemiklerle tan\u0131nan gazeteci Birsen Altunta\u015f da bu tart\u0131\u015fmaya dahil oldu.<\/p>\n<hr \/>\n<p>\u0130lk hamleyi yapan Birsen Altunta\u015f&#8217;t\u0131.<\/p>\n<p><img loading=\"lazy\" decoding=\"async\" class=\"alignnone size-full wp-image-120712\" src=\"https:\/\/www.tgrthaber.com\/mavikadin\/wp-content\/uploads\/fvd-Kurtarildier-1.jpg\" alt=\"\" width=\"1280\" height=\"680\" title=\"\" srcset=\"https:\/\/www.tgrthaber.com\/mavikadin\/wp-content\/uploads\/fvd-Kurtarildier-1.jpg 1280w, https:\/\/www.tgrthaber.com\/mavikadin\/wp-content\/uploads\/fvd-Kurtarildier-1-300x159.jpg 300w, https:\/\/www.tgrthaber.com\/mavikadin\/wp-content\/uploads\/fvd-Kurtarildier-1-1024x544.jpg 1024w, https:\/\/www.tgrthaber.com\/mavikadin\/wp-content\/uploads\/fvd-Kurtarildier-1-768x408.jpg 768w\" sizes=\"(max-width: 1280px) 100vw, 1280px\" \/><\/p>\n<p>Altunta\u015f&#8217;\u0131n yorumunu g\u00f6ren El\u00e7in Sangu da geri durmad\u0131.<\/p>\n<p><img loading=\"lazy\" decoding=\"async\" class=\"alignnone size-full wp-image-120713\" src=\"https:\/\/www.tgrthaber.com\/mavikadin\/wp-content\/uploads\/fvd-Kurtarildicv.jpg\" alt=\"\" width=\"1280\" height=\"680\" title=\"\" srcset=\"https:\/\/www.tgrthaber.com\/mavikadin\/wp-content\/uploads\/fvd-Kurtarildicv.jpg 1280w, https:\/\/www.tgrthaber.com\/mavikadin\/wp-content\/uploads\/fvd-Kurtarildicv-300x159.jpg 300w, https:\/\/www.tgrthaber.com\/mavikadin\/wp-content\/uploads\/fvd-Kurtarildicv-1024x544.jpg 1024w, https:\/\/www.tgrthaber.com\/mavikadin\/wp-content\/uploads\/fvd-Kurtarildicv-768x408.jpg 768w\" sizes=\"(max-width: 1280px) 100vw, 1280px\" \/><\/p>\n<p>O s\u0131rada ortam iyice gerildi. \u00d6nce hem Farah&#8217;a hem de El\u00e7in Sangu&#8217;ya &#8220;rol kap\u0131yorsunuz ama i\u015finiz rol yapmak de\u011fil, almak&#8221; \u015feklinde tepki g\u00f6sterdi.<\/p>\n<p><img loading=\"lazy\" decoding=\"async\" class=\"alignnone size-full wp-image-120715\" src=\"https:\/\/www.tgrthaber.com\/mavikadin\/wp-content\/uploads\/fvd-Kurtarildisd.jpg\" alt=\"\" width=\"1280\" height=\"680\" title=\"\" srcset=\"https:\/\/www.tgrthaber.com\/mavikadin\/wp-content\/uploads\/fvd-Kurtarildisd.jpg 1280w, https:\/\/www.tgrthaber.com\/mavikadin\/wp-content\/uploads\/fvd-Kurtarildisd-300x159.jpg 300w, https:\/\/www.tgrthaber.com\/mavikadin\/wp-content\/uploads\/fvd-Kurtarildisd-1024x544.jpg 1024w, https:\/\/www.tgrthaber.com\/mavikadin\/wp-content\/uploads\/fvd-Kurtarildisd-768x408.jpg 768w\" sizes=\"(max-width: 1280px) 100vw, 1280px\" \/><\/p>\n<p>&#8220;Ba\u015f\u0131m\u0131z \u015fi\u015fti, bo\u015f yapmay\u0131n&#8221; diyerek devam etti ve ard\u0131ndan direkt olarak El\u00e7in Sangu&#8217;ya &#8220;Buradaki iki ergenden aferin alacaks\u0131n diye daha fazla sa\u00e7malama&#8221; uyar\u0131s\u0131n\u0131 yapt\u0131.<\/p>\n<p><img loading=\"lazy\" decoding=\"async\" class=\"alignnone size-full wp-image-120714\" src=\"https:\/\/www.tgrthaber.com\/mavikadin\/wp-content\/uploads\/fvd-Kurtarildiqwe.jpg\" alt=\"\" width=\"1280\" height=\"680\" title=\"\" srcset=\"https:\/\/www.tgrthaber.com\/mavikadin\/wp-content\/uploads\/fvd-Kurtarildiqwe.jpg 1280w, https:\/\/www.tgrthaber.com\/mavikadin\/wp-content\/uploads\/fvd-Kurtarildiqwe-300x159.jpg 300w, https:\/\/www.tgrthaber.com\/mavikadin\/wp-content\/uploads\/fvd-Kurtarildiqwe-1024x544.jpg 1024w, https:\/\/www.tgrthaber.com\/mavikadin\/wp-content\/uploads\/fvd-Kurtarildiqwe-768x408.jpg 768w\" sizes=\"(max-width: 1280px) 100vw, 1280px\" \/><\/p>\n<p>Yetmedi, y\u0131llar \u00f6nce kula\u011f\u0131na gelen bir iddiay\u0131 da Sangu&#8217;nun \u00fczerine at\u0131verdi. El\u00e7in Sangu&#8217;nun o soruyu cevaps\u0131z b\u0131rakmayaca\u011f\u0131 belli oldu ve Sangu, &#8220;Yar\u0131n sana k\u00fc\u00e7\u00fck bir s\u00fcrprizim var, beklemede kal&#8221; diyerek Altunta\u015f&#8217;\u0131 etiketledi. Ayr\u0131ca &#8220;nas\u0131l at\u0131p tuttu\u011funu ni\u015fane olarak aln\u0131na yap\u0131\u015ft\u0131raca\u011f\u0131m&#8221; diyerek tehditte bulundu.<\/p>\n<p><img loading=\"lazy\" decoding=\"async\" class=\"alignnone size-full wp-image-120716\" src=\"https:\/\/www.tgrthaber.com\/mavikadin\/wp-content\/uploads\/fvd-Kurtarildisdf.jpg\" alt=\"\" width=\"1280\" height=\"680\" title=\"\" srcset=\"https:\/\/www.tgrthaber.com\/mavikadin\/wp-content\/uploads\/fvd-Kurtarildisdf.jpg 1280w, https:\/\/www.tgrthaber.com\/mavikadin\/wp-content\/uploads\/fvd-Kurtarildisdf-300x159.jpg 300w, https:\/\/www.tgrthaber.com\/mavikadin\/wp-content\/uploads\/fvd-Kurtarildisdf-1024x544.jpg 1024w, https:\/\/www.tgrthaber.com\/mavikadin\/wp-content\/uploads\/fvd-Kurtarildisdf-768x408.jpg 768w\" sizes=\"(max-width: 1280px) 100vw, 1280px\" \/><\/p>\n<p><img loading=\"lazy\" decoding=\"async\" class=\"alignnone size-full wp-image-120717\" src=\"https:\/\/www.tgrthaber.com\/mavikadin\/wp-content\/uploads\/fvd-g.jpg\" alt=\"\" width=\"1280\" height=\"680\" title=\"\" srcset=\"https:\/\/www.tgrthaber.com\/mavikadin\/wp-content\/uploads\/fvd-g.jpg 1280w, https:\/\/www.tgrthaber.com\/mavikadin\/wp-content\/uploads\/fvd-g-300x159.jpg 300w, https:\/\/www.tgrthaber.com\/mavikadin\/wp-content\/uploads\/fvd-g-1024x544.jpg 1024w, https:\/\/www.tgrthaber.com\/mavikadin\/wp-content\/uploads\/fvd-g-768x408.jpg 768w\" sizes=\"(max-width: 1280px) 100vw, 1280px\" \/><\/p>\n","protected":false},"excerpt":{"rendered":"<p>Menejer kaosuna kat\u0131larak \u00e7arp\u0131c\u0131 a\u00e7\u0131klamalarda bulunan oyuncu El\u00e7in Sangu, gazeteci Birsen Altunta\u015f&#8217;\u0131n ele\u015ftirilerine maruz kald\u0131. X hesaplar\u0131ndan birbirlerine cevap veren iki \u00fcnl\u00fc isim adeta birbirine girdi. Sangu, Altunta\u015f&#8217;a parmak sallad\u0131.<\/p>\n","protected":false},"author":2,"featured_media":120719,"comment_status":"closed","ping_status":"closed","sticky":false,"template":"","format":"standard","meta":{"rank_math_lock_modified_date":false,"footnotes":""},"categories":[76],"tags":[7462,7564,2333,133,2218],"class_list":["post-120698","post","type-post","status-publish","format-standard","has-post-thumbnail","hentry","category-magazin","tag-ayse-barim","tag-birsen-altuntas","tag-elcin-sangu","tag-magazin","tag-magazin-haberleri"],"_links":{"self":[{"href":"https:\/\/www.tgrthaber.com\/mavikadin\/wp-json\/wp\/v2\/posts\/120698"}],"collection":[{"href":"https:\/\/www.tgrthaber.com\/mavikadin\/wp-json\/wp\/v2\/posts"}],"about":[{"href":"https:\/\/www.tgrthaber.com\/mavikadin\/wp-json\/wp\/v2\/types\/post"}],"author":[{"embeddable":true,"href":"https:\/\/www.tgrthaber.com\/mavikadin\/wp-json\/wp\/v2\/users\/2"}],"replies":[{"embeddable":true,"href":"https:\/\/www.tgrthaber.com\/mavikadin\/wp-json\/wp\/v2\/comments?post=120698"}],"version-history":[{"count":3,"href":"https:\/\/www.tgrthaber.com\/mavikadin\/wp-json\/wp\/v2\/posts\/120698\/revisions"}],"predecessor-version":[{"id":120923,"href":"https:\/\/www.tgrthaber.com\/mavikadin\/wp-json\/wp\/v2\/posts\/120698\/revisions\/120923"}],"wp:featuredmedia":[{"embeddable":true,"href":"https:\/\/www.tgrthaber.com\/mavikadin\/wp-json\/wp\/v2\/media\/120719"}],"wp:attachment":[{"href":"https:\/\/www.tgrthaber.com\/mavikadin\/wp-json\/wp\/v2\/media?parent=120698"}],"wp:term":[{"taxonomy":"category","embeddable":true,"href":"https:\/\/www.tgrthaber.com\/mavikadin\/wp-json\/wp\/v2\/categories?post=120698"},{"taxonomy":"post_tag","embeddable":true,"href":"https:\/\/www.tgrthaber.com\/mavikadin\/wp-json\/wp\/v2\/tags?post=120698"}],"curies":[{"name":"wp","href":"https:\/\/api.w.org\/{rel}","templated":true}]}}