{"id":120775,"date":"2025-01-13T00:15:02","date_gmt":"2025-01-12T21:15:02","guid":{"rendered":"https:\/\/www.tgrthaber.com\/mavikadin\/?p=120775"},"modified":"2025-01-13T00:15:02","modified_gmt":"2025-01-12T21:15:02","slug":"teskilat-dizisinde-sok-ayrilik-suavi-eren-ender-yalcindag-karakterine-veda-etti","status":"publish","type":"post","link":"https:\/\/www.tgrthaber.com\/mavikadin\/teskilat-dizisinde-sok-ayrilik-suavi-eren-ender-yalcindag-karakterine-veda-etti\/","title":{"rendered":"Te\u015fkilat dizisinde \u015fok ayr\u0131l\u0131k! Suavi Eren, Ender Yal\u00e7\u0131nda\u011f karakterine veda etti"},"content":{"rendered":"<p>TRT 1 ekranlar\u0131n\u0131n fenomen dizisi Te\u015fkilat, y\u0131lba\u015f\u0131 tatilinin ard\u0131ndan 127. b\u00f6l\u00fcm\u00fcyle izleyicisiyle bulu\u015ftu ve heyecan dolu sahneleriyle nefes kesti. Ancak, yeni b\u00f6l\u00fcme damga vuran bir ayr\u0131l\u0131k haberi, hayranlar\u0131 adeta \u015foka u\u011fratt\u0131. Dizide Altay Y\u00fczba\u015f\u0131&#8217;n\u0131n babas\u0131 Ender Yal\u00e7\u0131nda\u011f karakterini canland\u0131ran usta oyuncu Suavi Eren, projeye veda etti.<\/p>\n<h3>TE\u015eK\u0130LAT D\u0130Z\u0130S\u0130 KADROSUNDA B\u00dcY\u00dcK DE\u011e\u0130\u015e\u0130M<\/h3>\n<p>Her b\u00f6l\u00fcm\u00fcyle aksiyon ve dram y\u00fckl\u00fc sahneler sunan Te\u015fkilat, son b\u00f6l\u00fcm\u00fcyle yine dikkatleri \u00fczerine \u00e7ekti. Dizinin yeni sezonunda kadroya dahil olan Ender Yal\u00e7\u0131nda\u011f karakteri, k\u0131sa s\u00fcrede izleyicilerin be\u011fenisini kazanm\u0131\u015ft\u0131. Ancak Suavi Eren&#8217;in ayr\u0131l\u0131\u011f\u0131, hik\u00e2yede yeni dengelerin olu\u015faca\u011f\u0131n\u0131n sinyallerini verdi.<\/p>\n<p><img loading=\"lazy\" decoding=\"async\" class=\"alignnone size-full wp-image-120779\" src=\"https:\/\/www.tgrthaber.com\/mavikadin\/wp-content\/uploads\/Yeni-Proje-44-4.jpg\" alt=\"\" width=\"1208\" height=\"680\" title=\"\" srcset=\"https:\/\/www.tgrthaber.com\/mavikadin\/wp-content\/uploads\/Yeni-Proje-44-4.jpg 1208w, https:\/\/www.tgrthaber.com\/mavikadin\/wp-content\/uploads\/Yeni-Proje-44-4-300x169.jpg 300w, https:\/\/www.tgrthaber.com\/mavikadin\/wp-content\/uploads\/Yeni-Proje-44-4-1024x576.jpg 1024w, https:\/\/www.tgrthaber.com\/mavikadin\/wp-content\/uploads\/Yeni-Proje-44-4-768x432.jpg 768w\" sizes=\"(max-width: 1208px) 100vw, 1208px\" \/><\/p>\n<hr \/>\n<h3>ERKAN PETEKKAYA, EJDER KARAKTER\u0130YLE D\u0130Z\u0130YE DAH\u0130L OLDU<\/h3>\n<p>Te\u015fkilat dizisinin son b\u00f6l\u00fcmlerinde kadroya dahil olan Erkan Petekkaya, canland\u0131rd\u0131\u011f\u0131 Ejder karakteriyle adeta f\u0131rt\u0131nalar estiriyor. Ejder karakterinin, dizinin dinamiklerini tamamen de\u011fi\u015ftirece\u011fi \u015fimdiden belli olurken, Suavi Eren\u2019in ayr\u0131l\u0131\u011f\u0131yla dizideki gerilim daha da artacak.<\/p>\n<p><img loading=\"lazy\" decoding=\"async\" class=\"alignnone size-full wp-image-120780\" src=\"https:\/\/www.tgrthaber.com\/mavikadin\/wp-content\/uploads\/Yeni-Proje-45-3.jpg\" alt=\"\" width=\"1208\" height=\"680\" title=\"\" srcset=\"https:\/\/www.tgrthaber.com\/mavikadin\/wp-content\/uploads\/Yeni-Proje-45-3.jpg 1208w, https:\/\/www.tgrthaber.com\/mavikadin\/wp-content\/uploads\/Yeni-Proje-45-3-300x169.jpg 300w, https:\/\/www.tgrthaber.com\/mavikadin\/wp-content\/uploads\/Yeni-Proje-45-3-1024x576.jpg 1024w, https:\/\/www.tgrthaber.com\/mavikadin\/wp-content\/uploads\/Yeni-Proje-45-3-768x432.jpg 768w\" sizes=\"(max-width: 1208px) 100vw, 1208px\" \/><\/p>\n<hr \/>\n<h3>ENDER YAL\u00c7INDA\u011e TE\u015eK\u0130LAT&#8217;A VEDA ETT\u0130<\/h3>\n<p>Altay Y\u00fczba\u015f\u0131\u2019n\u0131n hik\u00e2yesinde kritik bir yere sahip olan Ender Yal\u00e7\u0131nda\u011f karakterinin vedas\u0131, dizideki olaylar\u0131n seyrini b\u00fcy\u00fck \u00f6l\u00e7\u00fcde de\u011fi\u015ftirecek. \u00d6zellikle Altay\u2019\u0131n babas\u0131yla ilgili s\u0131rlar\u0131n bir k\u0131sm\u0131 \u00e7\u00f6z\u00fclm\u00fc\u015fken, geride kalan detaylar\u0131n nas\u0131l ortaya \u00e7\u0131kaca\u011f\u0131 merak konusu. Suavi Eren\u2019in ayr\u0131l\u0131\u011f\u0131, Altay\u2019\u0131n yeni stratejiler geli\u015ftirmesine yol a\u00e7acak.<\/p>\n<p><img loading=\"lazy\" decoding=\"async\" class=\"alignnone size-full wp-image-120778\" src=\"https:\/\/www.tgrthaber.com\/mavikadin\/wp-content\/uploads\/Yeni-Proje-43-4.jpg\" alt=\"\" width=\"1208\" height=\"680\" title=\"\" srcset=\"https:\/\/www.tgrthaber.com\/mavikadin\/wp-content\/uploads\/Yeni-Proje-43-4.jpg 1208w, https:\/\/www.tgrthaber.com\/mavikadin\/wp-content\/uploads\/Yeni-Proje-43-4-300x169.jpg 300w, https:\/\/www.tgrthaber.com\/mavikadin\/wp-content\/uploads\/Yeni-Proje-43-4-1024x576.jpg 1024w, https:\/\/www.tgrthaber.com\/mavikadin\/wp-content\/uploads\/Yeni-Proje-43-4-768x432.jpg 768w\" sizes=\"(max-width: 1208px) 100vw, 1208px\" \/><\/p>\n<hr \/>\n<h3>TE\u015eK\u0130LAT YEN\u0130 B\u00d6L\u00dcM\u00dcYLE NEFES KEST\u0130<\/h3>\n<p>Pazar ak\u015famlar\u0131n\u0131n reyting rekortmeni olan Te\u015fkilat, g\u00fc\u00e7l\u00fc oyuncu kadrosu ve s\u00fcr\u00fckleyici hikayesiyle zirvedeki yerini korumaya devam ediyor. Ayb\u00fcke Pusat ve Tolga Sar\u0131ta\u015f ikilisinin m\u00fckemmel uyumuna, usta oyuncu Erkan Petekkaya\u2019n\u0131n eklenmesi diziyi daha da g\u00fc\u00e7lendirdi.<\/p>\n<p><img loading=\"lazy\" decoding=\"async\" class=\"alignnone size-full wp-image-120782\" src=\"https:\/\/www.tgrthaber.com\/mavikadin\/wp-content\/uploads\/Yeni-Proje-46-3.jpg\" alt=\"\" width=\"1208\" height=\"680\" title=\"\" srcset=\"https:\/\/www.tgrthaber.com\/mavikadin\/wp-content\/uploads\/Yeni-Proje-46-3.jpg 1208w, https:\/\/www.tgrthaber.com\/mavikadin\/wp-content\/uploads\/Yeni-Proje-46-3-300x169.jpg 300w, https:\/\/www.tgrthaber.com\/mavikadin\/wp-content\/uploads\/Yeni-Proje-46-3-1024x576.jpg 1024w, https:\/\/www.tgrthaber.com\/mavikadin\/wp-content\/uploads\/Yeni-Proje-46-3-768x432.jpg 768w\" sizes=\"(max-width: 1208px) 100vw, 1208px\" \/><\/p>\n","protected":false},"excerpt":{"rendered":"<p>Te\u015fkilat dizisinde \u015fok ayr\u0131l\u0131k! Suavi Eren, Ender Yal\u00e7\u0131nda\u011f karakterine veda etti. Erkan Petekkaya\u2019n\u0131n Ejder karakteriyle g\u00fc\u00e7l\u00fc bir giri\u015f yapt\u0131\u011f\u0131 dizide dengeler alt \u00fcst oluyor.<\/p>\n","protected":false},"author":4,"featured_media":120784,"comment_status":"closed","ping_status":"closed","sticky":false,"template":"","format":"standard","meta":{"rank_math_lock_modified_date":false,"footnotes":""},"categories":[602],"tags":[7958,7959,840],"class_list":["post-120775","post","type-post","status-publish","format-standard","has-post-thumbnail","hentry","category-diziler","tag-ender-yalcindag","tag-suavi-eren","tag-teskilat"],"_links":{"self":[{"href":"https:\/\/www.tgrthaber.com\/mavikadin\/wp-json\/wp\/v2\/posts\/120775"}],"collection":[{"href":"https:\/\/www.tgrthaber.com\/mavikadin\/wp-json\/wp\/v2\/posts"}],"about":[{"href":"https:\/\/www.tgrthaber.com\/mavikadin\/wp-json\/wp\/v2\/types\/post"}],"author":[{"embeddable":true,"href":"https:\/\/www.tgrthaber.com\/mavikadin\/wp-json\/wp\/v2\/users\/4"}],"replies":[{"embeddable":true,"href":"https:\/\/www.tgrthaber.com\/mavikadin\/wp-json\/wp\/v2\/comments?post=120775"}],"version-history":[{"count":1,"href":"https:\/\/www.tgrthaber.com\/mavikadin\/wp-json\/wp\/v2\/posts\/120775\/revisions"}],"predecessor-version":[{"id":120785,"href":"https:\/\/www.tgrthaber.com\/mavikadin\/wp-json\/wp\/v2\/posts\/120775\/revisions\/120785"}],"wp:featuredmedia":[{"embeddable":true,"href":"https:\/\/www.tgrthaber.com\/mavikadin\/wp-json\/wp\/v2\/media\/120784"}],"wp:attachment":[{"href":"https:\/\/www.tgrthaber.com\/mavikadin\/wp-json\/wp\/v2\/media?parent=120775"}],"wp:term":[{"taxonomy":"category","embeddable":true,"href":"https:\/\/www.tgrthaber.com\/mavikadin\/wp-json\/wp\/v2\/categories?post=120775"},{"taxonomy":"post_tag","embeddable":true,"href":"https:\/\/www.tgrthaber.com\/mavikadin\/wp-json\/wp\/v2\/tags?post=120775"}],"curies":[{"name":"wp","href":"https:\/\/api.w.org\/{rel}","templated":true}]}}